{"id":808,"date":"2022-09-19T13:33:57","date_gmt":"2022-09-19T13:33:57","guid":{"rendered":"https:\/\/anaxis-esg.com\/?p=808"},"modified":"2023-11-23T18:00:49","modified_gmt":"2023-11-23T16:00:49","slug":"anaxis-participe-a-la-declaration-la-plus-ambitieuse-des-investisseurs-aux-gouvernements-sur-le-climat","status":"publish","type":"post","link":"https:\/\/anaxis-am.com\/fr\/anaxis-participe-a-la-declaration-la-plus-ambitieuse-des-investisseurs-aux-gouvernements-sur-le-climat\/","title":{"rendered":"Anaxis participe \u00e0 la d\u00e9claration la plus ambitieuse des investisseurs aux gouvernements sur le climat"},"content":{"rendered":"\n<p>Anaxis a sign\u00e9 la d\u00e9claration 2022 des investisseurs aux gouvernements sur la crise climatique.<\/p>\n\n\n\n<p>Nous sommes conscients que nous nous trouvons \u00e0 un tournant d\u00e9cisif et nous prenons les mesures n\u00e9cessaires pour participer \u00e0 la limitation de l&rsquo;augmentation de la temp\u00e9rature mondiale \u00e0 1,5\u00b0C au-dessus des niveaux pr\u00e9industriels. En amont de la 27e Conf\u00e9rence des Nations unies sur le changement climatique, qui se tiendra en \u00c9gypte en novembre 2022, nous appelons, aux c\u00f4t\u00e9s de centaines d&rsquo;investisseurs du monde entier, les gouvernements \u00e0 inscrire cinq demandes prioritaires en mati\u00e8re de climat dans leur l\u00e9gislation nationale. Des politiques efficaces, conformes \u00e0 la limitation du r\u00e9chauffement climatique \u00e0 1,5\u00b0C maximum, sont essentielles pour acc\u00e9l\u00e9rer et augmenter les flux de capitaux priv\u00e9s n\u00e9cessaires \u00e0 une transition z\u00e9ro \u00e9mission.<\/p>\n\n\n\n<p>Voici le r\u00e9sum\u00e9 des demandes adress\u00e9es aux gouvernements pour 2022 :<\/p>\n\n\n\n<p>&#8211; Veiller \u00e0 ce que les objectifs \u00e0 2030 sur leurs contributions d\u00e9termin\u00e9es au niveau national soient align\u00e9s sur l&rsquo;objectif de limiter la hausse de la temp\u00e9rature mondiale \u00e0 1,5\u00b0C. Si leurs objectifs ne sont pas align\u00e9s, les gouvernements doivent am\u00e9liorer et renforcer leurs objectifs \u00e0 2030 avant la COP27, en tenant compte des diff\u00e9rentes circonstances nationales.<\/p>\n\n\n\n<p>&#8211; Mettre en \u0153uvre des politiques nationales et prendre des mesures rapides pour que leurs \u00e9missions de gaz \u00e0 effet de serre en 2030 soient align\u00e9es sur l&rsquo;objectif de limiter l&rsquo;augmentation de la temp\u00e9rature mondiale \u00e0 1,5\u00b0C. Pour ce faire, les gouvernements devront acc\u00e9l\u00e9rer le d\u00e9veloppement, le d\u00e9ploiement et la diffusion des technologies qui permettent la transition vers une \u00e9conomie \u00e0 z\u00e9ro \u00e9mission, notamment :<\/p>\n\n\n\n<ul class=\"wp-block-list\">\n<li>Garantir la r\u00e9silience et la s\u00e9curit\u00e9 \u00e9nerg\u00e9tique \u00e0 long terme en intensifiant rapidement le d\u00e9ploiement de syst\u00e8mes \u00e9nerg\u00e9tiques \u00e0 faible \u00e9mission de carbone, l&rsquo;\u00e9lectrification, la flexibilit\u00e9 et le stockage, y compris le d\u00e9veloppement d&rsquo;infrastructures habilitantes.<\/li>\n\n\n\n<li>Mettre en \u0153uvre des m\u00e9canismes solides de tarification du carbone, qui augmentent au fil du temps, avec une couverture appropri\u00e9e et les consid\u00e9rations sociales ad\u00e9quates.<\/li>\n\n\n\n<li>Fixer une date limite pour l&rsquo;\u00e9limination progressive de l&rsquo;\u00e9nergie thermique au charbon et des subventions aux combustibles fossiles et \u00e9tablir des plans et des objectifs pour atteindre le pic puis \u00e9liminer progressivement l&rsquo;utilisation d&rsquo;autres combustibles fossiles, conform\u00e9ment \u00e0 des trajectoires cr\u00e9dibles \u00e0 1,5\u00b0C.<\/li>\n\n\n\n<li>D\u00e9velopper des plans de transition transparents et justes impliquant les personnes, les travailleurs et les communaut\u00e9s concern\u00e9s.<\/li>\n\n\n\n<li>Prendre des engagements nouveaux ou plus ambitieux pour mettre fin \u00e0 la d\u00e9forestation dans le monde.<\/li>\n<\/ul>\n\n\n\n<p><\/p>\n\n\n\n<p>&#8211; Contribuer \u00e0 la r\u00e9duction des \u00e9missions de gaz \u00e0 effet de serre autres que le dioxyde de carbone et soutenir la mise en \u0153uvre effective du Global Methane Pledge, qui vise \u00e0 r\u00e9duire les \u00e9missions d&rsquo;au moins 30 % d&rsquo;ici \u00e0 2030 par rapport aux niveaux de 2020.<\/p>\n\n\n\n<p>&#8211; En accord avec les conclusions de la COP26, accro\u00eetre les financements pour le climat de la part des secteurs public et priv\u00e9 pour l&rsquo;att\u00e9nuation, l&rsquo;adaptation et la r\u00e9silience, en pr\u00eatant une attention particuli\u00e8re aux besoins des pays en d\u00e9veloppement.<\/p>\n\n\n\n<p>&#8211; Renforcer la divulgation d&rsquo;informations sur le climat dans l&rsquo;ensemble du syst\u00e8me financier :<\/p>\n\n\n\n<ul class=\"wp-block-list\">\n<li>Publication de rapports obligatoires align\u00e9s sur la TCFD pour les plus grandes entreprises et institutions financi\u00e8res afin de rendre compte des risques et opportunit\u00e9s li\u00e9s au climat, avec une taxonomie mondiale forte.<\/li>\n\n\n\n<li>Pr\u00e9sentation publique de plans de transition climatique align\u00e9s sur la trajectoire de 1,5\u00b0C, bas\u00e9s sur des donn\u00e9es scientifiques et v\u00e9rifiables de mani\u00e8re ind\u00e9pendante, pour les entreprises cot\u00e9es et non cot\u00e9es et les soci\u00e9t\u00e9s de gestion.<\/li>\n\n\n\n<li>Participation \u00e0 la coh\u00e9rence de la r\u00e9glementation financi\u00e8re mondiale dans les domaines de la divulgation obligatoire des risques climatiques et de la surveillance des risques prudentiels, en tant que moteurs des progr\u00e8s n\u00e9cessaires pour faire face aux risques syst\u00e9miques.<\/li>\n<\/ul>\n\n\n\n<p><\/p>\n\n\n\n<p>Pour en savoir plus sur ces demandes, cliquez ici :<br><a href=\"https:\/\/theinvestoragenda.org\/wp-content\/uploads\/2022\/08\/2022-Global-Investor-Statement-.pdf\" target=\"_blank\" rel=\"noreferrer noopener\"><mark style=\"background-color:rgba(0, 0, 0, 0)\" class=\"has-inline-color has-vivid-cyan-blue-color\">https:\/\/theinvestoragenda.org\/wp-content\/uploads\/2022\/08\/2022-Global-Investor-Statement-.pdf<\/mark><\/a><\/p>\n\n\n\n<div style=\"height:30px\" aria-hidden=\"true\" class=\"wp-block-spacer\"><\/div>\n\n\n<div class=\"wp-block-image is-style-rounded\">\n<figure class=\"aligncenter size-large\"><img fetchpriority=\"high\" decoding=\"async\" width=\"1024\" height=\"427\" src=\"https:\/\/www.anaxis-am.com\/wp-content\/uploads\/2023\/10\/Investor-Agenda-1-1024x427.jpg\" alt=\"\" class=\"wp-image-10536\" srcset=\"https:\/\/anaxis-am.com\/wp-content\/uploads\/2023\/10\/Investor-Agenda-1-1024x427.jpg 1024w, https:\/\/anaxis-am.com\/wp-content\/uploads\/2023\/10\/Investor-Agenda-1-300x125.jpg 300w, https:\/\/anaxis-am.com\/wp-content\/uploads\/2023\/10\/Investor-Agenda-1-768x320.jpg 768w, https:\/\/anaxis-am.com\/wp-content\/uploads\/2023\/10\/Investor-Agenda-1.jpg 1200w\" sizes=\"(max-width: 1024px) 100vw, 1024px\" \/><\/figure>\n<\/div>","protected":false},"excerpt":{"rendered":"<p>Anaxis a sign\u00e9 la d\u00e9claration 2022 des investisseurs aux gouvernements sur la crise climatique. Nous sommes conscients que nous nous trouvons \u00e0 un tournant d\u00e9cisif et nous prenons les mesures n\u00e9cessaires pour participer \u00e0 la limitation de l&rsquo;augmentation de la temp\u00e9rature mondiale \u00e0 1,5\u00b0C au-dessus des niveaux pr\u00e9industriels.<\/p>\n","protected":false},"author":1,"featured_media":0,"comment_status":"closed","ping_status":"open","sticky":false,"template":"elementor_theme","format":"standard","meta":{"footnotes":""},"categories":[9],"tags":[],"class_list":["post-808","post","type-post","status-publish","format-standard","hentry","category-politique-esg"],"acf":[],"yoast_head":"<!-- This site is optimized with the Yoast SEO plugin v25.1 - https:\/\/yoast.com\/wordpress\/plugins\/seo\/ -->\n<title>Anaxis participe \u00e0 la d\u00e9claration la plus ambitieuse des investisseurs aux gouvernements sur le climat - Anaxis AM<\/title>\n<meta name=\"robots\" content=\"index, follow, max-snippet:-1, max-image-preview:large, max-video-preview:-1\" \/>\n<link rel=\"canonical\" href=\"https:\/\/anaxis-am.com\/fr\/anaxis-participe-a-la-declaration-la-plus-ambitieuse-des-investisseurs-aux-gouvernements-sur-le-climat\/\" \/>\n<meta property=\"og:locale\" content=\"fr_FR\" \/>\n<meta property=\"og:type\" content=\"article\" \/>\n<meta property=\"og:title\" content=\"Anaxis participe \u00e0 la d\u00e9claration la plus ambitieuse des investisseurs aux gouvernements sur le climat - Anaxis AM\" \/>\n<meta property=\"og:description\" content=\"Anaxis a sign\u00e9 la d\u00e9claration 2022 des investisseurs aux gouvernements sur la crise climatique. Nous sommes conscients que nous nous trouvons \u00e0 un tournant d\u00e9cisif et nous prenons les mesures n\u00e9cessaires pour participer \u00e0 la limitation de l&#039;augmentation de la temp\u00e9rature mondiale \u00e0 1,5\u00b0C au-dessus des niveaux pr\u00e9industriels.\" \/>\n<meta property=\"og:url\" content=\"https:\/\/anaxis-am.com\/fr\/anaxis-participe-a-la-declaration-la-plus-ambitieuse-des-investisseurs-aux-gouvernements-sur-le-climat\/\" \/>\n<meta property=\"og:site_name\" content=\"Anaxis AM\" \/>\n<meta property=\"article:published_time\" content=\"2022-09-19T13:33:57+00:00\" \/>\n<meta property=\"article:modified_time\" content=\"2023-11-23T16:00:49+00:00\" \/>\n<meta property=\"og:image\" content=\"https:\/\/www.anaxis-am.com\/wp-content\/uploads\/2023\/10\/Investor-Agenda-1-1024x427.jpg\" \/>\n<meta name=\"author\" content=\"AnaxisAM\" \/>\n<meta name=\"twitter:card\" content=\"summary_large_image\" \/>\n<meta name=\"twitter:creator\" content=\"@AnaxisAM\" \/>\n<meta name=\"twitter:site\" content=\"@AnaxisAM\" \/>\n<meta name=\"twitter:label1\" content=\"\u00c9crit par\" \/>\n\t<meta name=\"twitter:data1\" content=\"AnaxisAM\" \/>\n\t<meta name=\"twitter:label2\" content=\"Dur\u00e9e de lecture estim\u00e9e\" \/>\n\t<meta name=\"twitter:data2\" content=\"3 minutes\" \/>\n<script type=\"application\/ld+json\" class=\"yoast-schema-graph\">{\"@context\":\"https:\/\/schema.org\",\"@graph\":[{\"@type\":\"Article\",\"@id\":\"https:\/\/anaxis-am.com\/fr\/anaxis-participe-a-la-declaration-la-plus-ambitieuse-des-investisseurs-aux-gouvernements-sur-le-climat\/#article\",\"isPartOf\":{\"@id\":\"https:\/\/anaxis-am.com\/fr\/anaxis-participe-a-la-declaration-la-plus-ambitieuse-des-investisseurs-aux-gouvernements-sur-le-climat\/\"},\"author\":{\"name\":\"AnaxisAM\",\"@id\":\"https:\/\/anaxis-am.com\/fr\/#\/schema\/person\/3693d39385f248475b195921abd32f5b\"},\"headline\":\"Anaxis participe \u00e0 la d\u00e9claration la plus ambitieuse des investisseurs aux gouvernements sur le climat\",\"datePublished\":\"2022-09-19T13:33:57+00:00\",\"dateModified\":\"2023-11-23T16:00:49+00:00\",\"mainEntityOfPage\":{\"@id\":\"https:\/\/anaxis-am.com\/fr\/anaxis-participe-a-la-declaration-la-plus-ambitieuse-des-investisseurs-aux-gouvernements-sur-le-climat\/\"},\"wordCount\":678,\"publisher\":{\"@id\":\"https:\/\/anaxis-am.com\/fr\/#organization\"},\"image\":{\"@id\":\"https:\/\/anaxis-am.com\/fr\/anaxis-participe-a-la-declaration-la-plus-ambitieuse-des-investisseurs-aux-gouvernements-sur-le-climat\/#primaryimage\"},\"thumbnailUrl\":\"https:\/\/www.anaxis-am.com\/wp-content\/uploads\/2023\/10\/Investor-Agenda-1-1024x427.jpg\",\"articleSection\":[\"Politique ESG\"],\"inLanguage\":\"fr-FR\"},{\"@type\":\"WebPage\",\"@id\":\"https:\/\/anaxis-am.com\/fr\/anaxis-participe-a-la-declaration-la-plus-ambitieuse-des-investisseurs-aux-gouvernements-sur-le-climat\/\",\"url\":\"https:\/\/anaxis-am.com\/fr\/anaxis-participe-a-la-declaration-la-plus-ambitieuse-des-investisseurs-aux-gouvernements-sur-le-climat\/\",\"name\":\"Anaxis participe \u00e0 la d\u00e9claration la plus ambitieuse des investisseurs aux gouvernements sur le climat - Anaxis AM\",\"isPartOf\":{\"@id\":\"https:\/\/anaxis-am.com\/fr\/#website\"},\"primaryImageOfPage\":{\"@id\":\"https:\/\/anaxis-am.com\/fr\/anaxis-participe-a-la-declaration-la-plus-ambitieuse-des-investisseurs-aux-gouvernements-sur-le-climat\/#primaryimage\"},\"image\":{\"@id\":\"https:\/\/anaxis-am.com\/fr\/anaxis-participe-a-la-declaration-la-plus-ambitieuse-des-investisseurs-aux-gouvernements-sur-le-climat\/#primaryimage\"},\"thumbnailUrl\":\"https:\/\/www.anaxis-am.com\/wp-content\/uploads\/2023\/10\/Investor-Agenda-1-1024x427.jpg\",\"datePublished\":\"2022-09-19T13:33:57+00:00\",\"dateModified\":\"2023-11-23T16:00:49+00:00\",\"breadcrumb\":{\"@id\":\"https:\/\/anaxis-am.com\/fr\/anaxis-participe-a-la-declaration-la-plus-ambitieuse-des-investisseurs-aux-gouvernements-sur-le-climat\/#breadcrumb\"},\"inLanguage\":\"fr-FR\",\"potentialAction\":[{\"@type\":\"ReadAction\",\"target\":[\"https:\/\/anaxis-am.com\/fr\/anaxis-participe-a-la-declaration-la-plus-ambitieuse-des-investisseurs-aux-gouvernements-sur-le-climat\/\"]}]},{\"@type\":\"ImageObject\",\"inLanguage\":\"fr-FR\",\"@id\":\"https:\/\/anaxis-am.com\/fr\/anaxis-participe-a-la-declaration-la-plus-ambitieuse-des-investisseurs-aux-gouvernements-sur-le-climat\/#primaryimage\",\"url\":\"https:\/\/www.anaxis-am.com\/wp-content\/uploads\/2023\/10\/Investor-Agenda-1-1024x427.jpg\",\"contentUrl\":\"https:\/\/www.anaxis-am.com\/wp-content\/uploads\/2023\/10\/Investor-Agenda-1-1024x427.jpg\"},{\"@type\":\"BreadcrumbList\",\"@id\":\"https:\/\/anaxis-am.com\/fr\/anaxis-participe-a-la-declaration-la-plus-ambitieuse-des-investisseurs-aux-gouvernements-sur-le-climat\/#breadcrumb\",\"itemListElement\":[{\"@type\":\"ListItem\",\"position\":1,\"name\":\"Accueil\",\"item\":\"https:\/\/anaxis-am.com\/fr\/\"},{\"@type\":\"ListItem\",\"position\":2,\"name\":\"Anaxis participe \u00e0 la d\u00e9claration la plus ambitieuse des investisseurs aux gouvernements sur le climat\"}]},{\"@type\":\"WebSite\",\"@id\":\"https:\/\/anaxis-am.com\/fr\/#website\",\"url\":\"https:\/\/anaxis-am.com\/fr\/\",\"name\":\"Anaxis AM\",\"description\":\"Gestion d&#039;obligations corporate\",\"publisher\":{\"@id\":\"https:\/\/anaxis-am.com\/fr\/#organization\"},\"potentialAction\":[{\"@type\":\"SearchAction\",\"target\":{\"@type\":\"EntryPoint\",\"urlTemplate\":\"https:\/\/anaxis-am.com\/fr\/?s={search_term_string}\"},\"query-input\":{\"@type\":\"PropertyValueSpecification\",\"valueRequired\":true,\"valueName\":\"search_term_string\"}}],\"inLanguage\":\"fr-FR\"},{\"@type\":\"Organization\",\"@id\":\"https:\/\/anaxis-am.com\/fr\/#organization\",\"name\":\"Anaxis AM\",\"url\":\"https:\/\/anaxis-am.com\/fr\/\",\"logo\":{\"@type\":\"ImageObject\",\"inLanguage\":\"fr-FR\",\"@id\":\"https:\/\/anaxis-am.com\/fr\/#\/schema\/logo\/image\/\",\"url\":\"https:\/\/anaxis-am.com\/wp-content\/uploads\/2023\/03\/logotype_02_noir.svg\",\"contentUrl\":\"https:\/\/anaxis-am.com\/wp-content\/uploads\/2023\/03\/logotype_02_noir.svg\",\"width\":198,\"height\":107,\"caption\":\"Anaxis AM\"},\"image\":{\"@id\":\"https:\/\/anaxis-am.com\/fr\/#\/schema\/logo\/image\/\"},\"sameAs\":[\"https:\/\/x.com\/AnaxisAM\",\"https:\/\/linkedin.com\/company\/anaxis-am\"]},{\"@type\":\"Person\",\"@id\":\"https:\/\/anaxis-am.com\/fr\/#\/schema\/person\/3693d39385f248475b195921abd32f5b\",\"name\":\"AnaxisAM\",\"image\":{\"@type\":\"ImageObject\",\"inLanguage\":\"fr-FR\",\"@id\":\"https:\/\/anaxis-am.com\/fr\/#\/schema\/person\/image\/\",\"url\":\"https:\/\/secure.gravatar.com\/avatar\/86a9ab440a4eb7e6d9a3e117ee323254c980a8336bfd51cc939d2f01313c7f69?s=96&d=mm&r=g\",\"contentUrl\":\"https:\/\/secure.gravatar.com\/avatar\/86a9ab440a4eb7e6d9a3e117ee323254c980a8336bfd51cc939d2f01313c7f69?s=96&d=mm&r=g\",\"caption\":\"AnaxisAM\"},\"sameAs\":[\"https:\/\/www.anaxis-am.com\"],\"url\":\"https:\/\/anaxis-am.com\/fr\/author\/anaxisam\/\"}]}<\/script>\n<!-- \/ Yoast SEO plugin. -->","yoast_head_json":{"title":"Anaxis participe \u00e0 la d\u00e9claration la plus ambitieuse des investisseurs aux gouvernements sur le climat - Anaxis AM","robots":{"index":"index","follow":"follow","max-snippet":"max-snippet:-1","max-image-preview":"max-image-preview:large","max-video-preview":"max-video-preview:-1"},"canonical":"https:\/\/anaxis-am.com\/fr\/anaxis-participe-a-la-declaration-la-plus-ambitieuse-des-investisseurs-aux-gouvernements-sur-le-climat\/","og_locale":"fr_FR","og_type":"article","og_title":"Anaxis participe \u00e0 la d\u00e9claration la plus ambitieuse des investisseurs aux gouvernements sur le climat - Anaxis AM","og_description":"Anaxis a sign\u00e9 la d\u00e9claration 2022 des investisseurs aux gouvernements sur la crise climatique. Nous sommes conscients que nous nous trouvons \u00e0 un tournant d\u00e9cisif et nous prenons les mesures n\u00e9cessaires pour participer \u00e0 la limitation de l'augmentation de la temp\u00e9rature mondiale \u00e0 1,5\u00b0C au-dessus des niveaux pr\u00e9industriels.","og_url":"https:\/\/anaxis-am.com\/fr\/anaxis-participe-a-la-declaration-la-plus-ambitieuse-des-investisseurs-aux-gouvernements-sur-le-climat\/","og_site_name":"Anaxis AM","article_published_time":"2022-09-19T13:33:57+00:00","article_modified_time":"2023-11-23T16:00:49+00:00","og_image":[{"url":"https:\/\/www.anaxis-am.com\/wp-content\/uploads\/2023\/10\/Investor-Agenda-1-1024x427.jpg","type":"","width":"","height":""}],"author":"AnaxisAM","twitter_card":"summary_large_image","twitter_creator":"@AnaxisAM","twitter_site":"@AnaxisAM","twitter_misc":{"\u00c9crit par":"AnaxisAM","Dur\u00e9e de lecture estim\u00e9e":"3 minutes"},"schema":{"@context":"https:\/\/schema.org","@graph":[{"@type":"Article","@id":"https:\/\/anaxis-am.com\/fr\/anaxis-participe-a-la-declaration-la-plus-ambitieuse-des-investisseurs-aux-gouvernements-sur-le-climat\/#article","isPartOf":{"@id":"https:\/\/anaxis-am.com\/fr\/anaxis-participe-a-la-declaration-la-plus-ambitieuse-des-investisseurs-aux-gouvernements-sur-le-climat\/"},"author":{"name":"AnaxisAM","@id":"https:\/\/anaxis-am.com\/fr\/#\/schema\/person\/3693d39385f248475b195921abd32f5b"},"headline":"Anaxis participe \u00e0 la d\u00e9claration la plus ambitieuse des investisseurs aux gouvernements sur le climat","datePublished":"2022-09-19T13:33:57+00:00","dateModified":"2023-11-23T16:00:49+00:00","mainEntityOfPage":{"@id":"https:\/\/anaxis-am.com\/fr\/anaxis-participe-a-la-declaration-la-plus-ambitieuse-des-investisseurs-aux-gouvernements-sur-le-climat\/"},"wordCount":678,"publisher":{"@id":"https:\/\/anaxis-am.com\/fr\/#organization"},"image":{"@id":"https:\/\/anaxis-am.com\/fr\/anaxis-participe-a-la-declaration-la-plus-ambitieuse-des-investisseurs-aux-gouvernements-sur-le-climat\/#primaryimage"},"thumbnailUrl":"https:\/\/www.anaxis-am.com\/wp-content\/uploads\/2023\/10\/Investor-Agenda-1-1024x427.jpg","articleSection":["Politique ESG"],"inLanguage":"fr-FR"},{"@type":"WebPage","@id":"https:\/\/anaxis-am.com\/fr\/anaxis-participe-a-la-declaration-la-plus-ambitieuse-des-investisseurs-aux-gouvernements-sur-le-climat\/","url":"https:\/\/anaxis-am.com\/fr\/anaxis-participe-a-la-declaration-la-plus-ambitieuse-des-investisseurs-aux-gouvernements-sur-le-climat\/","name":"Anaxis participe \u00e0 la d\u00e9claration la plus ambitieuse des investisseurs aux gouvernements sur le climat - Anaxis AM","isPartOf":{"@id":"https:\/\/anaxis-am.com\/fr\/#website"},"primaryImageOfPage":{"@id":"https:\/\/anaxis-am.com\/fr\/anaxis-participe-a-la-declaration-la-plus-ambitieuse-des-investisseurs-aux-gouvernements-sur-le-climat\/#primaryimage"},"image":{"@id":"https:\/\/anaxis-am.com\/fr\/anaxis-participe-a-la-declaration-la-plus-ambitieuse-des-investisseurs-aux-gouvernements-sur-le-climat\/#primaryimage"},"thumbnailUrl":"https:\/\/www.anaxis-am.com\/wp-content\/uploads\/2023\/10\/Investor-Agenda-1-1024x427.jpg","datePublished":"2022-09-19T13:33:57+00:00","dateModified":"2023-11-23T16:00:49+00:00","breadcrumb":{"@id":"https:\/\/anaxis-am.com\/fr\/anaxis-participe-a-la-declaration-la-plus-ambitieuse-des-investisseurs-aux-gouvernements-sur-le-climat\/#breadcrumb"},"inLanguage":"fr-FR","potentialAction":[{"@type":"ReadAction","target":["https:\/\/anaxis-am.com\/fr\/anaxis-participe-a-la-declaration-la-plus-ambitieuse-des-investisseurs-aux-gouvernements-sur-le-climat\/"]}]},{"@type":"ImageObject","inLanguage":"fr-FR","@id":"https:\/\/anaxis-am.com\/fr\/anaxis-participe-a-la-declaration-la-plus-ambitieuse-des-investisseurs-aux-gouvernements-sur-le-climat\/#primaryimage","url":"https:\/\/www.anaxis-am.com\/wp-content\/uploads\/2023\/10\/Investor-Agenda-1-1024x427.jpg","contentUrl":"https:\/\/www.anaxis-am.com\/wp-content\/uploads\/2023\/10\/Investor-Agenda-1-1024x427.jpg"},{"@type":"BreadcrumbList","@id":"https:\/\/anaxis-am.com\/fr\/anaxis-participe-a-la-declaration-la-plus-ambitieuse-des-investisseurs-aux-gouvernements-sur-le-climat\/#breadcrumb","itemListElement":[{"@type":"ListItem","position":1,"name":"Accueil","item":"https:\/\/anaxis-am.com\/fr\/"},{"@type":"ListItem","position":2,"name":"Anaxis participe \u00e0 la d\u00e9claration la plus ambitieuse des investisseurs aux gouvernements sur le climat"}]},{"@type":"WebSite","@id":"https:\/\/anaxis-am.com\/fr\/#website","url":"https:\/\/anaxis-am.com\/fr\/","name":"Anaxis AM","description":"Gestion d&#039;obligations corporate","publisher":{"@id":"https:\/\/anaxis-am.com\/fr\/#organization"},"potentialAction":[{"@type":"SearchAction","target":{"@type":"EntryPoint","urlTemplate":"https:\/\/anaxis-am.com\/fr\/?s={search_term_string}"},"query-input":{"@type":"PropertyValueSpecification","valueRequired":true,"valueName":"search_term_string"}}],"inLanguage":"fr-FR"},{"@type":"Organization","@id":"https:\/\/anaxis-am.com\/fr\/#organization","name":"Anaxis AM","url":"https:\/\/anaxis-am.com\/fr\/","logo":{"@type":"ImageObject","inLanguage":"fr-FR","@id":"https:\/\/anaxis-am.com\/fr\/#\/schema\/logo\/image\/","url":"https:\/\/anaxis-am.com\/wp-content\/uploads\/2023\/03\/logotype_02_noir.svg","contentUrl":"https:\/\/anaxis-am.com\/wp-content\/uploads\/2023\/03\/logotype_02_noir.svg","width":198,"height":107,"caption":"Anaxis AM"},"image":{"@id":"https:\/\/anaxis-am.com\/fr\/#\/schema\/logo\/image\/"},"sameAs":["https:\/\/x.com\/AnaxisAM","https:\/\/linkedin.com\/company\/anaxis-am"]},{"@type":"Person","@id":"https:\/\/anaxis-am.com\/fr\/#\/schema\/person\/3693d39385f248475b195921abd32f5b","name":"AnaxisAM","image":{"@type":"ImageObject","inLanguage":"fr-FR","@id":"https:\/\/anaxis-am.com\/fr\/#\/schema\/person\/image\/","url":"https:\/\/secure.gravatar.com\/avatar\/86a9ab440a4eb7e6d9a3e117ee323254c980a8336bfd51cc939d2f01313c7f69?s=96&d=mm&r=g","contentUrl":"https:\/\/secure.gravatar.com\/avatar\/86a9ab440a4eb7e6d9a3e117ee323254c980a8336bfd51cc939d2f01313c7f69?s=96&d=mm&r=g","caption":"AnaxisAM"},"sameAs":["https:\/\/www.anaxis-am.com"],"url":"https:\/\/anaxis-am.com\/fr\/author\/anaxisam\/"}]}},"_links":{"self":[{"href":"https:\/\/anaxis-am.com\/fr\/wp-json\/wp\/v2\/posts\/808","targetHints":{"allow":["GET"]}}],"collection":[{"href":"https:\/\/anaxis-am.com\/fr\/wp-json\/wp\/v2\/posts"}],"about":[{"href":"https:\/\/anaxis-am.com\/fr\/wp-json\/wp\/v2\/types\/post"}],"author":[{"embeddable":true,"href":"https:\/\/anaxis-am.com\/fr\/wp-json\/wp\/v2\/users\/1"}],"replies":[{"embeddable":true,"href":"https:\/\/anaxis-am.com\/fr\/wp-json\/wp\/v2\/comments?post=808"}],"version-history":[{"count":7,"href":"https:\/\/anaxis-am.com\/fr\/wp-json\/wp\/v2\/posts\/808\/revisions"}],"predecessor-version":[{"id":12753,"href":"https:\/\/anaxis-am.com\/fr\/wp-json\/wp\/v2\/posts\/808\/revisions\/12753"}],"wp:attachment":[{"href":"https:\/\/anaxis-am.com\/fr\/wp-json\/wp\/v2\/media?parent=808"}],"wp:term":[{"taxonomy":"category","embeddable":true,"href":"https:\/\/anaxis-am.com\/fr\/wp-json\/wp\/v2\/categories?post=808"},{"taxonomy":"post_tag","embeddable":true,"href":"https:\/\/anaxis-am.com\/fr\/wp-json\/wp\/v2\/tags?post=808"}],"curies":[{"name":"wp","href":"https:\/\/api.w.org\/{rel}","templated":true}]}}