{"id":450,"date":"2020-09-15T14:43:22","date_gmt":"2020-09-15T14:43:22","guid":{"rendered":"http:\/\/anaxis-esg.com\/?p=450"},"modified":"2023-10-24T18:14:09","modified_gmt":"2023-10-24T16:14:09","slug":"objectif-2030","status":"publish","type":"post","link":"https:\/\/anaxis-am.com\/fr\/objectif-2030\/","title":{"rendered":"Objectif 2030"},"content":{"rendered":"\n<h3 class=\"wp-block-heading\">Une ambition n\u00e9cessaire<\/h3>\n\n\n\n<p>L\u2019Union Europ\u00e9enne s\u2019appr\u00eate \u00e0 d\u00e9finir de nouveaux objectifs de r\u00e9duction des \u00e9missions de gaz \u00e0 effet de serre \u00e0 l\u2019horizon 2030. La pr\u00e9sidente de la Commission, Ursula von der Leyden, devrait les annoncer demain lors d\u2019un important discours sur l\u2019\u00e9tat de l\u2019Union.<\/p>\n\n\n\n<p>En tant que soci\u00e9t\u00e9 de gestion engag\u00e9e en faveur de la transition climatique, nous soutenons ces efforts suppl\u00e9mentaires et relayons la demande de l\u2019IIGCC, dont nous sommes membre, en vue d\u2019une r\u00e9duction des \u00e9missions d\u2019au moins 55% d\u2019ici \u00e0 2030 (en comparaison du niveau de 1990).<\/p>\n\n\n\n<p>Nous partageons en effet l\u2019analyse selon laquelle ces efforts sont essentiels pour la comp\u00e9titivit\u00e9 et la croissance europ\u00e9enne, ainsi que pour un rebond \u00e9conomique durable apr\u00e8s la crise du covid-19 dont nous subissons encore les lourdes cons\u00e9quences.<\/p>\n\n\n\n<p>L\u2019objectif propos\u00e9 par l\u2019IIGCC s\u2019appuie sur un rapport disponible \u00e0 l\u2019adresse suivante&nbsp;: <a rel=\"noreferrer noopener\" href=\"https:\/\/iigcc.us3.list-manage.com\/track\/click?u=1030c224ebb35f29a9dd89464&amp;id=cda236467d&amp;e=5f6500a161\" target=\"_blank\"><mark style=\"background-color:rgba(0, 0, 0, 0)\" class=\"has-inline-color has-vivid-cyan-blue-color\">IIGCC_Report<\/mark><\/a>. Cet objectif ambitieux est n\u00e9cessaire pour limiter le r\u00e9chauffement climatique \u00e0 1,5\u00b0C. Il doit \u00eatre vu comme une \u00e9tape cruciale vers la neutralit\u00e9 carbone vis\u00e9e en 2050, conform\u00e9ment aux recommandations de l\u2019IPCC (International Panel on Climate Change, sous l\u2019\u00e9gide des Nations Unies) et au plan du Green Deal europ\u00e9en. Cette \u00e9tape offrira une visibilit\u00e9 suppl\u00e9mentaire au monde \u00e9conomique et servira de guide \u00e0 des d\u00e9cisions d\u2019une port\u00e9e consid\u00e9rable pour notre avenir commun<\/p>\n\n\n\n<h3 class=\"wp-block-heading\">Une ambition r\u00e9aliste<\/h3>\n\n\n\n<p>Atteindre l\u2019objectif de 55% d\u2019ici 2030 est possible en d\u00e9ployant plus largement les technologies matures et en acc\u00e9l\u00e9rant la mise sur le march\u00e9 de celles qui sont en cours de d\u00e9veloppement. Il est m\u00eame possible de faire mieux, en combinant nouvelles technologies et modification de nos comportements en faveur d\u2019un mode de vie plus sobre.<\/p>\n\n\n\n<p>Le d\u00e9veloppement rapide des \u00e9nergies renouvelables et l\u2019am\u00e9lioration de l\u2019efficacit\u00e9 \u00e9nerg\u00e9tique apparaissent comme deux puissants leviers d\u2019action pour les politiques europ\u00e9ennes, mais aussi comme deux sources de croissance \u00e9conomique durable. Ces efforts offrent des perspectives de profit int\u00e9ressantes aux investisseurs tout en favorisant l\u2019emploi.<\/p>\n\n\n\n<h3 class=\"wp-block-heading\">Un g\u00e9rant et des investisseurs engag\u00e9s<\/h3>\n\n\n\n<p>Anaxis a mis en place une politique volontaire de r\u00e9duction de l\u2019intensit\u00e9 carbone de ses portefeuilles obligataires. Cette politique implique une sortie progressive du secteur des \u00e9nergies fossiles. L\u2019intensit\u00e9 CO<sub>2<\/sub> de notre gestion a \u00e9t\u00e9 r\u00e9duite de 24% en un an. Nous n\u2019avons aucun investissement dans le charbon et les autres segments concern\u00e9s repr\u00e9sentent moins de 3% des encours sous gestion.<\/p>\n\n\n\n<p>Afin d\u2019aller plus loin, Anaxis s\u2019impose un objectif de r\u00e9duction de l\u2019intensit\u00e9 de ses portefeuilles de 7,5% par an sur la d\u00e9cennie 2018-2028.<\/p>\n\n\n\n<p>En r\u00e9action au projet de la Commission europ\u00e9enne et \u00e0 l\u2019initiative de l\u2019IIGCC, Pierre Giai-Levra, Pr\u00e9sident d\u2019Anaxis Asset Management, d\u00e9clare&nbsp;:<\/p>\n\n\n\n<p>\u00ab&nbsp;<em>Il est important que les d\u00e9cideurs politiques sachent que leurs d\u00e9cisions les plus ambitieuses en mati\u00e8re de transition \u00e9cologique sont soutenues par un large groupe d\u2019investisseurs et de g\u00e9rants. Fixer un objectif clair \u00e0 10 ans marquera un jalon dans l\u2019histoire \u00e9conomique du Vieux continent. Pour beaucoup d\u2019entre nous, cet objectif est plus porteur d\u2019espoir que de contraintes<\/em>.&nbsp;\u00bb<\/p>\n\n\n\n<div style=\"height:30px\" aria-hidden=\"true\" class=\"wp-block-spacer\"><\/div>\n\n\n<div class=\"wp-block-image is-style-rounded\">\n<figure class=\"aligncenter size-large\"><img fetchpriority=\"high\" decoding=\"async\" width=\"1024\" height=\"427\" src=\"https:\/\/www.anaxis-am.com\/wp-content\/uploads\/2023\/10\/Objectif-2030-Final-bis-1024x427.jpg\" alt=\"\" class=\"wp-image-10641\" srcset=\"https:\/\/anaxis-am.com\/wp-content\/uploads\/2023\/10\/Objectif-2030-Final-bis-1024x427.jpg 1024w, https:\/\/anaxis-am.com\/wp-content\/uploads\/2023\/10\/Objectif-2030-Final-bis-300x125.jpg 300w, https:\/\/anaxis-am.com\/wp-content\/uploads\/2023\/10\/Objectif-2030-Final-bis-768x320.jpg 768w, https:\/\/anaxis-am.com\/wp-content\/uploads\/2023\/10\/Objectif-2030-Final-bis.jpg 1200w\" sizes=\"(max-width: 1024px) 100vw, 1024px\" \/><\/figure>\n<\/div>","protected":false},"excerpt":{"rendered":"<p>L\u2019Union Europ\u00e9enne s\u2019appr\u00eate \u00e0 d\u00e9finir de nouveaux objectifs de r\u00e9duction des \u00e9missions de gaz \u00e0 effet de serre \u00e0 l\u2019horizon 2030. La pr\u00e9sidente de la Commission, Ursula von der Leyden, devrait les annoncer demain lors d\u2019un important discours sur l\u2019\u00e9tat de l\u2019Union. En tant que soci\u00e9t\u00e9 de gestion engag\u00e9e en faveur de la transition climatique, nous soutenons ces efforts suppl\u00e9mentaires.<\/p>\n","protected":false},"author":1,"featured_media":0,"comment_status":"closed","ping_status":"open","sticky":false,"template":"elementor_theme","format":"standard","meta":{"footnotes":""},"categories":[9],"tags":[],"class_list":["post-450","post","type-post","status-publish","format-standard","hentry","category-politique-esg"],"acf":[],"yoast_head":"<!-- This site is optimized with the Yoast SEO plugin v25.1 - https:\/\/yoast.com\/wordpress\/plugins\/seo\/ -->\n<title>Objectif 2030 - Anaxis AM<\/title>\n<meta name=\"robots\" content=\"index, follow, max-snippet:-1, max-image-preview:large, max-video-preview:-1\" \/>\n<link rel=\"canonical\" href=\"https:\/\/anaxis-am.com\/fr\/objectif-2030\/\" \/>\n<meta property=\"og:locale\" content=\"fr_FR\" \/>\n<meta property=\"og:type\" content=\"article\" \/>\n<meta property=\"og:title\" content=\"Objectif 2030 - Anaxis AM\" \/>\n<meta property=\"og:description\" content=\"L\u2019Union Europ\u00e9enne s\u2019appr\u00eate \u00e0 d\u00e9finir de nouveaux objectifs de r\u00e9duction des \u00e9missions de gaz \u00e0 effet de serre \u00e0 l\u2019horizon 2030. La pr\u00e9sidente de la Commission, Ursula von der Leyden, devrait les annoncer demain lors d\u2019un important discours sur l\u2019\u00e9tat de l\u2019Union. En tant que soci\u00e9t\u00e9 de gestion engag\u00e9e en faveur de la transition climatique, nous soutenons ces efforts suppl\u00e9mentaires.\" \/>\n<meta property=\"og:url\" content=\"https:\/\/anaxis-am.com\/fr\/objectif-2030\/\" \/>\n<meta property=\"og:site_name\" content=\"Anaxis AM\" \/>\n<meta property=\"article:published_time\" content=\"2020-09-15T14:43:22+00:00\" \/>\n<meta property=\"article:modified_time\" content=\"2023-10-24T16:14:09+00:00\" \/>\n<meta property=\"og:image\" content=\"https:\/\/www.anaxis-am.com\/wp-content\/uploads\/2023\/10\/Objectif-2030-Final-bis-1024x427.jpg\" \/>\n<meta name=\"author\" content=\"AnaxisAM\" \/>\n<meta name=\"twitter:card\" content=\"summary_large_image\" \/>\n<meta name=\"twitter:creator\" content=\"@AnaxisAM\" \/>\n<meta name=\"twitter:site\" content=\"@AnaxisAM\" \/>\n<meta name=\"twitter:label1\" content=\"\u00c9crit par\" \/>\n\t<meta name=\"twitter:data1\" content=\"AnaxisAM\" \/>\n\t<meta name=\"twitter:label2\" content=\"Dur\u00e9e de lecture estim\u00e9e\" \/>\n\t<meta name=\"twitter:data2\" content=\"3 minutes\" \/>\n<script type=\"application\/ld+json\" class=\"yoast-schema-graph\">{\"@context\":\"https:\/\/schema.org\",\"@graph\":[{\"@type\":\"Article\",\"@id\":\"https:\/\/anaxis-am.com\/fr\/objectif-2030\/#article\",\"isPartOf\":{\"@id\":\"https:\/\/anaxis-am.com\/fr\/objectif-2030\/\"},\"author\":{\"name\":\"AnaxisAM\",\"@id\":\"https:\/\/anaxis-am.com\/fr\/#\/schema\/person\/3693d39385f248475b195921abd32f5b\"},\"headline\":\"Objectif 2030\",\"datePublished\":\"2020-09-15T14:43:22+00:00\",\"dateModified\":\"2023-10-24T16:14:09+00:00\",\"mainEntityOfPage\":{\"@id\":\"https:\/\/anaxis-am.com\/fr\/objectif-2030\/\"},\"wordCount\":557,\"publisher\":{\"@id\":\"https:\/\/anaxis-am.com\/fr\/#organization\"},\"image\":{\"@id\":\"https:\/\/anaxis-am.com\/fr\/objectif-2030\/#primaryimage\"},\"thumbnailUrl\":\"https:\/\/www.anaxis-am.com\/wp-content\/uploads\/2023\/10\/Objectif-2030-Final-bis-1024x427.jpg\",\"articleSection\":[\"Politique ESG\"],\"inLanguage\":\"fr-FR\"},{\"@type\":\"WebPage\",\"@id\":\"https:\/\/anaxis-am.com\/fr\/objectif-2030\/\",\"url\":\"https:\/\/anaxis-am.com\/fr\/objectif-2030\/\",\"name\":\"Objectif 2030 - Anaxis AM\",\"isPartOf\":{\"@id\":\"https:\/\/anaxis-am.com\/fr\/#website\"},\"primaryImageOfPage\":{\"@id\":\"https:\/\/anaxis-am.com\/fr\/objectif-2030\/#primaryimage\"},\"image\":{\"@id\":\"https:\/\/anaxis-am.com\/fr\/objectif-2030\/#primaryimage\"},\"thumbnailUrl\":\"https:\/\/www.anaxis-am.com\/wp-content\/uploads\/2023\/10\/Objectif-2030-Final-bis-1024x427.jpg\",\"datePublished\":\"2020-09-15T14:43:22+00:00\",\"dateModified\":\"2023-10-24T16:14:09+00:00\",\"breadcrumb\":{\"@id\":\"https:\/\/anaxis-am.com\/fr\/objectif-2030\/#breadcrumb\"},\"inLanguage\":\"fr-FR\",\"potentialAction\":[{\"@type\":\"ReadAction\",\"target\":[\"https:\/\/anaxis-am.com\/fr\/objectif-2030\/\"]}]},{\"@type\":\"ImageObject\",\"inLanguage\":\"fr-FR\",\"@id\":\"https:\/\/anaxis-am.com\/fr\/objectif-2030\/#primaryimage\",\"url\":\"https:\/\/www.anaxis-am.com\/wp-content\/uploads\/2023\/10\/Objectif-2030-Final-bis-1024x427.jpg\",\"contentUrl\":\"https:\/\/www.anaxis-am.com\/wp-content\/uploads\/2023\/10\/Objectif-2030-Final-bis-1024x427.jpg\"},{\"@type\":\"BreadcrumbList\",\"@id\":\"https:\/\/anaxis-am.com\/fr\/objectif-2030\/#breadcrumb\",\"itemListElement\":[{\"@type\":\"ListItem\",\"position\":1,\"name\":\"Accueil\",\"item\":\"https:\/\/anaxis-am.com\/fr\/\"},{\"@type\":\"ListItem\",\"position\":2,\"name\":\"Objectif 2030\"}]},{\"@type\":\"WebSite\",\"@id\":\"https:\/\/anaxis-am.com\/fr\/#website\",\"url\":\"https:\/\/anaxis-am.com\/fr\/\",\"name\":\"Anaxis AM\",\"description\":\"Gestion d&#039;obligations corporate\",\"publisher\":{\"@id\":\"https:\/\/anaxis-am.com\/fr\/#organization\"},\"potentialAction\":[{\"@type\":\"SearchAction\",\"target\":{\"@type\":\"EntryPoint\",\"urlTemplate\":\"https:\/\/anaxis-am.com\/fr\/?s={search_term_string}\"},\"query-input\":{\"@type\":\"PropertyValueSpecification\",\"valueRequired\":true,\"valueName\":\"search_term_string\"}}],\"inLanguage\":\"fr-FR\"},{\"@type\":\"Organization\",\"@id\":\"https:\/\/anaxis-am.com\/fr\/#organization\",\"name\":\"Anaxis AM\",\"url\":\"https:\/\/anaxis-am.com\/fr\/\",\"logo\":{\"@type\":\"ImageObject\",\"inLanguage\":\"fr-FR\",\"@id\":\"https:\/\/anaxis-am.com\/fr\/#\/schema\/logo\/image\/\",\"url\":\"https:\/\/anaxis-am.com\/wp-content\/uploads\/2023\/03\/logotype_02_noir.svg\",\"contentUrl\":\"https:\/\/anaxis-am.com\/wp-content\/uploads\/2023\/03\/logotype_02_noir.svg\",\"width\":198,\"height\":107,\"caption\":\"Anaxis AM\"},\"image\":{\"@id\":\"https:\/\/anaxis-am.com\/fr\/#\/schema\/logo\/image\/\"},\"sameAs\":[\"https:\/\/x.com\/AnaxisAM\",\"https:\/\/linkedin.com\/company\/anaxis-am\"]},{\"@type\":\"Person\",\"@id\":\"https:\/\/anaxis-am.com\/fr\/#\/schema\/person\/3693d39385f248475b195921abd32f5b\",\"name\":\"AnaxisAM\",\"image\":{\"@type\":\"ImageObject\",\"inLanguage\":\"fr-FR\",\"@id\":\"https:\/\/anaxis-am.com\/fr\/#\/schema\/person\/image\/\",\"url\":\"https:\/\/secure.gravatar.com\/avatar\/86a9ab440a4eb7e6d9a3e117ee323254c980a8336bfd51cc939d2f01313c7f69?s=96&d=mm&r=g\",\"contentUrl\":\"https:\/\/secure.gravatar.com\/avatar\/86a9ab440a4eb7e6d9a3e117ee323254c980a8336bfd51cc939d2f01313c7f69?s=96&d=mm&r=g\",\"caption\":\"AnaxisAM\"},\"sameAs\":[\"https:\/\/www.anaxis-am.com\"],\"url\":\"https:\/\/anaxis-am.com\/fr\/author\/anaxisam\/\"}]}<\/script>\n<!-- \/ Yoast SEO plugin. -->","yoast_head_json":{"title":"Objectif 2030 - Anaxis AM","robots":{"index":"index","follow":"follow","max-snippet":"max-snippet:-1","max-image-preview":"max-image-preview:large","max-video-preview":"max-video-preview:-1"},"canonical":"https:\/\/anaxis-am.com\/fr\/objectif-2030\/","og_locale":"fr_FR","og_type":"article","og_title":"Objectif 2030 - Anaxis AM","og_description":"L\u2019Union Europ\u00e9enne s\u2019appr\u00eate \u00e0 d\u00e9finir de nouveaux objectifs de r\u00e9duction des \u00e9missions de gaz \u00e0 effet de serre \u00e0 l\u2019horizon 2030. La pr\u00e9sidente de la Commission, Ursula von der Leyden, devrait les annoncer demain lors d\u2019un important discours sur l\u2019\u00e9tat de l\u2019Union. En tant que soci\u00e9t\u00e9 de gestion engag\u00e9e en faveur de la transition climatique, nous soutenons ces efforts suppl\u00e9mentaires.","og_url":"https:\/\/anaxis-am.com\/fr\/objectif-2030\/","og_site_name":"Anaxis AM","article_published_time":"2020-09-15T14:43:22+00:00","article_modified_time":"2023-10-24T16:14:09+00:00","og_image":[{"url":"https:\/\/www.anaxis-am.com\/wp-content\/uploads\/2023\/10\/Objectif-2030-Final-bis-1024x427.jpg","type":"","width":"","height":""}],"author":"AnaxisAM","twitter_card":"summary_large_image","twitter_creator":"@AnaxisAM","twitter_site":"@AnaxisAM","twitter_misc":{"\u00c9crit par":"AnaxisAM","Dur\u00e9e de lecture estim\u00e9e":"3 minutes"},"schema":{"@context":"https:\/\/schema.org","@graph":[{"@type":"Article","@id":"https:\/\/anaxis-am.com\/fr\/objectif-2030\/#article","isPartOf":{"@id":"https:\/\/anaxis-am.com\/fr\/objectif-2030\/"},"author":{"name":"AnaxisAM","@id":"https:\/\/anaxis-am.com\/fr\/#\/schema\/person\/3693d39385f248475b195921abd32f5b"},"headline":"Objectif 2030","datePublished":"2020-09-15T14:43:22+00:00","dateModified":"2023-10-24T16:14:09+00:00","mainEntityOfPage":{"@id":"https:\/\/anaxis-am.com\/fr\/objectif-2030\/"},"wordCount":557,"publisher":{"@id":"https:\/\/anaxis-am.com\/fr\/#organization"},"image":{"@id":"https:\/\/anaxis-am.com\/fr\/objectif-2030\/#primaryimage"},"thumbnailUrl":"https:\/\/www.anaxis-am.com\/wp-content\/uploads\/2023\/10\/Objectif-2030-Final-bis-1024x427.jpg","articleSection":["Politique ESG"],"inLanguage":"fr-FR"},{"@type":"WebPage","@id":"https:\/\/anaxis-am.com\/fr\/objectif-2030\/","url":"https:\/\/anaxis-am.com\/fr\/objectif-2030\/","name":"Objectif 2030 - Anaxis AM","isPartOf":{"@id":"https:\/\/anaxis-am.com\/fr\/#website"},"primaryImageOfPage":{"@id":"https:\/\/anaxis-am.com\/fr\/objectif-2030\/#primaryimage"},"image":{"@id":"https:\/\/anaxis-am.com\/fr\/objectif-2030\/#primaryimage"},"thumbnailUrl":"https:\/\/www.anaxis-am.com\/wp-content\/uploads\/2023\/10\/Objectif-2030-Final-bis-1024x427.jpg","datePublished":"2020-09-15T14:43:22+00:00","dateModified":"2023-10-24T16:14:09+00:00","breadcrumb":{"@id":"https:\/\/anaxis-am.com\/fr\/objectif-2030\/#breadcrumb"},"inLanguage":"fr-FR","potentialAction":[{"@type":"ReadAction","target":["https:\/\/anaxis-am.com\/fr\/objectif-2030\/"]}]},{"@type":"ImageObject","inLanguage":"fr-FR","@id":"https:\/\/anaxis-am.com\/fr\/objectif-2030\/#primaryimage","url":"https:\/\/www.anaxis-am.com\/wp-content\/uploads\/2023\/10\/Objectif-2030-Final-bis-1024x427.jpg","contentUrl":"https:\/\/www.anaxis-am.com\/wp-content\/uploads\/2023\/10\/Objectif-2030-Final-bis-1024x427.jpg"},{"@type":"BreadcrumbList","@id":"https:\/\/anaxis-am.com\/fr\/objectif-2030\/#breadcrumb","itemListElement":[{"@type":"ListItem","position":1,"name":"Accueil","item":"https:\/\/anaxis-am.com\/fr\/"},{"@type":"ListItem","position":2,"name":"Objectif 2030"}]},{"@type":"WebSite","@id":"https:\/\/anaxis-am.com\/fr\/#website","url":"https:\/\/anaxis-am.com\/fr\/","name":"Anaxis AM","description":"Gestion d&#039;obligations corporate","publisher":{"@id":"https:\/\/anaxis-am.com\/fr\/#organization"},"potentialAction":[{"@type":"SearchAction","target":{"@type":"EntryPoint","urlTemplate":"https:\/\/anaxis-am.com\/fr\/?s={search_term_string}"},"query-input":{"@type":"PropertyValueSpecification","valueRequired":true,"valueName":"search_term_string"}}],"inLanguage":"fr-FR"},{"@type":"Organization","@id":"https:\/\/anaxis-am.com\/fr\/#organization","name":"Anaxis AM","url":"https:\/\/anaxis-am.com\/fr\/","logo":{"@type":"ImageObject","inLanguage":"fr-FR","@id":"https:\/\/anaxis-am.com\/fr\/#\/schema\/logo\/image\/","url":"https:\/\/anaxis-am.com\/wp-content\/uploads\/2023\/03\/logotype_02_noir.svg","contentUrl":"https:\/\/anaxis-am.com\/wp-content\/uploads\/2023\/03\/logotype_02_noir.svg","width":198,"height":107,"caption":"Anaxis AM"},"image":{"@id":"https:\/\/anaxis-am.com\/fr\/#\/schema\/logo\/image\/"},"sameAs":["https:\/\/x.com\/AnaxisAM","https:\/\/linkedin.com\/company\/anaxis-am"]},{"@type":"Person","@id":"https:\/\/anaxis-am.com\/fr\/#\/schema\/person\/3693d39385f248475b195921abd32f5b","name":"AnaxisAM","image":{"@type":"ImageObject","inLanguage":"fr-FR","@id":"https:\/\/anaxis-am.com\/fr\/#\/schema\/person\/image\/","url":"https:\/\/secure.gravatar.com\/avatar\/86a9ab440a4eb7e6d9a3e117ee323254c980a8336bfd51cc939d2f01313c7f69?s=96&d=mm&r=g","contentUrl":"https:\/\/secure.gravatar.com\/avatar\/86a9ab440a4eb7e6d9a3e117ee323254c980a8336bfd51cc939d2f01313c7f69?s=96&d=mm&r=g","caption":"AnaxisAM"},"sameAs":["https:\/\/www.anaxis-am.com"],"url":"https:\/\/anaxis-am.com\/fr\/author\/anaxisam\/"}]}},"_links":{"self":[{"href":"https:\/\/anaxis-am.com\/fr\/wp-json\/wp\/v2\/posts\/450","targetHints":{"allow":["GET"]}}],"collection":[{"href":"https:\/\/anaxis-am.com\/fr\/wp-json\/wp\/v2\/posts"}],"about":[{"href":"https:\/\/anaxis-am.com\/fr\/wp-json\/wp\/v2\/types\/post"}],"author":[{"embeddable":true,"href":"https:\/\/anaxis-am.com\/fr\/wp-json\/wp\/v2\/users\/1"}],"replies":[{"embeddable":true,"href":"https:\/\/anaxis-am.com\/fr\/wp-json\/wp\/v2\/comments?post=450"}],"version-history":[{"count":5,"href":"https:\/\/anaxis-am.com\/fr\/wp-json\/wp\/v2\/posts\/450\/revisions"}],"predecessor-version":[{"id":10646,"href":"https:\/\/anaxis-am.com\/fr\/wp-json\/wp\/v2\/posts\/450\/revisions\/10646"}],"wp:attachment":[{"href":"https:\/\/anaxis-am.com\/fr\/wp-json\/wp\/v2\/media?parent=450"}],"wp:term":[{"taxonomy":"category","embeddable":true,"href":"https:\/\/anaxis-am.com\/fr\/wp-json\/wp\/v2\/categories?post=450"},{"taxonomy":"post_tag","embeddable":true,"href":"https:\/\/anaxis-am.com\/fr\/wp-json\/wp\/v2\/tags?post=450"}],"curies":[{"name":"wp","href":"https:\/\/api.w.org\/{rel}","templated":true}]}}