{"id":2734,"date":"2020-02-28T10:57:38","date_gmt":"2020-02-28T10:57:38","guid":{"rendered":"http:\/\/anaxis-esg.com\/?p=384"},"modified":"2023-10-24T18:16:44","modified_gmt":"2023-10-24T16:16:44","slug":"la-sauvegarde-de-la-maison-des-hommes","status":"publish","type":"post","link":"https:\/\/anaxis-am.com\/fr\/la-sauvegarde-de-la-maison-des-hommes\/","title":{"rendered":"\u00ab La sauvegarde de la maison des hommes \u00bb"},"content":{"rendered":"\n<p><em>Il y a aujourd\u2019hui 50 ans, le pr\u00e9sident fran\u00e7ais Georges Pompidou faisait d\u00e9j\u00e0 un constat lucide sur la n\u00e9cessit\u00e9 de sauvegarder l&rsquo;environnement lors d\u2019un discours tenu \u00e0 Chicago le 28 f\u00e9vrier 1970, \u00e0 l\u2019occasion d\u2019un d\u00eener de l\u2019Alliance fran\u00e7aise.<\/em><\/p>\n\n\n\n<p>Avec\nses huit millions d\u2019habitants, ses 46 milliards de dollars de produit annuel\nbrut, un revenu annuel par famille de 14&nbsp;000 dollars, une production\nd\u2019acier sup\u00e9rieure \u00e0 celle de la France, Chicago n\u2019a pas besoin d\u2019\u00e9loge. La\nr\u00e9alit\u00e9 de ses entreprises parle pour elle, comme la beaut\u00e9 de ses gratte-ciel\nqui \u00e9voquent les noms des plus grands architectes, tels que Mies van der Rohe.\nDans l\u2019aventure de l\u2019Am\u00e9rique moderne, du monde moderne, votre ville joue un\nr\u00f4le \u00e9minent que lui conf\u00e8rent l\u2019esprit d\u2019entreprise et l\u2019\u00e9nergie de ses\ncitoyens. Il n\u2019en est pas de plus repr\u00e9sentative des progr\u00e8s extraordinaires\naccomplis par les \u00c9tats-Unis dans les domaines de la technique et de\nl\u2019industrie.<\/p>\n\n\n\n<p>Mais\nle rythme de cette \u00e9volution cr\u00e9e \u00e0 l\u2019homme de la fin du XXe si\u00e8cle des\nprobl\u00e8mes inattendus. Pris de court par les transformations de son milieu dont\nil est pourtant directement responsable, il se demande s\u2019il est encore capable\nde ma\u00eetriser les d\u00e9couvertes scientifiques et technologiques dont il attendait\nle bonheur. Tel l\u2019apprenti sorcier, ne risque-t-il pas finalement de p\u00e9rir par\nles forces qu\u2019il a d\u00e9cha\u00een\u00e9es.<\/p>\n\n\n\n<p>L\u2019emprise\nde l\u2019homme sur la nature est devenue telle qu\u2019elle comporte le risque de\ndestruction de la nature elle-m\u00eame. Il est frappant de constater qu\u2019au moment\no\u00f9 s\u2019accumulent et se diffusent de plus en plus les biens dits de consommation,\nce sont les biens \u00e9l\u00e9mentaires les plus n\u00e9cessaires \u00e0 la vie, comme l\u2019air et\nl\u2019eau, qui commencent \u00e0 faire d\u00e9faut. La nature nous appara\u00eet de moins en moins\ncomme la puissance redoutable que l\u2019homme du d\u00e9but de ce si\u00e8cle s\u2019acharnait\nencore \u00e0 ma\u00eetriser, mais comme un cadre pr\u00e9cieux et fragile qu\u2019il importe de\nprot\u00e9ger pour que la terre demeure habitable \u00e0 l\u2019homme.<\/p>\n\n\n\n<p>C\u2019est\nen grande partie la cons\u00e9quence d\u2019un d\u00e9veloppement urbain qui a atteint des\nproportions alarmantes et pr\u00e9occupe tous les responsables. Vous y \u00eates, \u00e0\nChicago, particuli\u00e8rement attentifs.<\/p>\n\n\n\n<p>Dans\nl\u2019entassement des grandes agglom\u00e9rations, l\u2019homme se voit accabl\u00e9 de servitudes\net de contraintes de tous ordres qui vont bien au-del\u00e0 des avantages que lui\napportent l\u2019\u00e9l\u00e9vation du niveau de vie et les moyens individuels ou collectifs\nmis \u00e0 sa disposition. Il est paradoxal de constater que le d\u00e9veloppement de\nl\u2019automobile, par exemple, dont chacun attend la libert\u00e9 de ses mouvements, se\ntraduit en fin de compte par la paralysie de la circulation. Le temps n\u2019est pas\nloin o\u00f9 la marche appara\u00eetra comme le mode de transport le plus s\u00fbr et le plus\nrapide dans nos grandes cit\u00e9s s\u2019il y reste encore des trottoirs&nbsp;! D\u00e8s\nmaintenant, des probl\u00e8mes analogues commencent \u00e0 se poser aussi pour l\u2019espace\na\u00e9rien.<\/p>\n\n\n\n<p>Plus\ngraves sans doute que ces probl\u00e8mes de circulation \u2013 encore qu\u2019ils soient pour\nles hommes et en particulier pour les travailleurs une cause de fatigue\nphysique et nerveuse consid\u00e9rable \u2013 plus graves sont les cons\u00e9quences morales\ndes conditions de vie dans les villes modernes. Je pense, par exemple, \u00e0\nl\u2019accroissement de la criminalit\u00e9, en particulier de la d\u00e9linquance juv\u00e9nile.\nLa \u00ab&nbsp;ville&nbsp;\u00bb, symbole et centre de toute civilisation humaine,\nest-elle en train de se d\u00e9truire elle-m\u00eame et de s\u00e9cr\u00e9ter une nouvelle barbarie&nbsp;?\nQuestion \u00e9trange, mais qu\u2019on ne peut pas s\u2019emp\u00eacher de poser, que vous vous\nposez avec une inqui\u00e9tude que nous comprenons bien, nous autres Europ\u00e9ens dont\nl\u2019histoire a consist\u00e9 \u00e0 faire reculer au profit de la cit\u00e9 l\u2019antique for\u00eat\nhercyenne et qui, aujourd\u2019hui, devons nous pr\u00e9occuper de rendre sa place \u00e0 la\nfor\u00eat. Voil\u00e0 quelques-uns des d\u00e9fis \u00e0 la soci\u00e9t\u00e9 moderne, pour reprendre\nl\u2019expression du pr\u00e9sident Nixon, dont nous commen\u00e7ons \u00e0 prendre conscience et\nauxquels il importe de faire front. Pour y parvenir, il convient comme toujours\nde d\u00e9nombrer les difficult\u00e9s et de chercher les solutions convenant \u00e0 chaque\ncas. Or, face \u00e0 ce qui n\u2019est, esp\u00e9rons-le, qu\u2019un ph\u00e9nom\u00e8ne de croissance, nous\nconstatons combien l\u2019am\u00e9nagement des institutions s\u2019effectue avec lenteur par\nrapport au d\u00e9veloppement foudroyant des techniques. L\u2019organisation de la\nsoci\u00e9t\u00e9 ne s\u2019adapte pas \u00e0 l\u2019\u00e9norme essor et d\u00e9placement d\u00e9mographique qui\nprovoque ces ph\u00e9nom\u00e8nes \u00ab&nbsp;d\u2019encombrement&nbsp;\u00bb bien connus des\nsociologues. Il y a l\u00e0 mati\u00e8re \u00e0 \u00e9tudes et \u00e0 r\u00e9formes pour les dirigeants des\n\u00c9tats comme pour les responsables des grandes villes.<\/p>\n\n\n\n<p>Mais\nc\u2019est un fait que chaque probl\u00e8me r\u00e9solu en fait na\u00eetre d\u2019autres, en g\u00e9n\u00e9ral\nplus difficiles, et que l\u2019homme est amen\u00e9 \u00e0 remettre en question la croyance \u00e0\nun progr\u00e8s lin\u00e9aire selon laquelle chaque succ\u00e8s de la d\u00e9couverte s\u2019ajouterait\naux pr\u00e9c\u00e9dents dans une cha\u00eene continue conduisant au bonheur.<\/p>\n\n\n\n<p>Ainsi,\nau moment m\u00eame o\u00f9 les savants remportent leurs victoires les plus\nspectaculaires et les plus exaltantes pour l\u2019esprit, apparaissent les premiers\n\u00e9l\u00e9ments d\u2019un proc\u00e8s de la science. Plus que la science fondamentale dont rien\nne peut arr\u00eater le d\u00e9veloppement, ni contr\u00f4ler les orientations, c\u2019est de la\ntechnologie qui en proc\u00e8de qu\u2019il est possible d\u2019orienter les applications afin\nde mieux les adapter \u00e0 l\u2019homme et \u00e0 son besoin de bonheur. Il faut cr\u00e9er et\nr\u00e9pandre une sorte de \u00ab&nbsp;morale de l\u2019environnement&nbsp;\u00bb imposant \u00e0\nl\u2019\u00c9tat, aux collectivit\u00e9s, aux individus, le respect de quelques r\u00e8gles \u00e9l\u00e9mentaires\nfaute desquelles le monde deviendrait irrespirable.<\/p>\n\n\n\n<p>Ce\nn\u2019est pas un hasard si les \u00c9tats-Unis, pays \u00e0 la pointe de l\u2019expansion\n\u00e9conomique et du progr\u00e8s technique, sont aussi le pays o\u00f9 se manifeste le plus\ngrand int\u00e9r\u00eat pour les probl\u00e8mes dits de \u00ab&nbsp;conservation&nbsp;\u00bb. La\nprotection de l\u2019espace naturel doit \u00eatre d\u00e9sormais une de nos pr\u00e9occupations\npremi\u00e8res.<\/p>\n\n\n\n<p>Il\ns\u2019ensuit que le r\u00f4le des pouvoirs publics ne peut aller qu\u2019en s\u2019\u00e9tendant, car\nc\u2019est \u00e0 eux qu\u2019il convient d\u2019\u00e9dicter les r\u00e8gles et de prononcer les\ninterdictions. Mais l\u2019application de ces r\u00e8gles ne peut \u00eatre laiss\u00e9e \u00e0 la seule\ndiscr\u00e9tion des fonctionnaires ou des techniciens. Dans un domaine dont d\u00e9pend\ndirectement la vie quotidienne des hommes, s\u2019impose plus qu\u2019ailleurs le\ncontr\u00f4le des citoyens et leur participation effective \u00e0 l\u2019am\u00e9nagement du cadre\nde leur existence.<\/p>\n\n\n\n<p>J\u2019ajoute\nque la solution gagnera \u00e0 \u00eatre recherch\u00e9e dans un cadre international et dans\nla coop\u00e9ration de toutes les nations, en particulier de toutes les nations\nindustrielles, \u00e9galement pr\u00e9occup\u00e9es des dangers qui les menacent et soucieuses\nde les \u00e9carter. Vous savez que le pr\u00e9sident Nixon a pris des initiatives en ce\nsens. De m\u00eame, la France et les \u00c9tats-Unis, dans leurs accords r\u00e9cents pour\nd\u00e9velopper leur coop\u00e9ration scientifique et technique, ont \u00e0 juste titre plac\u00e9\nau premier rang des probl\u00e8mes qui leur paraissent requ\u00e9rir une action commune,\nceux de l\u2019urbanisme, de la lutte contre la pollution, de l\u2019am\u00e9nagement des\ntransports. En d\u00e9veloppant une coop\u00e9ration qui ne comporte, bien entendu,\naucune exclusive, nos deux pays donneront un exemple dont je souhaite qu\u2019il\nsoit suivi.<\/p>\n\n\n\n<p>J\u2019ai,\nd\u00e9j\u00e0, \u00e0 plusieurs reprises, au cours de ce voyage, \u00e9voqu\u00e9 l\u2019extraordinaire\n\u00e9pop\u00e9e de vos astronautes partis \u00e0 la conqu\u00eate de la Lune. Parmi les images que\nla t\u00e9l\u00e9vision a r\u00e9pandues \u00e0 cette occasion, aucune ne m\u2019a frapp\u00e9 autant que\ncelle de la Terre, aper\u00e7ue pour la premi\u00e8re fois du sein de l\u2019espace\ninterplan\u00e9taire. Enrob\u00e9e de vapeurs, par\u00e9e des couleurs impressionnistes, la\nTerre nous est apparue comme un \u00eelot perdu au milieu de l\u2019immensit\u00e9, mais dont\nnous savons qu\u2019il est dot\u00e9 de ce privil\u00e8ge fragile et peut-\u00eatre unique qu\u2019est\nla vie.<\/p>\n\n\n\n<p>Quelle\nvision mieux que celle-l\u00e0 (la plan\u00e8te Terre vue de la Lune), \u00e9trange et\npourtant famili\u00e8re, pourrait nous donner conscience de la pr\u00e9carit\u00e9 de notre\nunivers terrestre et des devoirs de solidarit\u00e9 qu\u2019implique la sauvegarde de la\nmaison des hommes.<\/p>\n\n\n\n<div style=\"height:30px\" aria-hidden=\"true\" class=\"wp-block-spacer\"><\/div>\n\n\n<div class=\"wp-block-image is-style-rounded\">\n<figure class=\"aligncenter size-large\"><img fetchpriority=\"high\" decoding=\"async\" width=\"1024\" height=\"427\" src=\"https:\/\/www.anaxis-am.com\/wp-content\/uploads\/2023\/10\/Pompidou-Final-bis-1024x427.jpg\" alt=\"\" class=\"wp-image-10653\" srcset=\"https:\/\/anaxis-am.com\/wp-content\/uploads\/2023\/10\/Pompidou-Final-bis-1024x427.jpg 1024w, https:\/\/anaxis-am.com\/wp-content\/uploads\/2023\/10\/Pompidou-Final-bis-300x125.jpg 300w, https:\/\/anaxis-am.com\/wp-content\/uploads\/2023\/10\/Pompidou-Final-bis-768x320.jpg 768w, https:\/\/anaxis-am.com\/wp-content\/uploads\/2023\/10\/Pompidou-Final-bis.jpg 1200w\" sizes=\"(max-width: 1024px) 100vw, 1024px\" \/><\/figure>\n<\/div>","protected":false},"excerpt":{"rendered":"<p>Il y a aujourd\u2019hui 50 ans, le pr\u00e9sident fran\u00e7ais Georges Pompidou faisait d\u00e9j\u00e0 un constat lucide sur la n\u00e9cessit\u00e9 de sauvegarder l&rsquo;environnement lors d\u2019un discours tenu \u00e0 Chicago le 28 f\u00e9vrier 1970, \u00e0 l\u2019occasion d\u2019un d\u00eener de l\u2019Alliance fran\u00e7aise.<\/p>\n","protected":false},"author":1,"featured_media":0,"comment_status":"closed","ping_status":"open","sticky":false,"template":"elementor_theme","format":"standard","meta":{"footnotes":""},"categories":[9],"tags":[],"class_list":["post-2734","post","type-post","status-publish","format-standard","hentry","category-politique-esg"],"acf":[],"yoast_head":"<!-- This site is optimized with the Yoast SEO plugin v25.1 - https:\/\/yoast.com\/wordpress\/plugins\/seo\/ -->\n<title>\u00ab La sauvegarde de la maison des hommes \u00bb - Anaxis AM<\/title>\n<meta name=\"robots\" content=\"index, follow, max-snippet:-1, max-image-preview:large, max-video-preview:-1\" \/>\n<link rel=\"canonical\" href=\"https:\/\/anaxis-am.com\/fr\/la-sauvegarde-de-la-maison-des-hommes\/\" \/>\n<meta property=\"og:locale\" content=\"fr_FR\" \/>\n<meta property=\"og:type\" content=\"article\" \/>\n<meta property=\"og:title\" content=\"\u00ab La sauvegarde de la maison des hommes \u00bb - Anaxis AM\" \/>\n<meta property=\"og:description\" content=\"Il y a aujourd\u2019hui 50 ans, le pr\u00e9sident fran\u00e7ais Georges Pompidou faisait d\u00e9j\u00e0 un constat lucide sur la n\u00e9cessit\u00e9 de sauvegarder l&#039;environnement lors d\u2019un discours tenu \u00e0 Chicago le 28 f\u00e9vrier 1970, \u00e0 l\u2019occasion d\u2019un d\u00eener de l\u2019Alliance fran\u00e7aise.\" \/>\n<meta property=\"og:url\" content=\"https:\/\/anaxis-am.com\/fr\/la-sauvegarde-de-la-maison-des-hommes\/\" \/>\n<meta property=\"og:site_name\" content=\"Anaxis AM\" \/>\n<meta property=\"article:published_time\" content=\"2020-02-28T10:57:38+00:00\" \/>\n<meta property=\"article:modified_time\" content=\"2023-10-24T16:16:44+00:00\" \/>\n<meta property=\"og:image\" content=\"https:\/\/www.anaxis-am.com\/wp-content\/uploads\/2023\/10\/Pompidou-Final-bis-1024x427.jpg\" \/>\n<meta name=\"author\" content=\"AnaxisAM\" \/>\n<meta name=\"twitter:card\" content=\"summary_large_image\" \/>\n<meta name=\"twitter:creator\" content=\"@AnaxisAM\" \/>\n<meta name=\"twitter:site\" content=\"@AnaxisAM\" \/>\n<meta name=\"twitter:label1\" content=\"\u00c9crit par\" \/>\n\t<meta name=\"twitter:data1\" content=\"AnaxisAM\" \/>\n\t<meta name=\"twitter:label2\" content=\"Dur\u00e9e de lecture estim\u00e9e\" \/>\n\t<meta name=\"twitter:data2\" content=\"7 minutes\" \/>\n<script type=\"application\/ld+json\" class=\"yoast-schema-graph\">{\"@context\":\"https:\/\/schema.org\",\"@graph\":[{\"@type\":\"Article\",\"@id\":\"https:\/\/anaxis-am.com\/fr\/la-sauvegarde-de-la-maison-des-hommes\/#article\",\"isPartOf\":{\"@id\":\"https:\/\/anaxis-am.com\/fr\/la-sauvegarde-de-la-maison-des-hommes\/\"},\"author\":{\"name\":\"AnaxisAM\",\"@id\":\"https:\/\/anaxis-am.com\/fr\/#\/schema\/person\/3693d39385f248475b195921abd32f5b\"},\"headline\":\"\u00ab La sauvegarde de la maison des hommes \u00bb\",\"datePublished\":\"2020-02-28T10:57:38+00:00\",\"dateModified\":\"2023-10-24T16:16:44+00:00\",\"mainEntityOfPage\":{\"@id\":\"https:\/\/anaxis-am.com\/fr\/la-sauvegarde-de-la-maison-des-hommes\/\"},\"wordCount\":1457,\"publisher\":{\"@id\":\"https:\/\/anaxis-am.com\/fr\/#organization\"},\"image\":{\"@id\":\"https:\/\/anaxis-am.com\/fr\/la-sauvegarde-de-la-maison-des-hommes\/#primaryimage\"},\"thumbnailUrl\":\"https:\/\/www.anaxis-am.com\/wp-content\/uploads\/2023\/10\/Pompidou-Final-bis-1024x427.jpg\",\"articleSection\":[\"Politique ESG\"],\"inLanguage\":\"fr-FR\"},{\"@type\":\"WebPage\",\"@id\":\"https:\/\/anaxis-am.com\/fr\/la-sauvegarde-de-la-maison-des-hommes\/\",\"url\":\"https:\/\/anaxis-am.com\/fr\/la-sauvegarde-de-la-maison-des-hommes\/\",\"name\":\"\u00ab La sauvegarde de la maison des hommes \u00bb - Anaxis AM\",\"isPartOf\":{\"@id\":\"https:\/\/anaxis-am.com\/fr\/#website\"},\"primaryImageOfPage\":{\"@id\":\"https:\/\/anaxis-am.com\/fr\/la-sauvegarde-de-la-maison-des-hommes\/#primaryimage\"},\"image\":{\"@id\":\"https:\/\/anaxis-am.com\/fr\/la-sauvegarde-de-la-maison-des-hommes\/#primaryimage\"},\"thumbnailUrl\":\"https:\/\/www.anaxis-am.com\/wp-content\/uploads\/2023\/10\/Pompidou-Final-bis-1024x427.jpg\",\"datePublished\":\"2020-02-28T10:57:38+00:00\",\"dateModified\":\"2023-10-24T16:16:44+00:00\",\"breadcrumb\":{\"@id\":\"https:\/\/anaxis-am.com\/fr\/la-sauvegarde-de-la-maison-des-hommes\/#breadcrumb\"},\"inLanguage\":\"fr-FR\",\"potentialAction\":[{\"@type\":\"ReadAction\",\"target\":[\"https:\/\/anaxis-am.com\/fr\/la-sauvegarde-de-la-maison-des-hommes\/\"]}]},{\"@type\":\"ImageObject\",\"inLanguage\":\"fr-FR\",\"@id\":\"https:\/\/anaxis-am.com\/fr\/la-sauvegarde-de-la-maison-des-hommes\/#primaryimage\",\"url\":\"https:\/\/www.anaxis-am.com\/wp-content\/uploads\/2023\/10\/Pompidou-Final-bis-1024x427.jpg\",\"contentUrl\":\"https:\/\/www.anaxis-am.com\/wp-content\/uploads\/2023\/10\/Pompidou-Final-bis-1024x427.jpg\"},{\"@type\":\"BreadcrumbList\",\"@id\":\"https:\/\/anaxis-am.com\/fr\/la-sauvegarde-de-la-maison-des-hommes\/#breadcrumb\",\"itemListElement\":[{\"@type\":\"ListItem\",\"position\":1,\"name\":\"Accueil\",\"item\":\"https:\/\/anaxis-am.com\/fr\/\"},{\"@type\":\"ListItem\",\"position\":2,\"name\":\"\u00ab La sauvegarde de la maison des hommes \u00bb\"}]},{\"@type\":\"WebSite\",\"@id\":\"https:\/\/anaxis-am.com\/fr\/#website\",\"url\":\"https:\/\/anaxis-am.com\/fr\/\",\"name\":\"Anaxis AM\",\"description\":\"Gestion d&#039;obligations corporate\",\"publisher\":{\"@id\":\"https:\/\/anaxis-am.com\/fr\/#organization\"},\"potentialAction\":[{\"@type\":\"SearchAction\",\"target\":{\"@type\":\"EntryPoint\",\"urlTemplate\":\"https:\/\/anaxis-am.com\/fr\/?s={search_term_string}\"},\"query-input\":{\"@type\":\"PropertyValueSpecification\",\"valueRequired\":true,\"valueName\":\"search_term_string\"}}],\"inLanguage\":\"fr-FR\"},{\"@type\":\"Organization\",\"@id\":\"https:\/\/anaxis-am.com\/fr\/#organization\",\"name\":\"Anaxis AM\",\"url\":\"https:\/\/anaxis-am.com\/fr\/\",\"logo\":{\"@type\":\"ImageObject\",\"inLanguage\":\"fr-FR\",\"@id\":\"https:\/\/anaxis-am.com\/fr\/#\/schema\/logo\/image\/\",\"url\":\"https:\/\/anaxis-am.com\/wp-content\/uploads\/2023\/03\/logotype_02_noir.svg\",\"contentUrl\":\"https:\/\/anaxis-am.com\/wp-content\/uploads\/2023\/03\/logotype_02_noir.svg\",\"width\":198,\"height\":107,\"caption\":\"Anaxis AM\"},\"image\":{\"@id\":\"https:\/\/anaxis-am.com\/fr\/#\/schema\/logo\/image\/\"},\"sameAs\":[\"https:\/\/x.com\/AnaxisAM\",\"https:\/\/linkedin.com\/company\/anaxis-am\"]},{\"@type\":\"Person\",\"@id\":\"https:\/\/anaxis-am.com\/fr\/#\/schema\/person\/3693d39385f248475b195921abd32f5b\",\"name\":\"AnaxisAM\",\"image\":{\"@type\":\"ImageObject\",\"inLanguage\":\"fr-FR\",\"@id\":\"https:\/\/anaxis-am.com\/fr\/#\/schema\/person\/image\/\",\"url\":\"https:\/\/secure.gravatar.com\/avatar\/86a9ab440a4eb7e6d9a3e117ee323254c980a8336bfd51cc939d2f01313c7f69?s=96&d=mm&r=g\",\"contentUrl\":\"https:\/\/secure.gravatar.com\/avatar\/86a9ab440a4eb7e6d9a3e117ee323254c980a8336bfd51cc939d2f01313c7f69?s=96&d=mm&r=g\",\"caption\":\"AnaxisAM\"},\"sameAs\":[\"https:\/\/www.anaxis-am.com\"],\"url\":\"https:\/\/anaxis-am.com\/fr\/author\/anaxisam\/\"}]}<\/script>\n<!-- \/ Yoast SEO plugin. -->","yoast_head_json":{"title":"\u00ab La sauvegarde de la maison des hommes \u00bb - Anaxis AM","robots":{"index":"index","follow":"follow","max-snippet":"max-snippet:-1","max-image-preview":"max-image-preview:large","max-video-preview":"max-video-preview:-1"},"canonical":"https:\/\/anaxis-am.com\/fr\/la-sauvegarde-de-la-maison-des-hommes\/","og_locale":"fr_FR","og_type":"article","og_title":"\u00ab La sauvegarde de la maison des hommes \u00bb - Anaxis AM","og_description":"Il y a aujourd\u2019hui 50 ans, le pr\u00e9sident fran\u00e7ais Georges Pompidou faisait d\u00e9j\u00e0 un constat lucide sur la n\u00e9cessit\u00e9 de sauvegarder l'environnement lors d\u2019un discours tenu \u00e0 Chicago le 28 f\u00e9vrier 1970, \u00e0 l\u2019occasion d\u2019un d\u00eener de l\u2019Alliance fran\u00e7aise.","og_url":"https:\/\/anaxis-am.com\/fr\/la-sauvegarde-de-la-maison-des-hommes\/","og_site_name":"Anaxis AM","article_published_time":"2020-02-28T10:57:38+00:00","article_modified_time":"2023-10-24T16:16:44+00:00","og_image":[{"url":"https:\/\/www.anaxis-am.com\/wp-content\/uploads\/2023\/10\/Pompidou-Final-bis-1024x427.jpg","type":"","width":"","height":""}],"author":"AnaxisAM","twitter_card":"summary_large_image","twitter_creator":"@AnaxisAM","twitter_site":"@AnaxisAM","twitter_misc":{"\u00c9crit par":"AnaxisAM","Dur\u00e9e de lecture estim\u00e9e":"7 minutes"},"schema":{"@context":"https:\/\/schema.org","@graph":[{"@type":"Article","@id":"https:\/\/anaxis-am.com\/fr\/la-sauvegarde-de-la-maison-des-hommes\/#article","isPartOf":{"@id":"https:\/\/anaxis-am.com\/fr\/la-sauvegarde-de-la-maison-des-hommes\/"},"author":{"name":"AnaxisAM","@id":"https:\/\/anaxis-am.com\/fr\/#\/schema\/person\/3693d39385f248475b195921abd32f5b"},"headline":"\u00ab La sauvegarde de la maison des hommes \u00bb","datePublished":"2020-02-28T10:57:38+00:00","dateModified":"2023-10-24T16:16:44+00:00","mainEntityOfPage":{"@id":"https:\/\/anaxis-am.com\/fr\/la-sauvegarde-de-la-maison-des-hommes\/"},"wordCount":1457,"publisher":{"@id":"https:\/\/anaxis-am.com\/fr\/#organization"},"image":{"@id":"https:\/\/anaxis-am.com\/fr\/la-sauvegarde-de-la-maison-des-hommes\/#primaryimage"},"thumbnailUrl":"https:\/\/www.anaxis-am.com\/wp-content\/uploads\/2023\/10\/Pompidou-Final-bis-1024x427.jpg","articleSection":["Politique ESG"],"inLanguage":"fr-FR"},{"@type":"WebPage","@id":"https:\/\/anaxis-am.com\/fr\/la-sauvegarde-de-la-maison-des-hommes\/","url":"https:\/\/anaxis-am.com\/fr\/la-sauvegarde-de-la-maison-des-hommes\/","name":"\u00ab La sauvegarde de la maison des hommes \u00bb - Anaxis AM","isPartOf":{"@id":"https:\/\/anaxis-am.com\/fr\/#website"},"primaryImageOfPage":{"@id":"https:\/\/anaxis-am.com\/fr\/la-sauvegarde-de-la-maison-des-hommes\/#primaryimage"},"image":{"@id":"https:\/\/anaxis-am.com\/fr\/la-sauvegarde-de-la-maison-des-hommes\/#primaryimage"},"thumbnailUrl":"https:\/\/www.anaxis-am.com\/wp-content\/uploads\/2023\/10\/Pompidou-Final-bis-1024x427.jpg","datePublished":"2020-02-28T10:57:38+00:00","dateModified":"2023-10-24T16:16:44+00:00","breadcrumb":{"@id":"https:\/\/anaxis-am.com\/fr\/la-sauvegarde-de-la-maison-des-hommes\/#breadcrumb"},"inLanguage":"fr-FR","potentialAction":[{"@type":"ReadAction","target":["https:\/\/anaxis-am.com\/fr\/la-sauvegarde-de-la-maison-des-hommes\/"]}]},{"@type":"ImageObject","inLanguage":"fr-FR","@id":"https:\/\/anaxis-am.com\/fr\/la-sauvegarde-de-la-maison-des-hommes\/#primaryimage","url":"https:\/\/www.anaxis-am.com\/wp-content\/uploads\/2023\/10\/Pompidou-Final-bis-1024x427.jpg","contentUrl":"https:\/\/www.anaxis-am.com\/wp-content\/uploads\/2023\/10\/Pompidou-Final-bis-1024x427.jpg"},{"@type":"BreadcrumbList","@id":"https:\/\/anaxis-am.com\/fr\/la-sauvegarde-de-la-maison-des-hommes\/#breadcrumb","itemListElement":[{"@type":"ListItem","position":1,"name":"Accueil","item":"https:\/\/anaxis-am.com\/fr\/"},{"@type":"ListItem","position":2,"name":"\u00ab La sauvegarde de la maison des hommes \u00bb"}]},{"@type":"WebSite","@id":"https:\/\/anaxis-am.com\/fr\/#website","url":"https:\/\/anaxis-am.com\/fr\/","name":"Anaxis AM","description":"Gestion d&#039;obligations corporate","publisher":{"@id":"https:\/\/anaxis-am.com\/fr\/#organization"},"potentialAction":[{"@type":"SearchAction","target":{"@type":"EntryPoint","urlTemplate":"https:\/\/anaxis-am.com\/fr\/?s={search_term_string}"},"query-input":{"@type":"PropertyValueSpecification","valueRequired":true,"valueName":"search_term_string"}}],"inLanguage":"fr-FR"},{"@type":"Organization","@id":"https:\/\/anaxis-am.com\/fr\/#organization","name":"Anaxis AM","url":"https:\/\/anaxis-am.com\/fr\/","logo":{"@type":"ImageObject","inLanguage":"fr-FR","@id":"https:\/\/anaxis-am.com\/fr\/#\/schema\/logo\/image\/","url":"https:\/\/anaxis-am.com\/wp-content\/uploads\/2023\/03\/logotype_02_noir.svg","contentUrl":"https:\/\/anaxis-am.com\/wp-content\/uploads\/2023\/03\/logotype_02_noir.svg","width":198,"height":107,"caption":"Anaxis AM"},"image":{"@id":"https:\/\/anaxis-am.com\/fr\/#\/schema\/logo\/image\/"},"sameAs":["https:\/\/x.com\/AnaxisAM","https:\/\/linkedin.com\/company\/anaxis-am"]},{"@type":"Person","@id":"https:\/\/anaxis-am.com\/fr\/#\/schema\/person\/3693d39385f248475b195921abd32f5b","name":"AnaxisAM","image":{"@type":"ImageObject","inLanguage":"fr-FR","@id":"https:\/\/anaxis-am.com\/fr\/#\/schema\/person\/image\/","url":"https:\/\/secure.gravatar.com\/avatar\/86a9ab440a4eb7e6d9a3e117ee323254c980a8336bfd51cc939d2f01313c7f69?s=96&d=mm&r=g","contentUrl":"https:\/\/secure.gravatar.com\/avatar\/86a9ab440a4eb7e6d9a3e117ee323254c980a8336bfd51cc939d2f01313c7f69?s=96&d=mm&r=g","caption":"AnaxisAM"},"sameAs":["https:\/\/www.anaxis-am.com"],"url":"https:\/\/anaxis-am.com\/fr\/author\/anaxisam\/"}]}},"_links":{"self":[{"href":"https:\/\/anaxis-am.com\/fr\/wp-json\/wp\/v2\/posts\/2734","targetHints":{"allow":["GET"]}}],"collection":[{"href":"https:\/\/anaxis-am.com\/fr\/wp-json\/wp\/v2\/posts"}],"about":[{"href":"https:\/\/anaxis-am.com\/fr\/wp-json\/wp\/v2\/types\/post"}],"author":[{"embeddable":true,"href":"https:\/\/anaxis-am.com\/fr\/wp-json\/wp\/v2\/users\/1"}],"replies":[{"embeddable":true,"href":"https:\/\/anaxis-am.com\/fr\/wp-json\/wp\/v2\/comments?post=2734"}],"version-history":[{"count":3,"href":"https:\/\/anaxis-am.com\/fr\/wp-json\/wp\/v2\/posts\/2734\/revisions"}],"predecessor-version":[{"id":10658,"href":"https:\/\/anaxis-am.com\/fr\/wp-json\/wp\/v2\/posts\/2734\/revisions\/10658"}],"wp:attachment":[{"href":"https:\/\/anaxis-am.com\/fr\/wp-json\/wp\/v2\/media?parent=2734"}],"wp:term":[{"taxonomy":"category","embeddable":true,"href":"https:\/\/anaxis-am.com\/fr\/wp-json\/wp\/v2\/categories?post=2734"},{"taxonomy":"post_tag","embeddable":true,"href":"https:\/\/anaxis-am.com\/fr\/wp-json\/wp\/v2\/tags?post=2734"}],"curies":[{"name":"wp","href":"https:\/\/api.w.org\/{rel}","templated":true}]}}