{"id":250,"date":"2019-09-26T08:40:01","date_gmt":"2019-09-26T08:40:01","guid":{"rendered":"http:\/\/anaxis-esg.com\/?p=250"},"modified":"2023-10-25T14:47:47","modified_gmt":"2023-10-25T12:47:47","slug":"proteger-les-ecosystemes-marins","status":"publish","type":"post","link":"https:\/\/anaxis-am.com\/fr\/proteger-les-ecosystemes-marins\/","title":{"rendered":"Prot\u00e9ger les \u00e9cosyst\u00e8mes marins"},"content":{"rendered":"\n<p>Anaxis Asset Management a d\u00e9cid\u00e9\nde s\u2019engager fortement en faveur de la pr\u00e9servation des milieux aquatiques. D\u2019une\nin\u00e9galable richesse, les oc\u00e9ans et les \u00e9cosyst\u00e8mes qu\u2019ils abritent sont trop\nsouvent n\u00e9glig\u00e9s par l\u2019\u00eatre humain. Rappeler leur importance nous apparait donc\nn\u00e9cessaire afin d\u2019inciter les investisseurs \u00e0 prendre en compte la sauvegarde\ndes milieux aquatiques dans leurs choix financiers.<\/p>\n\n\n\n<h3 class=\"wp-block-heading\">Pr\u00e9sentation de la biosph\u00e8re maritime<\/h3>\n\n\n\n<p>Ainsi surnomm\u00e9e en raison d\u2019une abondance d\u2019eau \u00e0 sa surface,&nbsp;notre \u00ab&nbsp;plan\u00e8te bleue&nbsp;\u00bb dispose de caract\u00e9ristiques exceptionnelles. L\u2019eau \u00e0 l\u2019\u00e9tat liquide est une ressource rare dont la pr\u00e9sence ailleurs dans l\u2019univers reste incertaine [1]. Un constat qui distingue notre plan\u00e8te des autres, elle dont la surface est recouverte \u00e0 plus de 70% par les mers et les oc\u00e9ans [2]. Plus \u00e9loquentes encore, les donn\u00e9es relatives \u00e0 la biodiversit\u00e9 illustrent l\u2019importance de l\u2019hydrosph\u00e8re. 50% \u00e0 80% des esp\u00e8ces vivantes peupleraient les espaces maritimes [3]. Plaines abyssales, dorsales oc\u00e9aniques, monts sous-marins ou encore fosses oc\u00e9aniques sont autant de milieux susceptibles d\u2019accueillir une faune et une flore singuli\u00e8res. Des \u00e9tudes ont prouv\u00e9 que la fosse des Mariannes, pourtant profonde de 10&nbsp;971 m\u00e8tres, serait habit\u00e9e par des organismes dits \u00ab&nbsp;pi\u00e9zophiles&nbsp;\u00bb, insensibles aux pressions colossales des profondeurs.<\/p>\n\n\n\n<p>L\u2019oc\u00e9an demeure largement inconnu\nmais les scientifiques sont unanimes&nbsp;: il rec\u00e8le une biodiversit\u00e9 \u00e0 la\nfois florissante et pr\u00e9caire qu\u2019il nous incombe de prot\u00e9ger. Mais les\n\u00e9cosyst\u00e8mes maritimes ne sont pas seulement un terrain d\u2019exploration pour\nbiologistes. D\u2019un point de vue climatique, \u00e9conomique ou m\u00eame nutritif, l\u2019humanit\u00e9\nne peut se passer des milieux marins.<\/p>\n\n\n\n<h3 class=\"wp-block-heading\">Diversit\u00e9 et importance des ressources\nmarines<\/h3>\n\n\n\n<p>L\u2019oc\u00e9an est un puissant\nr\u00e9gulateur climatique gr\u00e2ce \u00e0 la circulation maritime ou \u00ab&nbsp;circulation\nthermohaline&nbsp;\u00bb. Engendr\u00e9 par les diff\u00e9rences de densit\u00e9 de l\u2019eau de mer, ce\nflux permet de lisser les \u00e9carts de temp\u00e9rature dus \u00e0 des diff\u00e9rences\nd\u2019ensoleillement. La biosph\u00e8re b\u00e9n\u00e9ficie ainsi d\u2019une meilleure redistribution\nde la chaleur des tropiques vers les p\u00f4les.<\/p>\n\n\n\n<p>Au-del\u00e0 de cette redistribution thermique, la contribution des milieux marins \u00e0 la r\u00e9gulation du climat se fait aussi par leurs interactions avec les autres \u00e9cosyst\u00e8mes. En effet, l\u2019oc\u00e9an est un gigantesque extracteur de carbone atmosph\u00e9rique. Au niveau mondial, pr\u00e8s du quart des \u00e9missions de CO2 anthropique, c\u2019est-\u00e0-dire des \u00e9missions li\u00e9es \u00e0 l\u2019homme, sont capt\u00e9es par les oc\u00e9ans [4]. Fait plus remarquable encore, ces derniers contiennent une concentration de carbone 50 fois plus importante que celle de l\u2019atmosph\u00e8re. Les \u00e9changes ont lieu au niveau de l\u2019interface air-mer ainsi que de la \u00ab&nbsp;pompe biologique&nbsp;\u00bb [5]. Ce terme traduit le captage du CO2 par des bact\u00e9ries, dites \u00ab&nbsp;cyanobact\u00e9ries&nbsp;\u00bb, qui le transforment ensuite en mati\u00e8re organique. Transport\u00e9 vers les fonds marins par une multitude d\u2019organismes (algues, plancton, bact\u00e9ries), le CO2 est ainsi \u00e9limin\u00e9 de l\u2019environnement. De cette mani\u00e8re, la pompe biologique limite la concentration atmosph\u00e9rique du CO2, freine le r\u00e9chauffement climatique et ralentit l\u2019acidification des oc\u00e9ans mondiaux.<\/p>\n\n\n\n<p>Pour autant, s\u2019en remettre aux \u00e9cosyst\u00e8mes marins pour r\u00e9soudre ces probl\u00e8mes sans participer \u00e0 leur sauvegarde ne peut \u00eatre viable \u00e0 long terme. En effet, les oc\u00e9ans ne peuvent pas tout absorber, et ce d\u2019autant moins que l\u2019immense majorit\u00e9 des donn\u00e9es scientifiques dont nous disposons attestent d\u2019une augmentation des \u00e9missions mondiales de CO2. Selon une \u00e9tude men\u00e9e par le Global Carbon Project, une hausse de 2% de ce volume global a \u00e9t\u00e9 constat\u00e9e pour la seule ann\u00e9e 2018 [6]. Seule une prise de conscience collective permettrait de maintenir l\u2019\u00e9quilibre menac\u00e9 de notre environnement.<\/p>\n\n\n\n<p>Outre les enjeux climatiques, difficile\nde ne pas \u00e9galement \u00e9voquer les enjeux \u00e9conomiques d\u00e8s lors que les ressources\nmaritimes font vivre pr\u00e8s de 60 millions de personnes \u00e0 travers le monde. En\nparticulier, l\u2019industrie de la p\u00eache repr\u00e9senterait un chiffre d\u2019affaires moyen\nde 362 milliards d\u2019euros.<\/p>\n\n\n\n<p>Selon l\u2019Organisation pour l\u2019alimentation et l\u2019agriculture (FAO), la consommation mondiale de poisson aurait par ailleurs d\u00e9pass\u00e9 20 kg par habitant en 2016, soit deux fois plus qu\u2019il y a 50 ans [7]. Un chiffre en constante augmentation qui r\u00e9v\u00e8le l\u2019importance fondamentale des ressources fournies par les \u00e9cosyst\u00e8mes marins du point de vue nutritif. Pour autant, et malgr\u00e9 sa forte d\u00e9pendance aux milieux marins, l\u2019\u00eatre humain n\u00e9glige trop souvent cet environnement au sein duquel il ne vit pas.<\/p>\n\n\n\n<h3 class=\"wp-block-heading\">Nature des menaces anthropiques<\/h3>\n\n\n\n<p>Si les \u00e9missions de gaz \u00e0 effet de serre sont l\u2019exemple le plus souvent \u00e9voqu\u00e9 lorsqu\u2019il s\u2019agit de pollution anthropique, elles n\u2019en sont pas le seul reflet. Tristement c\u00e9l\u00e8bres, les mar\u00e9es noires sont \u00e0 la fois des catastrophes \u00e9cologiques et \u00e9conomiques. A titre d\u2019exemple, pr\u00e8s de 150&nbsp;000 oiseaux ont \u00e9t\u00e9 mazout\u00e9s lorsque le p\u00e9trolier Erika a sombr\u00e9 en 1999 [8]. De plus, les frais de nettoyage et les dommages \u00e9conomiques engendr\u00e9s par ce naufrage sont estim\u00e9s \u00e0 99 millions d\u2019euros [9]. Plus r\u00e9cemment, en 2010, les Etats-Unis ont v\u00e9cu un d\u00e9sastre \u00e9cologique sans pr\u00e9c\u00e9dent avec l\u2019explosion de la plateforme p\u00e9troli\u00e8re Deepwater Horizon dans le golfe du Mexique. Durant pr\u00e8s de trois mois, 757 millions de litres de p\u00e9trole se sont r\u00e9pandus dans l\u2019oc\u00e9an Atlantique [10]. Les dommages caus\u00e9s sont \u00e9normes, m\u00eame s\u2019il est aujourd\u2019hui encore difficile de chiffrer l\u2019ampleur de cette catastrophe [11].<\/p>\n\n\n\n<p>A Fukushima, depuis l\u2019accident nucl\u00e9aire du 11 mars 2011, 1,15 million de tonnes d\u2019eau contamin\u00e9e ont \u00e9t\u00e9 stock\u00e9es dans des citernes afin d\u2019y \u00eatre trait\u00e9es [12]. Un volume en constante augmentation qui constitue une menace s\u00e9rieuse pour l\u2019environnement puisque ces eaux pourraient \u00eatre rejet\u00e9es dans l\u2019oc\u00e9an Pacifique.<\/p>\n\n\n\n<p>Par ailleurs, la pollution r\u00e9guli\u00e8re des eaux, trop longtemps ignor\u00e9e, alarme aujourd\u2019hui de plus en plus les autorit\u00e9s mondiales. Pour la premi\u00e8re fois en ao\u00fbt 2019, la Banque Mondiale a \u00e9voqu\u00e9 l\u2019existence d\u2019une \u00ab&nbsp;crise invisible&nbsp;\u00bb affectant l\u2019ensemble de l\u2019hydrosph\u00e8re. Pollu\u00e9es par les nitrates, les m\u00e9taux lourds et les microplastiques, les eaux des pays pauvres comme celles des pays riches sont de mauvaise qualit\u00e9. Plusieurs facteurs expliquent cela. Le premier d\u2019entre eux tient \u00e0 l\u2019insuffisance du traitement des eaux us\u00e9es dont plus de 80% sont d\u00e9vers\u00e9es dans l\u2019environnement sans passer par une station d\u2019\u00e9puration. En outre, les engrais et les fertilisants utilis\u00e9s pour l\u2019agriculture se r\u00e9pandent et contaminent depuis des d\u00e9cennies les espaces aquatiques. Les micro-plastiques, d\u00e9tect\u00e9s dans 80% des milieux aquatiques [13], d\u00e9gradent encore davantage la qualit\u00e9 des eaux. Avec des cons\u00e9quences parfois dramatiques. Pr\u00e8s de 30% de la population de fulmars a ainsi disparu en Ecosse, avec pour cause directe les microbilles de styr\u00e8ne que ces oiseaux ing\u00e8rent [14].<\/p>\n\n\n\n<p>La pollution de la biosph\u00e8re maritime est un ph\u00e9nom\u00e8ne d\u2019ampleur mondiale et ses cons\u00e9quences sont parfois spectaculaires. Des cas d\u2019eutrophisation conduisent \u00e0 la prolif\u00e9ration d\u2019algues sur les c\u00f4tes du fait du ruissellement des engrais et des nutriments. Des \u00e9cosyst\u00e8mes tout entiers sont menac\u00e9s d\u2019asphyxie. La hausse des temp\u00e9ratures amplifie cette tendance en stimulant la croissance des v\u00e9g\u00e9taux aquatiques [15].<\/p>\n\n\n\n<p>Les activit\u00e9s humaines font bien d\u2019autres ravages, dont certains li\u00e9s \u00e0 l\u2019exploitation des ressources sous-marines. Les planchers oc\u00e9aniques regorgent de minerais convoit\u00e9s, tels que le palladium, le cadmium ou les sulfures, notamment utilis\u00e9s pour produire des t\u00e9l\u00e9phones portables. L\u2019exploitation intensive de ces ressources est susceptible de bouleverser, voire de d\u00e9truire, les \u00e9cosyst\u00e8mes au sein desquels elles se trouvent. C\u2019est d\u2019ailleurs la raison pour laquelle l\u2019Union internationale pour la conservation de la nature (IUCN) est intervenue en 2018 afin de sensibiliser aux risques li\u00e9s \u00e0 une exploitation sauvage des oc\u00e9ans. Selon cette ONG, seul un code minier encadrant de mani\u00e8re pr\u00e9cise ces activit\u00e9s serait en mesure de freiner une tendance jusqu\u2019ici incontr\u00f4l\u00e9e [16].<\/p>\n\n\n\n<p>Dans le m\u00eame temps, la surp\u00eache constitue elle aussi une pratique qui remet en cause l\u2019\u00e9quilibre des \u00e9cosyst\u00e8mes maritimes. En 2017, l\u2019ONG World Wildlife Fund (WWF) lan\u00e7ait une nouvelle alerte sur les risques d\u00e9coulant de cette pratique irresponsable touchant 31% des stocks halieutiques mondiaux. Un constat d\u2019autant plus alarmant que cette tendance est rendue difficile \u00e0 endiguer d\u00e8s lors que 26 millions de tonnes de poissons sont ill\u00e9galement p\u00e9ch\u00e9es chaque ann\u00e9e [17].<\/p>\n\n\n\n<p>Ces chiffres, en constante augmentation, traduisent la n\u00e9cessit\u00e9 d\u2019une prise de conscience mondiale. Le r\u00e9chauffement climatique, l\u2019acidification des oc\u00e9ans, la pollution des eaux, la surexploitation des ressources marines sont autant de cons\u00e9quences dommageables des activit\u00e9s humaines. Une adaptation de nos pratiques dans le domaine financier doit contribuer \u00e0 les limiter.<\/p>\n\n\n\n<div style=\"height:30px\" aria-hidden=\"true\" class=\"wp-block-spacer\"><\/div>\n\n\n<div class=\"wp-block-image is-style-rounded\">\n<figure class=\"aligncenter size-large\"><img fetchpriority=\"high\" decoding=\"async\" width=\"1024\" height=\"427\" src=\"https:\/\/www.anaxis-am.com\/wp-content\/uploads\/2023\/10\/Tortue-Finale-1024x427.jpg\" alt=\"\" class=\"wp-image-10700\" srcset=\"https:\/\/anaxis-am.com\/wp-content\/uploads\/2023\/10\/Tortue-Finale-1024x427.jpg 1024w, https:\/\/anaxis-am.com\/wp-content\/uploads\/2023\/10\/Tortue-Finale-300x125.jpg 300w, https:\/\/anaxis-am.com\/wp-content\/uploads\/2023\/10\/Tortue-Finale-768x320.jpg 768w, https:\/\/anaxis-am.com\/wp-content\/uploads\/2023\/10\/Tortue-Finale.jpg 1200w\" sizes=\"(max-width: 1024px) 100vw, 1024px\" \/><\/figure>\n<\/div>\n\n\n<div style=\"height:30px\" aria-hidden=\"true\" class=\"wp-block-spacer\"><\/div>\n\n\n\n<hr class=\"wp-block-separator has-css-opacity\"\/>\n\n\n\n<p class=\"has-small-font-size\"><\/p>\n\n\n\n<p class=\"has-small-font-size\">[1] Futura Sciences, \u00ab\u00a0Alerte\u00a0: de la vapeur d\u2019eau d\u00e9tect\u00e9e dans l\u2019atmosph\u00e8re d\u2019une superterre habitable\u00a0\u00bb, 12\/09\/2019,<mark style=\"background-color:rgba(0, 0, 0, 0)\" class=\"has-inline-color has-vivid-cyan-blue-color\"> <\/mark><a rel=\"noreferrer noopener\" href=\"https:\/\/www.futura-sciences.com\/sciences\/actualites\/exoplanete-alerte-vapeur-eau-detectee-atmosphere-superterre-habitable-77548\/\" target=\"_blank\"><mark style=\"background-color:rgba(0, 0, 0, 0)\" class=\"has-inline-color has-vivid-cyan-blue-color\">https:\/\/www.futura-sciences.com\/sciences\/actualites\/exoplanete-alerte-vapeur-eau-detectee-atmosphere-superterre-habitable-77548\/<\/mark><\/a>, consult\u00e9 le 12\/09\/2019<\/p>\n\n\n\n<p class=\"has-small-font-size\">[2] Notre-planete.info, \u00ab\u00a0Les chiffres-cl\u00e9s de la plan\u00e8te Terre\u00a0\u00bb, 02\/04\/2013, <a rel=\"noreferrer noopener\" href=\"https:\/\/www.notre-planete.info\/terre\/chiffres_cle.php\" target=\"_blank\"><mark style=\"background-color:rgba(0, 0, 0, 0)\" class=\"has-inline-color has-vivid-cyan-blue-color\">https:\/\/www.notre-planete.info\/terre\/chiffres_cle.php<\/mark><\/a>, consult\u00e9 le 30\/08\/2019<\/p>\n\n\n\n<p class=\"has-small-font-size\">[3] Pour la science hors-s\u00e9rie N\u00b0104, \u00ab&nbsp;Rep\u00e8res&nbsp;\u00bb, ao\u00fbt 2019, consult\u00e9 le 30\/08\/2019<\/p>\n\n\n\n<p class=\"has-small-font-size\">[4] Minist\u00e8re de la Transition Ecologique et Solidaire, \u00ab&nbsp;Les \u00e9cosyst\u00e8mes marins et c\u00f4tiers fran\u00e7ais&nbsp;\u00bb, avril 2019, consult\u00e9 le 30\/08\/2019<\/p>\n\n\n\n<p class=\"has-small-font-size\">[5] Planet-Vie, \u00ab\u00a0Ecosyst\u00e8mes marins et climat\u00a0\u00bb, 20\/10\/2017, <a rel=\"noreferrer noopener\" href=\"https:\/\/planet-vie.ens.fr\/ecosystemes-marins-climat\" target=\"_blank\"><mark style=\"background-color:rgba(0, 0, 0, 0)\" class=\"has-inline-color has-vivid-cyan-blue-color\">https:\/\/planet-vie.ens.fr\/ecosystemes-marins-climat<\/mark><\/a>, consult\u00e9 le 30\/08\/2019<\/p>\n\n\n\n<p class=\"has-small-font-size\">[6] Global Carbon Budget 2018, \u00ab\u00a0Renewables rising fast but not yet enough to reverse emissions trend \u00bb, 2018, <a rel=\"noreferrer noopener\" href=\"https:\/\/www.globalcarbonproject.org\/global\/images\/carbonbudget\/Infographic_Emissions2018.png\" target=\"_blank\"><mark style=\"background-color:rgba(0, 0, 0, 0)\" class=\"has-inline-color has-vivid-cyan-blue-color\">https:\/\/www.globalcarbonproject.org\/global\/images\/carbonbudget\/Infographic_Emissions2018.png<\/mark><\/a>, consult\u00e9 le 12\/09\/2019<\/p>\n\n\n\n<p class=\"has-small-font-size\">[7] Consoglobe, \u00ab\u00a0P\u00eache et prises mondiales de poissons\u00a0\u00bb, ao\u00fbt 2019, <a rel=\"noreferrer noopener\" href=\"https:\/\/www.planetoscope.com\/eau-oceans\/199-peche-et-prises-mondiales-de-poissons.html\" target=\"_blank\"><mark style=\"background-color:rgba(0, 0, 0, 0)\" class=\"has-inline-color has-vivid-cyan-blue-color\">https:\/\/www.planetoscope.com\/eau-oceans\/199-peche-et-prises-mondiales-de-poissons.html<\/mark><\/a>, consult\u00e9 le 30\/08\/2019<\/p>\n\n\n\n<p class=\"has-small-font-size\">[8] Notre-planete.info, \u00ab\u00a0Mar\u00e9e noire due au naufrage de l\u2019Erika\u00a0: Total d\u00e9finitivement condamn\u00e9, pr\u00e9judice \u00e9cologique reconnu\u00a0\u00bb, 27\/09\/2012,\u00a0 <a rel=\"noreferrer noopener\" href=\"https:\/\/www.notre-planete.info\/actualites\/3476-Erika_Total_prejudice_ecologique\" target=\"_blank\"><mark style=\"background-color:rgba(0, 0, 0, 0)\" class=\"has-inline-color has-vivid-cyan-blue-color\">https:\/\/www.notre-planete.info\/actualites\/3476-Erika_Total_prejudice_ecologique<\/mark><\/a>, consult\u00e9 le 12\/09\/2019<\/p>\n\n\n\n<p class=\"has-small-font-size\">[9] Fonds Internationaux d\u2019indemnisation pour les dommages dus \u00e0 la pollution par les hydrocarbures, \u00ab\u00a0Rapport annuel de 2004\u00a0\u00bb, 2004, <a rel=\"noreferrer noopener\" href=\"https:\/\/iopcfunds.org\/wp-content\/uploads\/2018\/12\/2004_FRENCH_ANNUAL_REPORT.pdf\" target=\"_blank\"><mark style=\"background-color:rgba(0, 0, 0, 0)\" class=\"has-inline-color has-vivid-cyan-blue-color\">https:\/\/iopcfunds.org\/wp-content\/uploads\/2018\/12\/2004_FRENCH_ANNUAL_REPORT.pdf<\/mark><\/a>, consult\u00e9 le 12\/09\/2019<\/p>\n\n\n\n<p class=\"has-small-font-size\">[10] Le Point, \u00ab Golfe du Mexique\u00a0: on a retrouv\u00e9 le p\u00e9trole de BP\u00a0\u00bb, 05\/02\/2015, <a rel=\"noreferrer noopener\" href=\"https:\/\/www.lepoint.fr\/monde\/golfe-du-mexique-on-a-retrouve-le-petrole-de-bp-05-02-2015-1902540_24.php\" target=\"_blank\"><mark style=\"background-color:rgba(0, 0, 0, 0)\" class=\"has-inline-color has-vivid-cyan-blue-color\">https:\/\/www.lepoint.fr\/monde\/golfe-du-mexique-on-a-retrouve-le-petrole-de-bp-05-02-2015-1902540_24.php<\/mark><\/a>, consult\u00e9 le 16\/09\/2019<\/p>\n\n\n\n<p class=\"has-small-font-size\">[11] Sciences et Avenir, \u00ab H\u00e9catombe de b\u00e9b\u00e9s dauphins apr\u00e8s Deepwater Horizon\u00a0\u00bb, 20\/04\/2016, <a rel=\"noreferrer noopener\" href=\"https:\/\/www.sciencesetavenir.fr\/animaux\/animaux-marins\/hecatombe-de-bebes-dauphins-apres-deepwater-horizon_103140\" target=\"_blank\"><mark style=\"background-color:rgba(0, 0, 0, 0)\" class=\"has-inline-color has-vivid-cyan-blue-color\">https:\/\/www.sciencesetavenir.fr\/animaux\/animaux-marins\/hecatombe-de-bebes-dauphins-apres-deepwater-horizon_103140<\/mark><\/a>, consult\u00e9 le 16\/09\/2019<\/p>\n\n\n\n<p class=\"has-small-font-size\">[12] Le Monde, \u00ab\u00a0L\u2019eau contamin\u00e9e, poison durable de Fukushima\u00a0\u00bb, 12\/09\/2019, <a rel=\"noreferrer noopener\" href=\"https:\/\/www.lemonde.fr\/planete\/article\/2019\/09\/12\/l-eau-contaminee-poison-durable-de-fukushima_5509489_3244.html\" target=\"_blank\"><mark style=\"background-color:rgba(0, 0, 0, 0)\" class=\"has-inline-color has-vivid-cyan-blue-color\">https:\/\/www.lemonde.fr\/planete\/article\/2019\/09\/12\/l-eau-contaminee-poison-durable-de-fukushima_5509489_3244.html<\/mark><\/a>, consult\u00e9 le 16\/09\/2019<\/p>\n\n\n\n<p class=\"has-small-font-size\">[13] World Bank, \u00ab\u00a0Quality unknown\u00a0: the invisible water crisis \u00bb, 2019, <a rel=\"noreferrer noopener\" href=\"https:\/\/openknowledge.worldbank.org\/bitstream\/handle\/10986\/32245\/9781464814594.pdf?sequence=3&amp;isAllowed=y\" target=\"_blank\"><mark style=\"background-color:rgba(0, 0, 0, 0)\" class=\"has-inline-color has-vivid-cyan-blue-color\">https:\/\/openknowledge.worldbank.org\/bitstream\/handle\/10986\/32245\/9781464814594.pdf?sequence=3&amp;isAllowed=y<\/mark><\/a>, consult\u00e9 le 12\/09\/2019<\/p>\n\n\n\n<p class=\"has-small-font-size\">[14] Bruno David, \u00ab&nbsp;Seuls quatre hommes ont plong\u00e9 \u00e0 plus de 10&nbsp;000 m\u00e8tres de profondeur, douze sont all\u00e9s sur la Lune&nbsp;\u00bb, <em>Pour la science hors-s\u00e9rie N\u00b0104<\/em>, ao\u00fbt 2019, consult\u00e9 le 30\/08\/2019<\/p>\n\n\n\n<p class=\"has-small-font-size\">[15] CNRS Le Journal, \u00ab\u00a0Quand les \u00e9cosyst\u00e8mes saturent\u00a0\u00bb, 19\/09\/2017, <a rel=\"noreferrer noopener\" href=\"https:\/\/lejournal.cnrs.fr\/articles\/quand-les-ecosystemes-saturent\" target=\"_blank\"><mark style=\"background-color:rgba(0, 0, 0, 0)\" class=\"has-inline-color has-vivid-cyan-blue-color\">https:\/\/lejournal.cnrs.fr\/articles\/quand-les-ecosystemes-saturent<\/mark><\/a>, consult\u00e9 le 30\/08\/2019<\/p>\n\n\n\n<p class=\"has-small-font-size\">[16] International Union for Conservation of Nature, \u00ab\u00a0Deep seabed mining \u00bb, 2018, <a rel=\"noreferrer noopener\" href=\"https:\/\/portals.iucn.org\/library\/sites\/library\/files\/documents\/2018-029-En.pdf\" target=\"_blank\"><mark style=\"background-color:rgba(0, 0, 0, 0)\" class=\"has-inline-color has-vivid-cyan-blue-color\">https:\/\/portals.iucn.org\/library\/sites\/library\/files\/documents\/2018-029-En.pdf<\/mark><\/a>, consult\u00e9 le 12\/09\/2019<\/p>\n\n\n\n<p class=\"has-small-font-size\">[17] World Wildlife Fund, \u00ab\u00a0Hard facts\u00a0\u00bb, 2017, <a rel=\"noreferrer noopener\" href=\"https:\/\/www.consoguidepoisson.fr\/hard-facts\/\" target=\"_blank\"><mark style=\"background-color:rgba(0, 0, 0, 0)\" class=\"has-inline-color has-vivid-cyan-blue-color\">https:\/\/www.consoguidepoisson.fr\/hard-facts\/<\/mark><\/a>, consult\u00e9 le 12\/09\/2019<\/p>\n","protected":false},"excerpt":{"rendered":"<p>Anaxis Asset Management a d\u00e9cid\u00e9 de s\u2019engager fortement en faveur de la pr\u00e9servation des milieux aquatiques. D\u2019une in\u00e9galable richesse, les oc\u00e9ans et les \u00e9cosyst\u00e8mes qu\u2019ils abritent sont trop souvent n\u00e9glig\u00e9s par l\u2019\u00eatre humain. Rappeler leur importance nous apparait donc n\u00e9cessaire afin d\u2019inciter les investisseurs \u00e0 prendre en compte la sauvegarde des milieux aquatiques dans leurs choix financiers.<\/p>\n","protected":false},"author":1,"featured_media":0,"comment_status":"closed","ping_status":"open","sticky":false,"template":"elementor_theme","format":"standard","meta":{"footnotes":""},"categories":[9],"tags":[],"class_list":["post-250","post","type-post","status-publish","format-standard","hentry","category-politique-esg"],"acf":[],"yoast_head":"<!-- This site is optimized with the Yoast SEO plugin v25.1 - https:\/\/yoast.com\/wordpress\/plugins\/seo\/ -->\n<title>Prot\u00e9ger les \u00e9cosyst\u00e8mes marins - Anaxis AM<\/title>\n<meta name=\"robots\" content=\"index, follow, max-snippet:-1, max-image-preview:large, max-video-preview:-1\" \/>\n<link rel=\"canonical\" href=\"https:\/\/anaxis-am.com\/fr\/proteger-les-ecosystemes-marins\/\" \/>\n<meta property=\"og:locale\" content=\"fr_FR\" \/>\n<meta property=\"og:type\" content=\"article\" \/>\n<meta property=\"og:title\" content=\"Prot\u00e9ger les \u00e9cosyst\u00e8mes marins - Anaxis AM\" \/>\n<meta property=\"og:description\" content=\"Anaxis Asset Management a d\u00e9cid\u00e9 de s\u2019engager fortement en faveur de la pr\u00e9servation des milieux aquatiques. D\u2019une in\u00e9galable richesse, les oc\u00e9ans et les \u00e9cosyst\u00e8mes qu\u2019ils abritent sont trop souvent n\u00e9glig\u00e9s par l\u2019\u00eatre humain. Rappeler leur importance nous apparait donc n\u00e9cessaire afin d\u2019inciter les investisseurs \u00e0 prendre en compte la sauvegarde des milieux aquatiques dans leurs choix financiers.\" \/>\n<meta property=\"og:url\" content=\"https:\/\/anaxis-am.com\/fr\/proteger-les-ecosystemes-marins\/\" \/>\n<meta property=\"og:site_name\" content=\"Anaxis AM\" \/>\n<meta property=\"article:published_time\" content=\"2019-09-26T08:40:01+00:00\" \/>\n<meta property=\"article:modified_time\" content=\"2023-10-25T12:47:47+00:00\" \/>\n<meta property=\"og:image\" content=\"https:\/\/www.anaxis-am.com\/wp-content\/uploads\/2023\/10\/Tortue-Finale-1024x427.jpg\" \/>\n<meta name=\"author\" content=\"AnaxisAM\" \/>\n<meta name=\"twitter:card\" content=\"summary_large_image\" \/>\n<meta name=\"twitter:creator\" content=\"@AnaxisAM\" \/>\n<meta name=\"twitter:site\" content=\"@AnaxisAM\" \/>\n<meta name=\"twitter:label1\" content=\"\u00c9crit par\" \/>\n\t<meta name=\"twitter:data1\" content=\"AnaxisAM\" \/>\n\t<meta name=\"twitter:label2\" content=\"Dur\u00e9e de lecture estim\u00e9e\" \/>\n\t<meta name=\"twitter:data2\" content=\"9 minutes\" \/>\n<script type=\"application\/ld+json\" class=\"yoast-schema-graph\">{\"@context\":\"https:\/\/schema.org\",\"@graph\":[{\"@type\":\"Article\",\"@id\":\"https:\/\/anaxis-am.com\/fr\/proteger-les-ecosystemes-marins\/#article\",\"isPartOf\":{\"@id\":\"https:\/\/anaxis-am.com\/fr\/proteger-les-ecosystemes-marins\/\"},\"author\":{\"name\":\"AnaxisAM\",\"@id\":\"https:\/\/anaxis-am.com\/fr\/#\/schema\/person\/3693d39385f248475b195921abd32f5b\"},\"headline\":\"Prot\u00e9ger les \u00e9cosyst\u00e8mes marins\",\"datePublished\":\"2019-09-26T08:40:01+00:00\",\"dateModified\":\"2023-10-25T12:47:47+00:00\",\"mainEntityOfPage\":{\"@id\":\"https:\/\/anaxis-am.com\/fr\/proteger-les-ecosystemes-marins\/\"},\"wordCount\":1904,\"publisher\":{\"@id\":\"https:\/\/anaxis-am.com\/fr\/#organization\"},\"image\":{\"@id\":\"https:\/\/anaxis-am.com\/fr\/proteger-les-ecosystemes-marins\/#primaryimage\"},\"thumbnailUrl\":\"https:\/\/www.anaxis-am.com\/wp-content\/uploads\/2023\/10\/Tortue-Finale-1024x427.jpg\",\"articleSection\":[\"Politique ESG\"],\"inLanguage\":\"fr-FR\"},{\"@type\":\"WebPage\",\"@id\":\"https:\/\/anaxis-am.com\/fr\/proteger-les-ecosystemes-marins\/\",\"url\":\"https:\/\/anaxis-am.com\/fr\/proteger-les-ecosystemes-marins\/\",\"name\":\"Prot\u00e9ger les \u00e9cosyst\u00e8mes marins - Anaxis AM\",\"isPartOf\":{\"@id\":\"https:\/\/anaxis-am.com\/fr\/#website\"},\"primaryImageOfPage\":{\"@id\":\"https:\/\/anaxis-am.com\/fr\/proteger-les-ecosystemes-marins\/#primaryimage\"},\"image\":{\"@id\":\"https:\/\/anaxis-am.com\/fr\/proteger-les-ecosystemes-marins\/#primaryimage\"},\"thumbnailUrl\":\"https:\/\/www.anaxis-am.com\/wp-content\/uploads\/2023\/10\/Tortue-Finale-1024x427.jpg\",\"datePublished\":\"2019-09-26T08:40:01+00:00\",\"dateModified\":\"2023-10-25T12:47:47+00:00\",\"breadcrumb\":{\"@id\":\"https:\/\/anaxis-am.com\/fr\/proteger-les-ecosystemes-marins\/#breadcrumb\"},\"inLanguage\":\"fr-FR\",\"potentialAction\":[{\"@type\":\"ReadAction\",\"target\":[\"https:\/\/anaxis-am.com\/fr\/proteger-les-ecosystemes-marins\/\"]}]},{\"@type\":\"ImageObject\",\"inLanguage\":\"fr-FR\",\"@id\":\"https:\/\/anaxis-am.com\/fr\/proteger-les-ecosystemes-marins\/#primaryimage\",\"url\":\"https:\/\/www.anaxis-am.com\/wp-content\/uploads\/2023\/10\/Tortue-Finale-1024x427.jpg\",\"contentUrl\":\"https:\/\/www.anaxis-am.com\/wp-content\/uploads\/2023\/10\/Tortue-Finale-1024x427.jpg\"},{\"@type\":\"BreadcrumbList\",\"@id\":\"https:\/\/anaxis-am.com\/fr\/proteger-les-ecosystemes-marins\/#breadcrumb\",\"itemListElement\":[{\"@type\":\"ListItem\",\"position\":1,\"name\":\"Accueil\",\"item\":\"https:\/\/anaxis-am.com\/fr\/\"},{\"@type\":\"ListItem\",\"position\":2,\"name\":\"Prot\u00e9ger les \u00e9cosyst\u00e8mes marins\"}]},{\"@type\":\"WebSite\",\"@id\":\"https:\/\/anaxis-am.com\/fr\/#website\",\"url\":\"https:\/\/anaxis-am.com\/fr\/\",\"name\":\"Anaxis AM\",\"description\":\"Gestion d&#039;obligations corporate\",\"publisher\":{\"@id\":\"https:\/\/anaxis-am.com\/fr\/#organization\"},\"potentialAction\":[{\"@type\":\"SearchAction\",\"target\":{\"@type\":\"EntryPoint\",\"urlTemplate\":\"https:\/\/anaxis-am.com\/fr\/?s={search_term_string}\"},\"query-input\":{\"@type\":\"PropertyValueSpecification\",\"valueRequired\":true,\"valueName\":\"search_term_string\"}}],\"inLanguage\":\"fr-FR\"},{\"@type\":\"Organization\",\"@id\":\"https:\/\/anaxis-am.com\/fr\/#organization\",\"name\":\"Anaxis AM\",\"url\":\"https:\/\/anaxis-am.com\/fr\/\",\"logo\":{\"@type\":\"ImageObject\",\"inLanguage\":\"fr-FR\",\"@id\":\"https:\/\/anaxis-am.com\/fr\/#\/schema\/logo\/image\/\",\"url\":\"https:\/\/anaxis-am.com\/wp-content\/uploads\/2023\/03\/logotype_02_noir.svg\",\"contentUrl\":\"https:\/\/anaxis-am.com\/wp-content\/uploads\/2023\/03\/logotype_02_noir.svg\",\"width\":198,\"height\":107,\"caption\":\"Anaxis AM\"},\"image\":{\"@id\":\"https:\/\/anaxis-am.com\/fr\/#\/schema\/logo\/image\/\"},\"sameAs\":[\"https:\/\/x.com\/AnaxisAM\",\"https:\/\/linkedin.com\/company\/anaxis-am\"]},{\"@type\":\"Person\",\"@id\":\"https:\/\/anaxis-am.com\/fr\/#\/schema\/person\/3693d39385f248475b195921abd32f5b\",\"name\":\"AnaxisAM\",\"image\":{\"@type\":\"ImageObject\",\"inLanguage\":\"fr-FR\",\"@id\":\"https:\/\/anaxis-am.com\/fr\/#\/schema\/person\/image\/\",\"url\":\"https:\/\/secure.gravatar.com\/avatar\/86a9ab440a4eb7e6d9a3e117ee323254c980a8336bfd51cc939d2f01313c7f69?s=96&d=mm&r=g\",\"contentUrl\":\"https:\/\/secure.gravatar.com\/avatar\/86a9ab440a4eb7e6d9a3e117ee323254c980a8336bfd51cc939d2f01313c7f69?s=96&d=mm&r=g\",\"caption\":\"AnaxisAM\"},\"sameAs\":[\"https:\/\/www.anaxis-am.com\"],\"url\":\"https:\/\/anaxis-am.com\/fr\/author\/anaxisam\/\"}]}<\/script>\n<!-- \/ Yoast SEO plugin. -->","yoast_head_json":{"title":"Prot\u00e9ger les \u00e9cosyst\u00e8mes marins - Anaxis AM","robots":{"index":"index","follow":"follow","max-snippet":"max-snippet:-1","max-image-preview":"max-image-preview:large","max-video-preview":"max-video-preview:-1"},"canonical":"https:\/\/anaxis-am.com\/fr\/proteger-les-ecosystemes-marins\/","og_locale":"fr_FR","og_type":"article","og_title":"Prot\u00e9ger les \u00e9cosyst\u00e8mes marins - Anaxis AM","og_description":"Anaxis Asset Management a d\u00e9cid\u00e9 de s\u2019engager fortement en faveur de la pr\u00e9servation des milieux aquatiques. D\u2019une in\u00e9galable richesse, les oc\u00e9ans et les \u00e9cosyst\u00e8mes qu\u2019ils abritent sont trop souvent n\u00e9glig\u00e9s par l\u2019\u00eatre humain. Rappeler leur importance nous apparait donc n\u00e9cessaire afin d\u2019inciter les investisseurs \u00e0 prendre en compte la sauvegarde des milieux aquatiques dans leurs choix financiers.","og_url":"https:\/\/anaxis-am.com\/fr\/proteger-les-ecosystemes-marins\/","og_site_name":"Anaxis AM","article_published_time":"2019-09-26T08:40:01+00:00","article_modified_time":"2023-10-25T12:47:47+00:00","og_image":[{"url":"https:\/\/www.anaxis-am.com\/wp-content\/uploads\/2023\/10\/Tortue-Finale-1024x427.jpg","type":"","width":"","height":""}],"author":"AnaxisAM","twitter_card":"summary_large_image","twitter_creator":"@AnaxisAM","twitter_site":"@AnaxisAM","twitter_misc":{"\u00c9crit par":"AnaxisAM","Dur\u00e9e de lecture estim\u00e9e":"9 minutes"},"schema":{"@context":"https:\/\/schema.org","@graph":[{"@type":"Article","@id":"https:\/\/anaxis-am.com\/fr\/proteger-les-ecosystemes-marins\/#article","isPartOf":{"@id":"https:\/\/anaxis-am.com\/fr\/proteger-les-ecosystemes-marins\/"},"author":{"name":"AnaxisAM","@id":"https:\/\/anaxis-am.com\/fr\/#\/schema\/person\/3693d39385f248475b195921abd32f5b"},"headline":"Prot\u00e9ger les \u00e9cosyst\u00e8mes marins","datePublished":"2019-09-26T08:40:01+00:00","dateModified":"2023-10-25T12:47:47+00:00","mainEntityOfPage":{"@id":"https:\/\/anaxis-am.com\/fr\/proteger-les-ecosystemes-marins\/"},"wordCount":1904,"publisher":{"@id":"https:\/\/anaxis-am.com\/fr\/#organization"},"image":{"@id":"https:\/\/anaxis-am.com\/fr\/proteger-les-ecosystemes-marins\/#primaryimage"},"thumbnailUrl":"https:\/\/www.anaxis-am.com\/wp-content\/uploads\/2023\/10\/Tortue-Finale-1024x427.jpg","articleSection":["Politique ESG"],"inLanguage":"fr-FR"},{"@type":"WebPage","@id":"https:\/\/anaxis-am.com\/fr\/proteger-les-ecosystemes-marins\/","url":"https:\/\/anaxis-am.com\/fr\/proteger-les-ecosystemes-marins\/","name":"Prot\u00e9ger les \u00e9cosyst\u00e8mes marins - Anaxis AM","isPartOf":{"@id":"https:\/\/anaxis-am.com\/fr\/#website"},"primaryImageOfPage":{"@id":"https:\/\/anaxis-am.com\/fr\/proteger-les-ecosystemes-marins\/#primaryimage"},"image":{"@id":"https:\/\/anaxis-am.com\/fr\/proteger-les-ecosystemes-marins\/#primaryimage"},"thumbnailUrl":"https:\/\/www.anaxis-am.com\/wp-content\/uploads\/2023\/10\/Tortue-Finale-1024x427.jpg","datePublished":"2019-09-26T08:40:01+00:00","dateModified":"2023-10-25T12:47:47+00:00","breadcrumb":{"@id":"https:\/\/anaxis-am.com\/fr\/proteger-les-ecosystemes-marins\/#breadcrumb"},"inLanguage":"fr-FR","potentialAction":[{"@type":"ReadAction","target":["https:\/\/anaxis-am.com\/fr\/proteger-les-ecosystemes-marins\/"]}]},{"@type":"ImageObject","inLanguage":"fr-FR","@id":"https:\/\/anaxis-am.com\/fr\/proteger-les-ecosystemes-marins\/#primaryimage","url":"https:\/\/www.anaxis-am.com\/wp-content\/uploads\/2023\/10\/Tortue-Finale-1024x427.jpg","contentUrl":"https:\/\/www.anaxis-am.com\/wp-content\/uploads\/2023\/10\/Tortue-Finale-1024x427.jpg"},{"@type":"BreadcrumbList","@id":"https:\/\/anaxis-am.com\/fr\/proteger-les-ecosystemes-marins\/#breadcrumb","itemListElement":[{"@type":"ListItem","position":1,"name":"Accueil","item":"https:\/\/anaxis-am.com\/fr\/"},{"@type":"ListItem","position":2,"name":"Prot\u00e9ger les \u00e9cosyst\u00e8mes marins"}]},{"@type":"WebSite","@id":"https:\/\/anaxis-am.com\/fr\/#website","url":"https:\/\/anaxis-am.com\/fr\/","name":"Anaxis AM","description":"Gestion d&#039;obligations corporate","publisher":{"@id":"https:\/\/anaxis-am.com\/fr\/#organization"},"potentialAction":[{"@type":"SearchAction","target":{"@type":"EntryPoint","urlTemplate":"https:\/\/anaxis-am.com\/fr\/?s={search_term_string}"},"query-input":{"@type":"PropertyValueSpecification","valueRequired":true,"valueName":"search_term_string"}}],"inLanguage":"fr-FR"},{"@type":"Organization","@id":"https:\/\/anaxis-am.com\/fr\/#organization","name":"Anaxis AM","url":"https:\/\/anaxis-am.com\/fr\/","logo":{"@type":"ImageObject","inLanguage":"fr-FR","@id":"https:\/\/anaxis-am.com\/fr\/#\/schema\/logo\/image\/","url":"https:\/\/anaxis-am.com\/wp-content\/uploads\/2023\/03\/logotype_02_noir.svg","contentUrl":"https:\/\/anaxis-am.com\/wp-content\/uploads\/2023\/03\/logotype_02_noir.svg","width":198,"height":107,"caption":"Anaxis AM"},"image":{"@id":"https:\/\/anaxis-am.com\/fr\/#\/schema\/logo\/image\/"},"sameAs":["https:\/\/x.com\/AnaxisAM","https:\/\/linkedin.com\/company\/anaxis-am"]},{"@type":"Person","@id":"https:\/\/anaxis-am.com\/fr\/#\/schema\/person\/3693d39385f248475b195921abd32f5b","name":"AnaxisAM","image":{"@type":"ImageObject","inLanguage":"fr-FR","@id":"https:\/\/anaxis-am.com\/fr\/#\/schema\/person\/image\/","url":"https:\/\/secure.gravatar.com\/avatar\/86a9ab440a4eb7e6d9a3e117ee323254c980a8336bfd51cc939d2f01313c7f69?s=96&d=mm&r=g","contentUrl":"https:\/\/secure.gravatar.com\/avatar\/86a9ab440a4eb7e6d9a3e117ee323254c980a8336bfd51cc939d2f01313c7f69?s=96&d=mm&r=g","caption":"AnaxisAM"},"sameAs":["https:\/\/www.anaxis-am.com"],"url":"https:\/\/anaxis-am.com\/fr\/author\/anaxisam\/"}]}},"_links":{"self":[{"href":"https:\/\/anaxis-am.com\/fr\/wp-json\/wp\/v2\/posts\/250","targetHints":{"allow":["GET"]}}],"collection":[{"href":"https:\/\/anaxis-am.com\/fr\/wp-json\/wp\/v2\/posts"}],"about":[{"href":"https:\/\/anaxis-am.com\/fr\/wp-json\/wp\/v2\/types\/post"}],"author":[{"embeddable":true,"href":"https:\/\/anaxis-am.com\/fr\/wp-json\/wp\/v2\/users\/1"}],"replies":[{"embeddable":true,"href":"https:\/\/anaxis-am.com\/fr\/wp-json\/wp\/v2\/comments?post=250"}],"version-history":[{"count":3,"href":"https:\/\/anaxis-am.com\/fr\/wp-json\/wp\/v2\/posts\/250\/revisions"}],"predecessor-version":[{"id":10705,"href":"https:\/\/anaxis-am.com\/fr\/wp-json\/wp\/v2\/posts\/250\/revisions\/10705"}],"wp:attachment":[{"href":"https:\/\/anaxis-am.com\/fr\/wp-json\/wp\/v2\/media?parent=250"}],"wp:term":[{"taxonomy":"category","embeddable":true,"href":"https:\/\/anaxis-am.com\/fr\/wp-json\/wp\/v2\/categories?post=250"},{"taxonomy":"post_tag","embeddable":true,"href":"https:\/\/anaxis-am.com\/fr\/wp-json\/wp\/v2\/tags?post=250"}],"curies":[{"name":"wp","href":"https:\/\/api.w.org\/{rel}","templated":true}]}}