{"id":19770,"date":"2026-04-23T11:20:27","date_gmt":"2026-04-23T10:20:27","guid":{"rendered":"https:\/\/anaxis-am.com\/?p=19770"},"modified":"2026-04-23T11:22:58","modified_gmt":"2026-04-23T10:22:58","slug":"notre-fonds-anaxis-short-duration-a-lhonneur-sur-rankiapro-italia","status":"publish","type":"post","link":"https:\/\/anaxis-am.com\/fr\/notre-fonds-anaxis-short-duration-a-lhonneur-sur-rankiapro-italia\/","title":{"rendered":"Notre fonds Anaxis Short Duration \u00e0 l&rsquo;honneur sur RankiaPro Italia"},"content":{"rendered":"\n<p>\ud83d\udd8b\ufe0f\u00a0En ces temps d\u2019incertitude accrue,\u00a0<a href=\"https:\/\/www.linkedin.com\/company\/rankiapro-italia\/\" target=\"_blank\" rel=\"noreferrer noopener\"><mark style=\"background-color:rgba(0, 0, 0, 0)\" class=\"has-inline-color has-vivid-cyan-blue-color\">RankiaPro Italia<\/mark><\/a>\u00a0met en avant Anaxis Short Duration, le fonds phare de notre gamme, particuli\u00e8rement bien adapt\u00e9 pour r\u00e9sister \u00e0 une grande vari\u00e9t\u00e9 de conditions de march\u00e9.<\/p>\n\n\n\n<p>\ud83d\udca1&nbsp;<strong>Points cl\u00e9s de l\u2019article :<\/strong><\/p>\n\n\n\n<p>\u23e9 Anaxis Short Duration est une strat\u00e9gie obligataire corporate, \u00e0 maturit\u00e9 courte et sans indice de r\u00e9f\u00e9rence, con\u00e7ue pour offrir un portage attractif avec une faible volatilit\u00e9, tout en mettant l&rsquo;accent sur la pr\u00e9servation du capital.<\/p>\n\n\n\n<p>\u23e9 Le portefeuille se concentre sur des \u00e9metteurs priv\u00e9s diversifi\u00e9s, non financiers, avec des maturit\u00e9s effectives tr\u00e8s courtes et sans recours aux d\u00e9riv\u00e9s ni \u00e0 la dette souveraine, ce qui contribue \u00e0 limiter les drawdowns en p\u00e9riode de stress de march\u00e9.<\/p>\n\n\n\n<p>\u23e9 Class\u00e9 Article 9 au sens de la r\u00e9glementation SFDR, le fonds combine une analyse cr\u00e9dit fondamentale rigoureuse avec des exclusions ESG strictes et une approche best\u2011in\u2011class, qui a d&rsquo;ores et d\u00e9j\u00e0 abouti \u00e0 une r\u00e9duction de 83% de l\u2019empreinte carbone du portefeuille par rapport \u00e0 2018.<\/p>\n\n\n\n<p>\u23e9 Depuis son lancement, le fonds a g\u00e9n\u00e9r\u00e9 des performances comparables \u00e0 celles des ETF Haut Rendement, tout en affichant une volatilit\u00e9 nettement plus faible, et a d\u00e9montr\u00e9 sa r\u00e9silience lors des r\u00e9cents chocs de march\u00e9, ce qui en fait un pilier d\u00e9fensif au sein d\u2019allocations diversifi\u00e9es en obligations.<\/p>\n\n\n\n<p>En savoir plus sur le fonds Anaxis Short Duration :\u00a0<a href=\"https:\/\/anaxis-am.com\/fr\/fonds\/anaxis-short-duration\/\" target=\"_blank\" rel=\"noreferrer noopener\"><mark style=\"background-color:rgba(0, 0, 0, 0)\" class=\"has-inline-color has-vivid-cyan-blue-color\">Anaxis Short Duration &#8211; Anaxis AM<\/mark><\/a><\/p>\n\n\n\n<p>Pour lire l\u2019article dans son int\u00e9gralit\u00e9 (en italien) \ud83d\udc47<\/p>\n\n\n\n<p><a href=\"https:\/\/rankiapro.com\/it\/insights\/anaxis-short-duration-performance-volatilita\" target=\"_blank\" rel=\"noreferrer noopener\"><mark style=\"background-color:rgba(0, 0, 0, 0)\" class=\"has-inline-color has-vivid-cyan-blue-color\">https:\/\/rankiapro.com\/it\/insights\/anaxis-short-duration-performance-volatilita<\/mark><\/a><\/p>\n\n\n\n<div style=\"height:30px\" aria-hidden=\"true\" class=\"wp-block-spacer\"><\/div>\n\n\n\n<figure class=\"wp-block-image size-full\"><img fetchpriority=\"high\" decoding=\"async\" width=\"674\" height=\"990\" src=\"https:\/\/anaxis-am.com\/wp-content\/uploads\/2026\/04\/image.png\" alt=\"\" class=\"wp-image-19771\" srcset=\"https:\/\/anaxis-am.com\/wp-content\/uploads\/2026\/04\/image.png 674w, https:\/\/anaxis-am.com\/wp-content\/uploads\/2026\/04\/image-204x300.png 204w\" sizes=\"(max-width: 674px) 100vw, 674px\" \/><\/figure>\n\n\n\n<p><\/p>\n","protected":false},"excerpt":{"rendered":"<p>En ces temps d\u2019incertitude accrue,\u00a0RankiaPro Italia\u00a0met en avant notre fonds Anaxis Short Duration, le fonds phare de notre gamme, particuli\u00e8rement bien adapt\u00e9 pour r\u00e9sister \u00e0 une grande vari\u00e9t\u00e9 de conditions de march\u00e9.<\/p>\n","protected":false},"author":2,"featured_media":0,"comment_status":"closed","ping_status":"closed","sticky":false,"template":"elementor_theme","format":"standard","meta":{"footnotes":""},"categories":[12],"tags":[],"class_list":["post-19770","post","type-post","status-publish","format-standard","hentry","category-fonds"],"acf":[],"yoast_head":"<!-- This site is optimized with the Yoast SEO plugin v25.1 - https:\/\/yoast.com\/wordpress\/plugins\/seo\/ -->\n<title>Notre fonds Anaxis Short Duration \u00e0 l&#039;honneur sur RankiaPro Italia - Anaxis AM<\/title>\n<meta name=\"description\" content=\"En ces temps d\u2019incertitude accrue,\u00a0RankiaPro Italia\u00a0met en avant notre fonds Anaxis Short Duration, le fonds phare de notre gamme, particuli\u00e8rement bien adapt\u00e9 pour r\u00e9sister \u00e0 une grande vari\u00e9t\u00e9 de conditions de march\u00e9.\" \/>\n<meta name=\"robots\" content=\"index, follow, max-snippet:-1, max-image-preview:large, max-video-preview:-1\" \/>\n<link rel=\"canonical\" href=\"https:\/\/anaxis-am.com\/fr\/notre-fonds-anaxis-short-duration-a-lhonneur-sur-rankiapro-italia\/\" \/>\n<meta property=\"og:locale\" content=\"fr_FR\" \/>\n<meta property=\"og:type\" content=\"article\" \/>\n<meta property=\"og:title\" content=\"Notre fonds Anaxis Short Duration \u00e0 l&#039;honneur sur RankiaPro Italia - Anaxis AM\" \/>\n<meta property=\"og:description\" content=\"En ces temps d\u2019incertitude accrue,\u00a0RankiaPro Italia\u00a0met en avant notre fonds Anaxis Short Duration, le fonds phare de notre gamme, particuli\u00e8rement bien adapt\u00e9 pour r\u00e9sister \u00e0 une grande vari\u00e9t\u00e9 de conditions de march\u00e9.\" \/>\n<meta property=\"og:url\" content=\"https:\/\/anaxis-am.com\/fr\/notre-fonds-anaxis-short-duration-a-lhonneur-sur-rankiapro-italia\/\" \/>\n<meta property=\"og:site_name\" content=\"Anaxis AM\" \/>\n<meta property=\"article:published_time\" content=\"2026-04-23T10:20:27+00:00\" \/>\n<meta property=\"article:modified_time\" content=\"2026-04-23T10:22:58+00:00\" \/>\n<meta property=\"og:image\" content=\"https:\/\/anaxis-am.com\/wp-content\/uploads\/2026\/04\/image.png\" \/>\n\t<meta property=\"og:image:width\" content=\"674\" \/>\n\t<meta property=\"og:image:height\" content=\"990\" \/>\n\t<meta property=\"og:image:type\" content=\"image\/png\" \/>\n<meta name=\"author\" content=\"Anaxis AM\" \/>\n<meta name=\"twitter:card\" content=\"summary_large_image\" \/>\n<meta name=\"twitter:creator\" content=\"@AnaxisAM\" \/>\n<meta name=\"twitter:site\" content=\"@AnaxisAM\" \/>\n<meta name=\"twitter:label1\" content=\"\u00c9crit par\" \/>\n\t<meta name=\"twitter:data1\" content=\"Anaxis AM\" \/>\n\t<meta name=\"twitter:label2\" content=\"Dur\u00e9e de lecture estim\u00e9e\" \/>\n\t<meta name=\"twitter:data2\" content=\"2 minutes\" \/>\n<script type=\"application\/ld+json\" class=\"yoast-schema-graph\">{\"@context\":\"https:\/\/schema.org\",\"@graph\":[{\"@type\":\"Article\",\"@id\":\"https:\/\/anaxis-am.com\/fr\/notre-fonds-anaxis-short-duration-a-lhonneur-sur-rankiapro-italia\/#article\",\"isPartOf\":{\"@id\":\"https:\/\/anaxis-am.com\/fr\/notre-fonds-anaxis-short-duration-a-lhonneur-sur-rankiapro-italia\/\"},\"author\":{\"name\":\"Anaxis AM\",\"@id\":\"https:\/\/anaxis-am.com\/fr\/#\/schema\/person\/8a0db0d83a76d63be8b28d8f9c61ad8b\"},\"headline\":\"Notre fonds Anaxis Short Duration \u00e0 l&rsquo;honneur sur RankiaPro Italia\",\"datePublished\":\"2026-04-23T10:20:27+00:00\",\"dateModified\":\"2026-04-23T10:22:58+00:00\",\"mainEntityOfPage\":{\"@id\":\"https:\/\/anaxis-am.com\/fr\/notre-fonds-anaxis-short-duration-a-lhonneur-sur-rankiapro-italia\/\"},\"wordCount\":269,\"publisher\":{\"@id\":\"https:\/\/anaxis-am.com\/fr\/#organization\"},\"image\":{\"@id\":\"https:\/\/anaxis-am.com\/fr\/notre-fonds-anaxis-short-duration-a-lhonneur-sur-rankiapro-italia\/#primaryimage\"},\"thumbnailUrl\":\"https:\/\/anaxis-am.com\/wp-content\/uploads\/2026\/04\/image.png\",\"articleSection\":[\"Fonds\"],\"inLanguage\":\"fr-FR\"},{\"@type\":\"WebPage\",\"@id\":\"https:\/\/anaxis-am.com\/fr\/notre-fonds-anaxis-short-duration-a-lhonneur-sur-rankiapro-italia\/\",\"url\":\"https:\/\/anaxis-am.com\/fr\/notre-fonds-anaxis-short-duration-a-lhonneur-sur-rankiapro-italia\/\",\"name\":\"Notre fonds Anaxis Short Duration \u00e0 l'honneur sur RankiaPro Italia - Anaxis AM\",\"isPartOf\":{\"@id\":\"https:\/\/anaxis-am.com\/fr\/#website\"},\"primaryImageOfPage\":{\"@id\":\"https:\/\/anaxis-am.com\/fr\/notre-fonds-anaxis-short-duration-a-lhonneur-sur-rankiapro-italia\/#primaryimage\"},\"image\":{\"@id\":\"https:\/\/anaxis-am.com\/fr\/notre-fonds-anaxis-short-duration-a-lhonneur-sur-rankiapro-italia\/#primaryimage\"},\"thumbnailUrl\":\"https:\/\/anaxis-am.com\/wp-content\/uploads\/2026\/04\/image.png\",\"datePublished\":\"2026-04-23T10:20:27+00:00\",\"dateModified\":\"2026-04-23T10:22:58+00:00\",\"description\":\"En ces temps d\u2019incertitude accrue,\u00a0RankiaPro Italia\u00a0met en avant notre fonds Anaxis Short Duration, le fonds phare de notre gamme, particuli\u00e8rement bien adapt\u00e9 pour r\u00e9sister \u00e0 une grande vari\u00e9t\u00e9 de conditions de march\u00e9.\",\"breadcrumb\":{\"@id\":\"https:\/\/anaxis-am.com\/fr\/notre-fonds-anaxis-short-duration-a-lhonneur-sur-rankiapro-italia\/#breadcrumb\"},\"inLanguage\":\"fr-FR\",\"potentialAction\":[{\"@type\":\"ReadAction\",\"target\":[\"https:\/\/anaxis-am.com\/fr\/notre-fonds-anaxis-short-duration-a-lhonneur-sur-rankiapro-italia\/\"]}]},{\"@type\":\"ImageObject\",\"inLanguage\":\"fr-FR\",\"@id\":\"https:\/\/anaxis-am.com\/fr\/notre-fonds-anaxis-short-duration-a-lhonneur-sur-rankiapro-italia\/#primaryimage\",\"url\":\"https:\/\/anaxis-am.com\/wp-content\/uploads\/2026\/04\/image.png\",\"contentUrl\":\"https:\/\/anaxis-am.com\/wp-content\/uploads\/2026\/04\/image.png\"},{\"@type\":\"BreadcrumbList\",\"@id\":\"https:\/\/anaxis-am.com\/fr\/notre-fonds-anaxis-short-duration-a-lhonneur-sur-rankiapro-italia\/#breadcrumb\",\"itemListElement\":[{\"@type\":\"ListItem\",\"position\":1,\"name\":\"Accueil\",\"item\":\"https:\/\/anaxis-am.com\/fr\/\"},{\"@type\":\"ListItem\",\"position\":2,\"name\":\"Notre fonds Anaxis Short Duration \u00e0 l&rsquo;honneur sur RankiaPro Italia\"}]},{\"@type\":\"WebSite\",\"@id\":\"https:\/\/anaxis-am.com\/fr\/#website\",\"url\":\"https:\/\/anaxis-am.com\/fr\/\",\"name\":\"Anaxis AM\",\"description\":\"Gestion d&#039;obligations corporate\",\"publisher\":{\"@id\":\"https:\/\/anaxis-am.com\/fr\/#organization\"},\"potentialAction\":[{\"@type\":\"SearchAction\",\"target\":{\"@type\":\"EntryPoint\",\"urlTemplate\":\"https:\/\/anaxis-am.com\/fr\/?s={search_term_string}\"},\"query-input\":{\"@type\":\"PropertyValueSpecification\",\"valueRequired\":true,\"valueName\":\"search_term_string\"}}],\"inLanguage\":\"fr-FR\"},{\"@type\":\"Organization\",\"@id\":\"https:\/\/anaxis-am.com\/fr\/#organization\",\"name\":\"Anaxis AM\",\"url\":\"https:\/\/anaxis-am.com\/fr\/\",\"logo\":{\"@type\":\"ImageObject\",\"inLanguage\":\"fr-FR\",\"@id\":\"https:\/\/anaxis-am.com\/fr\/#\/schema\/logo\/image\/\",\"url\":\"https:\/\/anaxis-am.com\/wp-content\/uploads\/2023\/03\/logotype_02_noir.svg\",\"contentUrl\":\"https:\/\/anaxis-am.com\/wp-content\/uploads\/2023\/03\/logotype_02_noir.svg\",\"width\":198,\"height\":107,\"caption\":\"Anaxis AM\"},\"image\":{\"@id\":\"https:\/\/anaxis-am.com\/fr\/#\/schema\/logo\/image\/\"},\"sameAs\":[\"https:\/\/x.com\/AnaxisAM\",\"https:\/\/linkedin.com\/company\/anaxis-am\"]},{\"@type\":\"Person\",\"@id\":\"https:\/\/anaxis-am.com\/fr\/#\/schema\/person\/8a0db0d83a76d63be8b28d8f9c61ad8b\",\"name\":\"Anaxis AM\",\"image\":{\"@type\":\"ImageObject\",\"inLanguage\":\"fr-FR\",\"@id\":\"https:\/\/anaxis-am.com\/fr\/#\/schema\/person\/image\/\",\"url\":\"https:\/\/secure.gravatar.com\/avatar\/9b2b1e71fb4cd0618bc19bc8834e65c991cd8dddc53838d094f6cfb94e23a13c?s=96&d=mm&r=g\",\"contentUrl\":\"https:\/\/secure.gravatar.com\/avatar\/9b2b1e71fb4cd0618bc19bc8834e65c991cd8dddc53838d094f6cfb94e23a13c?s=96&d=mm&r=g\",\"caption\":\"Anaxis AM\"},\"url\":\"https:\/\/anaxis-am.com\/fr\/author\/thibault-danquigny\/\"}]}<\/script>\n<!-- \/ Yoast SEO plugin. -->","yoast_head_json":{"title":"Notre fonds Anaxis Short Duration \u00e0 l'honneur sur RankiaPro Italia - Anaxis AM","description":"En ces temps d\u2019incertitude accrue,\u00a0RankiaPro Italia\u00a0met en avant notre fonds Anaxis Short Duration, le fonds phare de notre gamme, particuli\u00e8rement bien adapt\u00e9 pour r\u00e9sister \u00e0 une grande vari\u00e9t\u00e9 de conditions de march\u00e9.","robots":{"index":"index","follow":"follow","max-snippet":"max-snippet:-1","max-image-preview":"max-image-preview:large","max-video-preview":"max-video-preview:-1"},"canonical":"https:\/\/anaxis-am.com\/fr\/notre-fonds-anaxis-short-duration-a-lhonneur-sur-rankiapro-italia\/","og_locale":"fr_FR","og_type":"article","og_title":"Notre fonds Anaxis Short Duration \u00e0 l'honneur sur RankiaPro Italia - Anaxis AM","og_description":"En ces temps d\u2019incertitude accrue,\u00a0RankiaPro Italia\u00a0met en avant notre fonds Anaxis Short Duration, le fonds phare de notre gamme, particuli\u00e8rement bien adapt\u00e9 pour r\u00e9sister \u00e0 une grande vari\u00e9t\u00e9 de conditions de march\u00e9.","og_url":"https:\/\/anaxis-am.com\/fr\/notre-fonds-anaxis-short-duration-a-lhonneur-sur-rankiapro-italia\/","og_site_name":"Anaxis AM","article_published_time":"2026-04-23T10:20:27+00:00","article_modified_time":"2026-04-23T10:22:58+00:00","og_image":[{"width":674,"height":990,"url":"https:\/\/anaxis-am.com\/wp-content\/uploads\/2026\/04\/image.png","type":"image\/png"}],"author":"Anaxis AM","twitter_card":"summary_large_image","twitter_creator":"@AnaxisAM","twitter_site":"@AnaxisAM","twitter_misc":{"\u00c9crit par":"Anaxis AM","Dur\u00e9e de lecture estim\u00e9e":"2 minutes"},"schema":{"@context":"https:\/\/schema.org","@graph":[{"@type":"Article","@id":"https:\/\/anaxis-am.com\/fr\/notre-fonds-anaxis-short-duration-a-lhonneur-sur-rankiapro-italia\/#article","isPartOf":{"@id":"https:\/\/anaxis-am.com\/fr\/notre-fonds-anaxis-short-duration-a-lhonneur-sur-rankiapro-italia\/"},"author":{"name":"Anaxis AM","@id":"https:\/\/anaxis-am.com\/fr\/#\/schema\/person\/8a0db0d83a76d63be8b28d8f9c61ad8b"},"headline":"Notre fonds Anaxis Short Duration \u00e0 l&rsquo;honneur sur RankiaPro Italia","datePublished":"2026-04-23T10:20:27+00:00","dateModified":"2026-04-23T10:22:58+00:00","mainEntityOfPage":{"@id":"https:\/\/anaxis-am.com\/fr\/notre-fonds-anaxis-short-duration-a-lhonneur-sur-rankiapro-italia\/"},"wordCount":269,"publisher":{"@id":"https:\/\/anaxis-am.com\/fr\/#organization"},"image":{"@id":"https:\/\/anaxis-am.com\/fr\/notre-fonds-anaxis-short-duration-a-lhonneur-sur-rankiapro-italia\/#primaryimage"},"thumbnailUrl":"https:\/\/anaxis-am.com\/wp-content\/uploads\/2026\/04\/image.png","articleSection":["Fonds"],"inLanguage":"fr-FR"},{"@type":"WebPage","@id":"https:\/\/anaxis-am.com\/fr\/notre-fonds-anaxis-short-duration-a-lhonneur-sur-rankiapro-italia\/","url":"https:\/\/anaxis-am.com\/fr\/notre-fonds-anaxis-short-duration-a-lhonneur-sur-rankiapro-italia\/","name":"Notre fonds Anaxis Short Duration \u00e0 l'honneur sur RankiaPro Italia - Anaxis AM","isPartOf":{"@id":"https:\/\/anaxis-am.com\/fr\/#website"},"primaryImageOfPage":{"@id":"https:\/\/anaxis-am.com\/fr\/notre-fonds-anaxis-short-duration-a-lhonneur-sur-rankiapro-italia\/#primaryimage"},"image":{"@id":"https:\/\/anaxis-am.com\/fr\/notre-fonds-anaxis-short-duration-a-lhonneur-sur-rankiapro-italia\/#primaryimage"},"thumbnailUrl":"https:\/\/anaxis-am.com\/wp-content\/uploads\/2026\/04\/image.png","datePublished":"2026-04-23T10:20:27+00:00","dateModified":"2026-04-23T10:22:58+00:00","description":"En ces temps d\u2019incertitude accrue,\u00a0RankiaPro Italia\u00a0met en avant notre fonds Anaxis Short Duration, le fonds phare de notre gamme, particuli\u00e8rement bien adapt\u00e9 pour r\u00e9sister \u00e0 une grande vari\u00e9t\u00e9 de conditions de march\u00e9.","breadcrumb":{"@id":"https:\/\/anaxis-am.com\/fr\/notre-fonds-anaxis-short-duration-a-lhonneur-sur-rankiapro-italia\/#breadcrumb"},"inLanguage":"fr-FR","potentialAction":[{"@type":"ReadAction","target":["https:\/\/anaxis-am.com\/fr\/notre-fonds-anaxis-short-duration-a-lhonneur-sur-rankiapro-italia\/"]}]},{"@type":"ImageObject","inLanguage":"fr-FR","@id":"https:\/\/anaxis-am.com\/fr\/notre-fonds-anaxis-short-duration-a-lhonneur-sur-rankiapro-italia\/#primaryimage","url":"https:\/\/anaxis-am.com\/wp-content\/uploads\/2026\/04\/image.png","contentUrl":"https:\/\/anaxis-am.com\/wp-content\/uploads\/2026\/04\/image.png"},{"@type":"BreadcrumbList","@id":"https:\/\/anaxis-am.com\/fr\/notre-fonds-anaxis-short-duration-a-lhonneur-sur-rankiapro-italia\/#breadcrumb","itemListElement":[{"@type":"ListItem","position":1,"name":"Accueil","item":"https:\/\/anaxis-am.com\/fr\/"},{"@type":"ListItem","position":2,"name":"Notre fonds Anaxis Short Duration \u00e0 l&rsquo;honneur sur RankiaPro Italia"}]},{"@type":"WebSite","@id":"https:\/\/anaxis-am.com\/fr\/#website","url":"https:\/\/anaxis-am.com\/fr\/","name":"Anaxis AM","description":"Gestion d&#039;obligations corporate","publisher":{"@id":"https:\/\/anaxis-am.com\/fr\/#organization"},"potentialAction":[{"@type":"SearchAction","target":{"@type":"EntryPoint","urlTemplate":"https:\/\/anaxis-am.com\/fr\/?s={search_term_string}"},"query-input":{"@type":"PropertyValueSpecification","valueRequired":true,"valueName":"search_term_string"}}],"inLanguage":"fr-FR"},{"@type":"Organization","@id":"https:\/\/anaxis-am.com\/fr\/#organization","name":"Anaxis AM","url":"https:\/\/anaxis-am.com\/fr\/","logo":{"@type":"ImageObject","inLanguage":"fr-FR","@id":"https:\/\/anaxis-am.com\/fr\/#\/schema\/logo\/image\/","url":"https:\/\/anaxis-am.com\/wp-content\/uploads\/2023\/03\/logotype_02_noir.svg","contentUrl":"https:\/\/anaxis-am.com\/wp-content\/uploads\/2023\/03\/logotype_02_noir.svg","width":198,"height":107,"caption":"Anaxis AM"},"image":{"@id":"https:\/\/anaxis-am.com\/fr\/#\/schema\/logo\/image\/"},"sameAs":["https:\/\/x.com\/AnaxisAM","https:\/\/linkedin.com\/company\/anaxis-am"]},{"@type":"Person","@id":"https:\/\/anaxis-am.com\/fr\/#\/schema\/person\/8a0db0d83a76d63be8b28d8f9c61ad8b","name":"Anaxis AM","image":{"@type":"ImageObject","inLanguage":"fr-FR","@id":"https:\/\/anaxis-am.com\/fr\/#\/schema\/person\/image\/","url":"https:\/\/secure.gravatar.com\/avatar\/9b2b1e71fb4cd0618bc19bc8834e65c991cd8dddc53838d094f6cfb94e23a13c?s=96&d=mm&r=g","contentUrl":"https:\/\/secure.gravatar.com\/avatar\/9b2b1e71fb4cd0618bc19bc8834e65c991cd8dddc53838d094f6cfb94e23a13c?s=96&d=mm&r=g","caption":"Anaxis AM"},"url":"https:\/\/anaxis-am.com\/fr\/author\/thibault-danquigny\/"}]}},"_links":{"self":[{"href":"https:\/\/anaxis-am.com\/fr\/wp-json\/wp\/v2\/posts\/19770","targetHints":{"allow":["GET"]}}],"collection":[{"href":"https:\/\/anaxis-am.com\/fr\/wp-json\/wp\/v2\/posts"}],"about":[{"href":"https:\/\/anaxis-am.com\/fr\/wp-json\/wp\/v2\/types\/post"}],"author":[{"embeddable":true,"href":"https:\/\/anaxis-am.com\/fr\/wp-json\/wp\/v2\/users\/2"}],"replies":[{"embeddable":true,"href":"https:\/\/anaxis-am.com\/fr\/wp-json\/wp\/v2\/comments?post=19770"}],"version-history":[{"count":4,"href":"https:\/\/anaxis-am.com\/fr\/wp-json\/wp\/v2\/posts\/19770\/revisions"}],"predecessor-version":[{"id":19779,"href":"https:\/\/anaxis-am.com\/fr\/wp-json\/wp\/v2\/posts\/19770\/revisions\/19779"}],"wp:attachment":[{"href":"https:\/\/anaxis-am.com\/fr\/wp-json\/wp\/v2\/media?parent=19770"}],"wp:term":[{"taxonomy":"category","embeddable":true,"href":"https:\/\/anaxis-am.com\/fr\/wp-json\/wp\/v2\/categories?post=19770"},{"taxonomy":"post_tag","embeddable":true,"href":"https:\/\/anaxis-am.com\/fr\/wp-json\/wp\/v2\/tags?post=19770"}],"curies":[{"name":"wp","href":"https:\/\/api.w.org\/{rel}","templated":true}]}}