{"id":19698,"date":"2026-04-16T09:41:34","date_gmt":"2026-04-16T08:41:34","guid":{"rendered":"https:\/\/anaxis-am.com\/?p=19698"},"modified":"2026-04-16T09:41:35","modified_gmt":"2026-04-16T08:41:35","slug":"retour-en-images-sur-notre-dejeuner-de-presentation-danaxis-strategic-bonds","status":"publish","type":"post","link":"https:\/\/anaxis-am.com\/fr\/retour-en-images-sur-notre-dejeuner-de-presentation-danaxis-strategic-bonds\/","title":{"rendered":"Retour en images sur notre d\u00e9jeuner de pr\u00e9sentation d&rsquo;Anaxis Strategic Bonds"},"content":{"rendered":"\n<p>\ud83d\udcf8 Nous avons eu le plaisir d\u2019accueillir une vingtaine d\u2019investisseurs fran\u00e7ais chez Drouant \u00e0 l\u2019occasion de la pr\u00e9sentation de la strat\u00e9gie de notre nouveau fonds Anaxis Strategic Bonds, particuli\u00e8rement adapt\u00e9e au contexte actuel gr\u00e2ce \u00e0 sa flexibilit\u00e9, son profil Investment Grade et son univers d\u2019investissement \u00e9largi.<\/p>\n\n\n\n<p>Un grand merci \u00e0 tous les participants pour la qualit\u00e9 des \u00e9changes et leur pr\u00e9sence, avec une salle comble dans ce lieu embl\u00e9matique ! \ud83d\udcd6<\/p>\n\n\n\n<p>\ud83d\udca1 A retenir de la pr\u00e9sentation de Thibault Destr\u00e9s, responsable de la gestion obligataire chez Anaxis Asset Management :<\/p>\n\n\n\n<p><strong>1) Contexte macro<\/strong><br>\u27a1\ufe0f Les risques de stagflation augmentent en Europe, cons\u00e9quence d\u2019un choc \u00e9nerg\u00e9tique qui pousse l\u2019inflation \u00e0 la hausse et complique la lecture des banques centrales.<br>\u27a1\ufe0f Les march\u00e9s ont fortement ajust\u00e9 leurs anticipations : jusqu\u2019\u00e0 3 hausses de la BCE en 2026, et une courbe qui bouge fortement (court terme plus lisible, long terme sous pression).<br>\u27a1\ufe0f Les fondamentaux du cr\u00e9dit restent solides (peu de d\u00e9fauts, qualit\u00e9 en hausse), mais la dispersion s\u2019accentue, incitant \u00e0 adopter une approche bien plus s\u00e9lective.<br>\u27a1\ufe0f Nous restons positifs sur les services, les biens d\u2019\u00e9quipement, le secteur financier et la sant\u00e9.<\/p>\n\n\n\n<p><strong>2) Anaxis Strategic Bonds<\/strong><br>\u27a1\ufe0f Une approche multi-segments avec un c\u0153ur Investment Grade, compl\u00e9t\u00e9 par des moteurs de performance cibl\u00e9s (financi\u00e8res subordonn\u00e9es, BB, hybrides corporate).<br>\u27a1\ufe0f Une gestion flexible fond\u00e9e sur un double prisme top-down \/ bottom-up, permettant d\u2019ajuster allocation, duration et s\u00e9lection des \u00e9metteurs en continu.<br>\u27a1\ufe0f Un positionnement clair dans l\u2019environnement actuel : biais court de la courbe (1\u20134 ans), focus sur secteurs d\u00e9fensifs, forte diversification et discipline de risque (notation moyenne IG, limites strictes).<br>\u27a1\ufe0f Un rendement historiquement attractif de 4,77% en EUR \u00e0 fin mars (part FR001400DS90), quasiment 1% sup\u00e9rieur \u00e0 un fonds IG traditionnel.<\/p>\n\n\n\n<p>Pour en savoir plus sur ce fonds : <a href=\"https:\/\/anaxis-am.com\/fr\/fonds\/anaxis-strategic-bonds\/\" target=\"_blank\" rel=\"noreferrer noopener\"><mark style=\"background-color:rgba(0, 0, 0, 0)\" class=\"has-inline-color has-vivid-cyan-blue-color\">https:\/\/anaxis-am.com\/fr\/fonds\/anaxis-strategic-bonds\/<\/mark><\/a><br><\/p>\n\n\n\n<div style=\"height:30px\" aria-hidden=\"true\" class=\"wp-block-spacer\"><\/div>\n\n\n\n<figure class=\"wp-block-gallery has-nested-images columns-default is-cropped wp-block-gallery-1 is-layout-flex wp-block-gallery-is-layout-flex\">\n<figure class=\"wp-block-image size-large is-resized\"><img fetchpriority=\"high\" decoding=\"async\" width=\"1024\" height=\"683\" data-id=\"19699\" src=\"https:\/\/anaxis-am.com\/wp-content\/uploads\/2026\/04\/DSF0512-R2-1024x683.jpg\" alt=\"\" class=\"wp-image-19699\" style=\"width:840px;height:auto\" srcset=\"https:\/\/anaxis-am.com\/wp-content\/uploads\/2026\/04\/DSF0512-R2-1024x683.jpg 1024w, https:\/\/anaxis-am.com\/wp-content\/uploads\/2026\/04\/DSF0512-R2-300x200.jpg 300w, https:\/\/anaxis-am.com\/wp-content\/uploads\/2026\/04\/DSF0512-R2-768x512.jpg 768w, https:\/\/anaxis-am.com\/wp-content\/uploads\/2026\/04\/DSF0512-R2.jpg 1500w\" sizes=\"(max-width: 1024px) 100vw, 1024px\" \/><\/figure>\n<\/figure>\n\n\n\n<figure class=\"wp-block-gallery has-nested-images columns-default is-cropped wp-block-gallery-2 is-layout-flex wp-block-gallery-is-layout-flex\">\n<figure class=\"wp-block-image size-large\"><img decoding=\"async\" width=\"683\" height=\"1024\" data-id=\"19707\" src=\"https:\/\/anaxis-am.com\/wp-content\/uploads\/2026\/04\/DSF0515-R-683x1024.jpg\" alt=\"\" class=\"wp-image-19707\" srcset=\"https:\/\/anaxis-am.com\/wp-content\/uploads\/2026\/04\/DSF0515-R-683x1024.jpg 683w, https:\/\/anaxis-am.com\/wp-content\/uploads\/2026\/04\/DSF0515-R-200x300.jpg 200w, https:\/\/anaxis-am.com\/wp-content\/uploads\/2026\/04\/DSF0515-R-768x1152.jpg 768w, https:\/\/anaxis-am.com\/wp-content\/uploads\/2026\/04\/DSF0515-R.jpg 1000w\" sizes=\"(max-width: 683px) 100vw, 683px\" \/><\/figure>\n\n\n\n<figure class=\"wp-block-image size-full\"><img decoding=\"async\" width=\"1000\" height=\"1500\" data-id=\"19711\" src=\"https:\/\/anaxis-am.com\/wp-content\/uploads\/2026\/04\/DSF0540-R2.jpg\" alt=\"\" class=\"wp-image-19711\" srcset=\"https:\/\/anaxis-am.com\/wp-content\/uploads\/2026\/04\/DSF0540-R2.jpg 1000w, https:\/\/anaxis-am.com\/wp-content\/uploads\/2026\/04\/DSF0540-R2-200x300.jpg 200w, https:\/\/anaxis-am.com\/wp-content\/uploads\/2026\/04\/DSF0540-R2-683x1024.jpg 683w, https:\/\/anaxis-am.com\/wp-content\/uploads\/2026\/04\/DSF0540-R2-768x1152.jpg 768w\" sizes=\"(max-width: 1000px) 100vw, 1000px\" \/><\/figure>\n<\/figure>\n\n\n\n<figure class=\"wp-block-image size-large is-resized\"><img loading=\"lazy\" decoding=\"async\" width=\"1024\" height=\"683\" src=\"https:\/\/anaxis-am.com\/wp-content\/uploads\/2026\/04\/DSF0498-R2-1024x683.jpg\" alt=\"\" class=\"wp-image-19703\" style=\"width:840px;height:auto\" srcset=\"https:\/\/anaxis-am.com\/wp-content\/uploads\/2026\/04\/DSF0498-R2-1024x683.jpg 1024w, https:\/\/anaxis-am.com\/wp-content\/uploads\/2026\/04\/DSF0498-R2-300x200.jpg 300w, https:\/\/anaxis-am.com\/wp-content\/uploads\/2026\/04\/DSF0498-R2-768x512.jpg 768w, https:\/\/anaxis-am.com\/wp-content\/uploads\/2026\/04\/DSF0498-R2.jpg 1500w\" sizes=\"(max-width: 1024px) 100vw, 1024px\" \/><\/figure>\n\n\n\n<div class=\"wp-block-group\"><div class=\"wp-block-group__inner-container is-layout-constrained wp-block-group-is-layout-constrained\">\n<figure class=\"wp-block-gallery has-nested-images columns-2 is-cropped has-background wp-block-gallery-3 is-layout-flex wp-block-gallery-is-layout-flex\" style=\"background-color:#fefefe\"><\/figure>\n<\/div><\/div>\n\n\n\n<figure class=\"wp-block-gallery has-nested-images columns-default is-cropped wp-block-gallery-4 is-layout-flex wp-block-gallery-is-layout-flex\">\n<figure class=\"wp-block-image size-large\"><img loading=\"lazy\" decoding=\"async\" width=\"683\" height=\"1024\" data-id=\"19715\" src=\"https:\/\/anaxis-am.com\/wp-content\/uploads\/2026\/04\/DSF0550-R-683x1024.jpg\" alt=\"\" class=\"wp-image-19715\" srcset=\"https:\/\/anaxis-am.com\/wp-content\/uploads\/2026\/04\/DSF0550-R-683x1024.jpg 683w, https:\/\/anaxis-am.com\/wp-content\/uploads\/2026\/04\/DSF0550-R-200x300.jpg 200w, https:\/\/anaxis-am.com\/wp-content\/uploads\/2026\/04\/DSF0550-R-768x1152.jpg 768w, https:\/\/anaxis-am.com\/wp-content\/uploads\/2026\/04\/DSF0550-R.jpg 1000w\" sizes=\"(max-width: 683px) 100vw, 683px\" \/><\/figure>\n\n\n\n<figure class=\"wp-block-image size-large\"><img loading=\"lazy\" decoding=\"async\" width=\"683\" height=\"1024\" data-id=\"19719\" src=\"https:\/\/anaxis-am.com\/wp-content\/uploads\/2026\/04\/DSF0573-R-683x1024.jpg\" alt=\"\" class=\"wp-image-19719\" srcset=\"https:\/\/anaxis-am.com\/wp-content\/uploads\/2026\/04\/DSF0573-R-683x1024.jpg 683w, https:\/\/anaxis-am.com\/wp-content\/uploads\/2026\/04\/DSF0573-R-200x300.jpg 200w, https:\/\/anaxis-am.com\/wp-content\/uploads\/2026\/04\/DSF0573-R-768x1152.jpg 768w, https:\/\/anaxis-am.com\/wp-content\/uploads\/2026\/04\/DSF0573-R.jpg 1000w\" sizes=\"(max-width: 683px) 100vw, 683px\" \/><\/figure>\n<\/figure>\n\n\n\n<figure class=\"wp-block-image size-large\"><img loading=\"lazy\" decoding=\"async\" width=\"1024\" height=\"683\" src=\"https:\/\/anaxis-am.com\/wp-content\/uploads\/2026\/04\/DSF0569-R-1024x683.jpg\" alt=\"\" class=\"wp-image-19723\" srcset=\"https:\/\/anaxis-am.com\/wp-content\/uploads\/2026\/04\/DSF0569-R-1024x683.jpg 1024w, https:\/\/anaxis-am.com\/wp-content\/uploads\/2026\/04\/DSF0569-R-300x200.jpg 300w, https:\/\/anaxis-am.com\/wp-content\/uploads\/2026\/04\/DSF0569-R-768x512.jpg 768w, https:\/\/anaxis-am.com\/wp-content\/uploads\/2026\/04\/DSF0569-R.jpg 1500w\" sizes=\"(max-width: 1024px) 100vw, 1024px\" \/><\/figure>\n\n\n\n<figure class=\"wp-block-gallery has-nested-images columns-default is-cropped wp-block-gallery-5 is-layout-flex wp-block-gallery-is-layout-flex\">\n<figure class=\"wp-block-image size-large\"><img loading=\"lazy\" decoding=\"async\" width=\"1024\" height=\"683\" data-id=\"19727\" src=\"https:\/\/anaxis-am.com\/wp-content\/uploads\/2026\/04\/DSF0577-R-1024x683.jpg\" alt=\"\" class=\"wp-image-19727\" srcset=\"https:\/\/anaxis-am.com\/wp-content\/uploads\/2026\/04\/DSF0577-R-1024x683.jpg 1024w, https:\/\/anaxis-am.com\/wp-content\/uploads\/2026\/04\/DSF0577-R-300x200.jpg 300w, https:\/\/anaxis-am.com\/wp-content\/uploads\/2026\/04\/DSF0577-R-768x512.jpg 768w, https:\/\/anaxis-am.com\/wp-content\/uploads\/2026\/04\/DSF0577-R.jpg 1500w\" sizes=\"(max-width: 1024px) 100vw, 1024px\" \/><\/figure>\n<\/figure>\n\n\n\n<p><\/p>\n","protected":false},"excerpt":{"rendered":"<p>Nous avons eu le plaisir d\u2019accueillir une vingtaine d\u2019investisseurs fran\u00e7ais chez Drouant \u00e0 l\u2019occasion de la pr\u00e9sentation de la strat\u00e9gie de notre nouveau fonds Anaxis Strategic Bonds, particuli\u00e8rement adapt\u00e9e au contexte actuel gr\u00e2ce \u00e0 sa flexibilit\u00e9, son profil Investment Grade et son univers d\u2019investissement \u00e9largi.<\/p>\n","protected":false},"author":2,"featured_media":0,"comment_status":"closed","ping_status":"closed","sticky":false,"template":"elementor_theme","format":"standard","meta":{"footnotes":""},"categories":[7],"tags":[],"class_list":["post-19698","post","type-post","status-publish","format-standard","hentry","category-evenements"],"acf":[],"yoast_head":"<!-- This site is optimized with the Yoast SEO plugin v25.1 - https:\/\/yoast.com\/wordpress\/plugins\/seo\/ -->\n<title>Retour en images sur notre d\u00e9jeuner de pr\u00e9sentation d&#039;Anaxis Strategic Bonds - Anaxis AM<\/title>\n<meta name=\"description\" content=\"Nous avons eu le plaisir d\u2019accueillir une vingtaine d\u2019investisseurs fran\u00e7ais chez Drouant \u00e0 l\u2019occasion de la pr\u00e9sentation de la strat\u00e9gie de notre nouveau fonds Anaxis Strategic Bonds.\" \/>\n<meta name=\"robots\" content=\"index, follow, max-snippet:-1, max-image-preview:large, max-video-preview:-1\" \/>\n<link rel=\"canonical\" href=\"https:\/\/anaxis-am.com\/fr\/retour-en-images-sur-notre-dejeuner-de-presentation-danaxis-strategic-bonds\/\" \/>\n<meta property=\"og:locale\" content=\"fr_FR\" \/>\n<meta property=\"og:type\" content=\"article\" \/>\n<meta property=\"og:title\" content=\"Retour en images sur notre d\u00e9jeuner de pr\u00e9sentation d&#039;Anaxis Strategic Bonds - Anaxis AM\" \/>\n<meta property=\"og:description\" content=\"Nous avons eu le plaisir d\u2019accueillir une vingtaine d\u2019investisseurs fran\u00e7ais chez Drouant \u00e0 l\u2019occasion de la pr\u00e9sentation de la strat\u00e9gie de notre nouveau fonds Anaxis Strategic Bonds.\" \/>\n<meta property=\"og:url\" content=\"https:\/\/anaxis-am.com\/fr\/retour-en-images-sur-notre-dejeuner-de-presentation-danaxis-strategic-bonds\/\" \/>\n<meta property=\"og:site_name\" content=\"Anaxis AM\" \/>\n<meta property=\"article:published_time\" content=\"2026-04-16T08:41:34+00:00\" \/>\n<meta property=\"article:modified_time\" content=\"2026-04-16T08:41:35+00:00\" \/>\n<meta property=\"og:image\" content=\"https:\/\/anaxis-am.com\/wp-content\/uploads\/2026\/04\/DSF0512-R2.jpg\" \/>\n\t<meta property=\"og:image:width\" content=\"1500\" \/>\n\t<meta property=\"og:image:height\" content=\"1000\" \/>\n\t<meta property=\"og:image:type\" content=\"image\/jpeg\" \/>\n<meta name=\"author\" content=\"Anaxis AM\" \/>\n<meta name=\"twitter:card\" content=\"summary_large_image\" \/>\n<meta name=\"twitter:creator\" content=\"@AnaxisAM\" \/>\n<meta name=\"twitter:site\" content=\"@AnaxisAM\" \/>\n<meta name=\"twitter:label1\" content=\"\u00c9crit par\" \/>\n\t<meta name=\"twitter:data1\" content=\"Anaxis AM\" \/>\n\t<meta name=\"twitter:label2\" content=\"Dur\u00e9e de lecture estim\u00e9e\" \/>\n\t<meta name=\"twitter:data2\" content=\"4 minutes\" \/>\n<script type=\"application\/ld+json\" class=\"yoast-schema-graph\">{\"@context\":\"https:\/\/schema.org\",\"@graph\":[{\"@type\":\"Article\",\"@id\":\"https:\/\/anaxis-am.com\/fr\/retour-en-images-sur-notre-dejeuner-de-presentation-danaxis-strategic-bonds\/#article\",\"isPartOf\":{\"@id\":\"https:\/\/anaxis-am.com\/fr\/retour-en-images-sur-notre-dejeuner-de-presentation-danaxis-strategic-bonds\/\"},\"author\":{\"name\":\"Anaxis AM\",\"@id\":\"https:\/\/anaxis-am.com\/fr\/#\/schema\/person\/8a0db0d83a76d63be8b28d8f9c61ad8b\"},\"headline\":\"Retour en images sur notre d\u00e9jeuner de pr\u00e9sentation d&rsquo;Anaxis Strategic Bonds\",\"datePublished\":\"2026-04-16T08:41:34+00:00\",\"dateModified\":\"2026-04-16T08:41:35+00:00\",\"mainEntityOfPage\":{\"@id\":\"https:\/\/anaxis-am.com\/fr\/retour-en-images-sur-notre-dejeuner-de-presentation-danaxis-strategic-bonds\/\"},\"wordCount\":321,\"publisher\":{\"@id\":\"https:\/\/anaxis-am.com\/fr\/#organization\"},\"image\":{\"@id\":\"https:\/\/anaxis-am.com\/fr\/retour-en-images-sur-notre-dejeuner-de-presentation-danaxis-strategic-bonds\/#primaryimage\"},\"thumbnailUrl\":\"https:\/\/anaxis-am.com\/wp-content\/uploads\/2026\/04\/DSF0512-R2-1024x683.jpg\",\"articleSection\":[\"\u00c9v\u00e9nements\"],\"inLanguage\":\"fr-FR\"},{\"@type\":\"WebPage\",\"@id\":\"https:\/\/anaxis-am.com\/fr\/retour-en-images-sur-notre-dejeuner-de-presentation-danaxis-strategic-bonds\/\",\"url\":\"https:\/\/anaxis-am.com\/fr\/retour-en-images-sur-notre-dejeuner-de-presentation-danaxis-strategic-bonds\/\",\"name\":\"Retour en images sur notre d\u00e9jeuner de pr\u00e9sentation d'Anaxis Strategic Bonds - Anaxis AM\",\"isPartOf\":{\"@id\":\"https:\/\/anaxis-am.com\/fr\/#website\"},\"primaryImageOfPage\":{\"@id\":\"https:\/\/anaxis-am.com\/fr\/retour-en-images-sur-notre-dejeuner-de-presentation-danaxis-strategic-bonds\/#primaryimage\"},\"image\":{\"@id\":\"https:\/\/anaxis-am.com\/fr\/retour-en-images-sur-notre-dejeuner-de-presentation-danaxis-strategic-bonds\/#primaryimage\"},\"thumbnailUrl\":\"https:\/\/anaxis-am.com\/wp-content\/uploads\/2026\/04\/DSF0512-R2-1024x683.jpg\",\"datePublished\":\"2026-04-16T08:41:34+00:00\",\"dateModified\":\"2026-04-16T08:41:35+00:00\",\"description\":\"Nous avons eu le plaisir d\u2019accueillir une vingtaine d\u2019investisseurs fran\u00e7ais chez Drouant \u00e0 l\u2019occasion de la pr\u00e9sentation de la strat\u00e9gie de notre nouveau fonds Anaxis Strategic Bonds.\",\"breadcrumb\":{\"@id\":\"https:\/\/anaxis-am.com\/fr\/retour-en-images-sur-notre-dejeuner-de-presentation-danaxis-strategic-bonds\/#breadcrumb\"},\"inLanguage\":\"fr-FR\",\"potentialAction\":[{\"@type\":\"ReadAction\",\"target\":[\"https:\/\/anaxis-am.com\/fr\/retour-en-images-sur-notre-dejeuner-de-presentation-danaxis-strategic-bonds\/\"]}]},{\"@type\":\"ImageObject\",\"inLanguage\":\"fr-FR\",\"@id\":\"https:\/\/anaxis-am.com\/fr\/retour-en-images-sur-notre-dejeuner-de-presentation-danaxis-strategic-bonds\/#primaryimage\",\"url\":\"https:\/\/anaxis-am.com\/wp-content\/uploads\/2026\/04\/DSF0512-R2-1024x683.jpg\",\"contentUrl\":\"https:\/\/anaxis-am.com\/wp-content\/uploads\/2026\/04\/DSF0512-R2-1024x683.jpg\"},{\"@type\":\"BreadcrumbList\",\"@id\":\"https:\/\/anaxis-am.com\/fr\/retour-en-images-sur-notre-dejeuner-de-presentation-danaxis-strategic-bonds\/#breadcrumb\",\"itemListElement\":[{\"@type\":\"ListItem\",\"position\":1,\"name\":\"Accueil\",\"item\":\"https:\/\/anaxis-am.com\/fr\/\"},{\"@type\":\"ListItem\",\"position\":2,\"name\":\"Retour en images sur notre d\u00e9jeuner de pr\u00e9sentation d&rsquo;Anaxis Strategic Bonds\"}]},{\"@type\":\"WebSite\",\"@id\":\"https:\/\/anaxis-am.com\/fr\/#website\",\"url\":\"https:\/\/anaxis-am.com\/fr\/\",\"name\":\"Anaxis AM\",\"description\":\"Gestion d&#039;obligations corporate\",\"publisher\":{\"@id\":\"https:\/\/anaxis-am.com\/fr\/#organization\"},\"potentialAction\":[{\"@type\":\"SearchAction\",\"target\":{\"@type\":\"EntryPoint\",\"urlTemplate\":\"https:\/\/anaxis-am.com\/fr\/?s={search_term_string}\"},\"query-input\":{\"@type\":\"PropertyValueSpecification\",\"valueRequired\":true,\"valueName\":\"search_term_string\"}}],\"inLanguage\":\"fr-FR\"},{\"@type\":\"Organization\",\"@id\":\"https:\/\/anaxis-am.com\/fr\/#organization\",\"name\":\"Anaxis AM\",\"url\":\"https:\/\/anaxis-am.com\/fr\/\",\"logo\":{\"@type\":\"ImageObject\",\"inLanguage\":\"fr-FR\",\"@id\":\"https:\/\/anaxis-am.com\/fr\/#\/schema\/logo\/image\/\",\"url\":\"https:\/\/anaxis-am.com\/wp-content\/uploads\/2023\/03\/logotype_02_noir.svg\",\"contentUrl\":\"https:\/\/anaxis-am.com\/wp-content\/uploads\/2023\/03\/logotype_02_noir.svg\",\"width\":198,\"height\":107,\"caption\":\"Anaxis AM\"},\"image\":{\"@id\":\"https:\/\/anaxis-am.com\/fr\/#\/schema\/logo\/image\/\"},\"sameAs\":[\"https:\/\/x.com\/AnaxisAM\",\"https:\/\/linkedin.com\/company\/anaxis-am\"]},{\"@type\":\"Person\",\"@id\":\"https:\/\/anaxis-am.com\/fr\/#\/schema\/person\/8a0db0d83a76d63be8b28d8f9c61ad8b\",\"name\":\"Anaxis AM\",\"image\":{\"@type\":\"ImageObject\",\"inLanguage\":\"fr-FR\",\"@id\":\"https:\/\/anaxis-am.com\/fr\/#\/schema\/person\/image\/\",\"url\":\"https:\/\/secure.gravatar.com\/avatar\/9b2b1e71fb4cd0618bc19bc8834e65c991cd8dddc53838d094f6cfb94e23a13c?s=96&d=mm&r=g\",\"contentUrl\":\"https:\/\/secure.gravatar.com\/avatar\/9b2b1e71fb4cd0618bc19bc8834e65c991cd8dddc53838d094f6cfb94e23a13c?s=96&d=mm&r=g\",\"caption\":\"Anaxis AM\"},\"url\":\"https:\/\/anaxis-am.com\/fr\/author\/thibault-danquigny\/\"}]}<\/script>\n<!-- \/ Yoast SEO plugin. -->","yoast_head_json":{"title":"Retour en images sur notre d\u00e9jeuner de pr\u00e9sentation d'Anaxis Strategic Bonds - Anaxis AM","description":"Nous avons eu le plaisir d\u2019accueillir une vingtaine d\u2019investisseurs fran\u00e7ais chez Drouant \u00e0 l\u2019occasion de la pr\u00e9sentation de la strat\u00e9gie de notre nouveau fonds Anaxis Strategic Bonds.","robots":{"index":"index","follow":"follow","max-snippet":"max-snippet:-1","max-image-preview":"max-image-preview:large","max-video-preview":"max-video-preview:-1"},"canonical":"https:\/\/anaxis-am.com\/fr\/retour-en-images-sur-notre-dejeuner-de-presentation-danaxis-strategic-bonds\/","og_locale":"fr_FR","og_type":"article","og_title":"Retour en images sur notre d\u00e9jeuner de pr\u00e9sentation d'Anaxis Strategic Bonds - Anaxis AM","og_description":"Nous avons eu le plaisir d\u2019accueillir une vingtaine d\u2019investisseurs fran\u00e7ais chez Drouant \u00e0 l\u2019occasion de la pr\u00e9sentation de la strat\u00e9gie de notre nouveau fonds Anaxis Strategic Bonds.","og_url":"https:\/\/anaxis-am.com\/fr\/retour-en-images-sur-notre-dejeuner-de-presentation-danaxis-strategic-bonds\/","og_site_name":"Anaxis AM","article_published_time":"2026-04-16T08:41:34+00:00","article_modified_time":"2026-04-16T08:41:35+00:00","og_image":[{"width":1500,"height":1000,"url":"https:\/\/anaxis-am.com\/wp-content\/uploads\/2026\/04\/DSF0512-R2.jpg","type":"image\/jpeg"}],"author":"Anaxis AM","twitter_card":"summary_large_image","twitter_creator":"@AnaxisAM","twitter_site":"@AnaxisAM","twitter_misc":{"\u00c9crit par":"Anaxis AM","Dur\u00e9e de lecture estim\u00e9e":"4 minutes"},"schema":{"@context":"https:\/\/schema.org","@graph":[{"@type":"Article","@id":"https:\/\/anaxis-am.com\/fr\/retour-en-images-sur-notre-dejeuner-de-presentation-danaxis-strategic-bonds\/#article","isPartOf":{"@id":"https:\/\/anaxis-am.com\/fr\/retour-en-images-sur-notre-dejeuner-de-presentation-danaxis-strategic-bonds\/"},"author":{"name":"Anaxis AM","@id":"https:\/\/anaxis-am.com\/fr\/#\/schema\/person\/8a0db0d83a76d63be8b28d8f9c61ad8b"},"headline":"Retour en images sur notre d\u00e9jeuner de pr\u00e9sentation d&rsquo;Anaxis Strategic Bonds","datePublished":"2026-04-16T08:41:34+00:00","dateModified":"2026-04-16T08:41:35+00:00","mainEntityOfPage":{"@id":"https:\/\/anaxis-am.com\/fr\/retour-en-images-sur-notre-dejeuner-de-presentation-danaxis-strategic-bonds\/"},"wordCount":321,"publisher":{"@id":"https:\/\/anaxis-am.com\/fr\/#organization"},"image":{"@id":"https:\/\/anaxis-am.com\/fr\/retour-en-images-sur-notre-dejeuner-de-presentation-danaxis-strategic-bonds\/#primaryimage"},"thumbnailUrl":"https:\/\/anaxis-am.com\/wp-content\/uploads\/2026\/04\/DSF0512-R2-1024x683.jpg","articleSection":["\u00c9v\u00e9nements"],"inLanguage":"fr-FR"},{"@type":"WebPage","@id":"https:\/\/anaxis-am.com\/fr\/retour-en-images-sur-notre-dejeuner-de-presentation-danaxis-strategic-bonds\/","url":"https:\/\/anaxis-am.com\/fr\/retour-en-images-sur-notre-dejeuner-de-presentation-danaxis-strategic-bonds\/","name":"Retour en images sur notre d\u00e9jeuner de pr\u00e9sentation d'Anaxis Strategic Bonds - Anaxis AM","isPartOf":{"@id":"https:\/\/anaxis-am.com\/fr\/#website"},"primaryImageOfPage":{"@id":"https:\/\/anaxis-am.com\/fr\/retour-en-images-sur-notre-dejeuner-de-presentation-danaxis-strategic-bonds\/#primaryimage"},"image":{"@id":"https:\/\/anaxis-am.com\/fr\/retour-en-images-sur-notre-dejeuner-de-presentation-danaxis-strategic-bonds\/#primaryimage"},"thumbnailUrl":"https:\/\/anaxis-am.com\/wp-content\/uploads\/2026\/04\/DSF0512-R2-1024x683.jpg","datePublished":"2026-04-16T08:41:34+00:00","dateModified":"2026-04-16T08:41:35+00:00","description":"Nous avons eu le plaisir d\u2019accueillir une vingtaine d\u2019investisseurs fran\u00e7ais chez Drouant \u00e0 l\u2019occasion de la pr\u00e9sentation de la strat\u00e9gie de notre nouveau fonds Anaxis Strategic Bonds.","breadcrumb":{"@id":"https:\/\/anaxis-am.com\/fr\/retour-en-images-sur-notre-dejeuner-de-presentation-danaxis-strategic-bonds\/#breadcrumb"},"inLanguage":"fr-FR","potentialAction":[{"@type":"ReadAction","target":["https:\/\/anaxis-am.com\/fr\/retour-en-images-sur-notre-dejeuner-de-presentation-danaxis-strategic-bonds\/"]}]},{"@type":"ImageObject","inLanguage":"fr-FR","@id":"https:\/\/anaxis-am.com\/fr\/retour-en-images-sur-notre-dejeuner-de-presentation-danaxis-strategic-bonds\/#primaryimage","url":"https:\/\/anaxis-am.com\/wp-content\/uploads\/2026\/04\/DSF0512-R2-1024x683.jpg","contentUrl":"https:\/\/anaxis-am.com\/wp-content\/uploads\/2026\/04\/DSF0512-R2-1024x683.jpg"},{"@type":"BreadcrumbList","@id":"https:\/\/anaxis-am.com\/fr\/retour-en-images-sur-notre-dejeuner-de-presentation-danaxis-strategic-bonds\/#breadcrumb","itemListElement":[{"@type":"ListItem","position":1,"name":"Accueil","item":"https:\/\/anaxis-am.com\/fr\/"},{"@type":"ListItem","position":2,"name":"Retour en images sur notre d\u00e9jeuner de pr\u00e9sentation d&rsquo;Anaxis Strategic Bonds"}]},{"@type":"WebSite","@id":"https:\/\/anaxis-am.com\/fr\/#website","url":"https:\/\/anaxis-am.com\/fr\/","name":"Anaxis AM","description":"Gestion d&#039;obligations corporate","publisher":{"@id":"https:\/\/anaxis-am.com\/fr\/#organization"},"potentialAction":[{"@type":"SearchAction","target":{"@type":"EntryPoint","urlTemplate":"https:\/\/anaxis-am.com\/fr\/?s={search_term_string}"},"query-input":{"@type":"PropertyValueSpecification","valueRequired":true,"valueName":"search_term_string"}}],"inLanguage":"fr-FR"},{"@type":"Organization","@id":"https:\/\/anaxis-am.com\/fr\/#organization","name":"Anaxis AM","url":"https:\/\/anaxis-am.com\/fr\/","logo":{"@type":"ImageObject","inLanguage":"fr-FR","@id":"https:\/\/anaxis-am.com\/fr\/#\/schema\/logo\/image\/","url":"https:\/\/anaxis-am.com\/wp-content\/uploads\/2023\/03\/logotype_02_noir.svg","contentUrl":"https:\/\/anaxis-am.com\/wp-content\/uploads\/2023\/03\/logotype_02_noir.svg","width":198,"height":107,"caption":"Anaxis AM"},"image":{"@id":"https:\/\/anaxis-am.com\/fr\/#\/schema\/logo\/image\/"},"sameAs":["https:\/\/x.com\/AnaxisAM","https:\/\/linkedin.com\/company\/anaxis-am"]},{"@type":"Person","@id":"https:\/\/anaxis-am.com\/fr\/#\/schema\/person\/8a0db0d83a76d63be8b28d8f9c61ad8b","name":"Anaxis AM","image":{"@type":"ImageObject","inLanguage":"fr-FR","@id":"https:\/\/anaxis-am.com\/fr\/#\/schema\/person\/image\/","url":"https:\/\/secure.gravatar.com\/avatar\/9b2b1e71fb4cd0618bc19bc8834e65c991cd8dddc53838d094f6cfb94e23a13c?s=96&d=mm&r=g","contentUrl":"https:\/\/secure.gravatar.com\/avatar\/9b2b1e71fb4cd0618bc19bc8834e65c991cd8dddc53838d094f6cfb94e23a13c?s=96&d=mm&r=g","caption":"Anaxis AM"},"url":"https:\/\/anaxis-am.com\/fr\/author\/thibault-danquigny\/"}]}},"_links":{"self":[{"href":"https:\/\/anaxis-am.com\/fr\/wp-json\/wp\/v2\/posts\/19698","targetHints":{"allow":["GET"]}}],"collection":[{"href":"https:\/\/anaxis-am.com\/fr\/wp-json\/wp\/v2\/posts"}],"about":[{"href":"https:\/\/anaxis-am.com\/fr\/wp-json\/wp\/v2\/types\/post"}],"author":[{"embeddable":true,"href":"https:\/\/anaxis-am.com\/fr\/wp-json\/wp\/v2\/users\/2"}],"replies":[{"embeddable":true,"href":"https:\/\/anaxis-am.com\/fr\/wp-json\/wp\/v2\/comments?post=19698"}],"version-history":[{"count":1,"href":"https:\/\/anaxis-am.com\/fr\/wp-json\/wp\/v2\/posts\/19698\/revisions"}],"predecessor-version":[{"id":19731,"href":"https:\/\/anaxis-am.com\/fr\/wp-json\/wp\/v2\/posts\/19698\/revisions\/19731"}],"wp:attachment":[{"href":"https:\/\/anaxis-am.com\/fr\/wp-json\/wp\/v2\/media?parent=19698"}],"wp:term":[{"taxonomy":"category","embeddable":true,"href":"https:\/\/anaxis-am.com\/fr\/wp-json\/wp\/v2\/categories?post=19698"},{"taxonomy":"post_tag","embeddable":true,"href":"https:\/\/anaxis-am.com\/fr\/wp-json\/wp\/v2\/tags?post=19698"}],"curies":[{"name":"wp","href":"https:\/\/api.w.org\/{rel}","templated":true}]}}