{"id":19646,"date":"2026-04-03T14:02:51","date_gmt":"2026-04-03T13:02:51","guid":{"rendered":"https:\/\/anaxis-am.com\/?p=19646"},"modified":"2026-04-03T14:02:52","modified_gmt":"2026-04-03T13:02:52","slug":"retour-en-images-sur-la-participation-danaxis-am-a-time-to-change-2026","status":"publish","type":"post","link":"https:\/\/anaxis-am.com\/fr\/retour-en-images-sur-la-participation-danaxis-am-a-time-to-change-2026\/","title":{"rendered":"Retour en images sur la participation d&rsquo;Anaxis AM \u00e0 Time to Change 2026"},"content":{"rendered":"\n<p>\ud83d\udcf8 Retour en images sur la participation d&rsquo;Anaxis AM \u00e0 la cinqui\u00e8me \u00e9dition de <strong>Time To Change, le Forum Climat, Energies &amp; Finance Durable<\/strong> organis\u00e9 par Option Finance, l\u2019Association fran\u00e7aise des investisseurs institutionnels (Af2i) et GREENUNIVERS.<\/p>\n\n\n\n<p>\ud83d\udcab Une tr\u00e8s belle \u00e9dition, riche en \u00e9changes, tables rondes et pr\u00e9sentations autour des sujets de durabilit\u00e9 !<\/p>\n\n\n\n<p>\ud83d\udcac Thibault Destr\u00e9s, responsable de la gestion obligataire chez Anaxis Asset Management, a eu le plaisir de prendre part \u00e0 la table ronde : \u00ab <em>Gestion obligataire : les crit\u00e8res ESG r\u00e9duisent-ils le risque ?<\/em> \u00bb Il a notamment mis en avant la dimension de gestion du risque de l\u2019ESG, les enjeux de mod\u00e9lisation et d\u2019anticipation, ainsi que des exemples concrets tir\u00e9s de notre gestion, en tant qu&rsquo;experts du cr\u00e9dit durable.<\/p>\n\n\n\n<p>Davantage d&rsquo;informations sur notre approche responsable : <a href=\"https:\/\/anaxis-am.com\/fr\/approche-responsable\/\" target=\"_blank\" rel=\"noreferrer noopener\"><mark style=\"background-color:rgba(0, 0, 0, 0)\" class=\"has-inline-color has-vivid-cyan-blue-color\">https:\/\/anaxis-am.com\/fr\/approche-responsable\/<\/mark><\/a><br><\/p>\n\n\n\n<div style=\"height:30px\" aria-hidden=\"true\" class=\"wp-block-spacer\"><\/div>\n\n\n\n<figure class=\"wp-block-gallery has-nested-images columns-default is-cropped wp-block-gallery-1 is-layout-flex wp-block-gallery-is-layout-flex\">\n<figure class=\"wp-block-image size-large is-resized\"><img fetchpriority=\"high\" decoding=\"async\" width=\"1024\" height=\"683\" data-id=\"19647\" src=\"https:\/\/anaxis-am.com\/wp-content\/uploads\/2026\/04\/TTC25-1024x683.jpeg\" alt=\"\" class=\"wp-image-19647\" style=\"width:840px;height:auto\" srcset=\"https:\/\/anaxis-am.com\/wp-content\/uploads\/2026\/04\/TTC25-1024x683.jpeg 1024w, https:\/\/anaxis-am.com\/wp-content\/uploads\/2026\/04\/TTC25-300x200.jpeg 300w, https:\/\/anaxis-am.com\/wp-content\/uploads\/2026\/04\/TTC25-768x512.jpeg 768w, https:\/\/anaxis-am.com\/wp-content\/uploads\/2026\/04\/TTC25-1536x1024.jpeg 1536w, https:\/\/anaxis-am.com\/wp-content\/uploads\/2026\/04\/TTC25-2048x1365.jpeg 2048w\" sizes=\"(max-width: 1024px) 100vw, 1024px\" \/><\/figure>\n<\/figure>\n\n\n\n<figure class=\"wp-block-gallery has-nested-images columns-default is-cropped wp-block-gallery-2 is-layout-flex wp-block-gallery-is-layout-flex\">\n<figure class=\"wp-block-image size-large\"><img decoding=\"async\" width=\"1024\" height=\"683\" data-id=\"19651\" src=\"https:\/\/anaxis-am.com\/wp-content\/uploads\/2026\/04\/TTC7-1024x683.jpeg\" alt=\"\" class=\"wp-image-19651\" srcset=\"https:\/\/anaxis-am.com\/wp-content\/uploads\/2026\/04\/TTC7-1024x683.jpeg 1024w, https:\/\/anaxis-am.com\/wp-content\/uploads\/2026\/04\/TTC7-300x200.jpeg 300w, https:\/\/anaxis-am.com\/wp-content\/uploads\/2026\/04\/TTC7-768x512.jpeg 768w, https:\/\/anaxis-am.com\/wp-content\/uploads\/2026\/04\/TTC7-1536x1024.jpeg 1536w, https:\/\/anaxis-am.com\/wp-content\/uploads\/2026\/04\/TTC7-2048x1365.jpeg 2048w\" sizes=\"(max-width: 1024px) 100vw, 1024px\" \/><\/figure>\n\n\n\n<figure class=\"wp-block-image size-full\"><img decoding=\"async\" width=\"683\" height=\"1024\" data-id=\"19655\" src=\"https:\/\/anaxis-am.com\/wp-content\/uploads\/2026\/04\/Image-2.jpg\" alt=\"\" class=\"wp-image-19655\" srcset=\"https:\/\/anaxis-am.com\/wp-content\/uploads\/2026\/04\/Image-2.jpg 683w, https:\/\/anaxis-am.com\/wp-content\/uploads\/2026\/04\/Image-2-200x300.jpg 200w\" sizes=\"(max-width: 683px) 100vw, 683px\" \/><\/figure>\n<\/figure>\n\n\n\n<figure class=\"wp-block-image size-large is-resized\"><img loading=\"lazy\" decoding=\"async\" width=\"1024\" height=\"683\" src=\"https:\/\/anaxis-am.com\/wp-content\/uploads\/2026\/04\/TTC5-1024x683.jpeg\" alt=\"\" class=\"wp-image-19659\" style=\"width:840px;height:auto\" srcset=\"https:\/\/anaxis-am.com\/wp-content\/uploads\/2026\/04\/TTC5-1024x683.jpeg 1024w, https:\/\/anaxis-am.com\/wp-content\/uploads\/2026\/04\/TTC5-300x200.jpeg 300w, https:\/\/anaxis-am.com\/wp-content\/uploads\/2026\/04\/TTC5-768x512.jpeg 768w, https:\/\/anaxis-am.com\/wp-content\/uploads\/2026\/04\/TTC5-1536x1024.jpeg 1536w, https:\/\/anaxis-am.com\/wp-content\/uploads\/2026\/04\/TTC5-2048x1366.jpeg 2048w\" sizes=\"(max-width: 1024px) 100vw, 1024px\" \/><\/figure>\n\n\n\n<div class=\"wp-block-group\"><div class=\"wp-block-group__inner-container is-layout-constrained wp-block-group-is-layout-constrained\">\n<figure class=\"wp-block-gallery has-nested-images columns-2 is-cropped has-background wp-block-gallery-3 is-layout-flex wp-block-gallery-is-layout-flex\" style=\"background-color:#fefefe\"><\/figure>\n<\/div><\/div>\n\n\n\n<figure class=\"wp-block-gallery has-nested-images columns-default is-cropped wp-block-gallery-4 is-layout-flex wp-block-gallery-is-layout-flex\">\n<figure class=\"wp-block-image size-large\"><img loading=\"lazy\" decoding=\"async\" width=\"1024\" height=\"683\" data-id=\"19663\" src=\"https:\/\/anaxis-am.com\/wp-content\/uploads\/2026\/04\/TTC15-1024x683.jpeg\" alt=\"\" class=\"wp-image-19663\" srcset=\"https:\/\/anaxis-am.com\/wp-content\/uploads\/2026\/04\/TTC15-1024x683.jpeg 1024w, https:\/\/anaxis-am.com\/wp-content\/uploads\/2026\/04\/TTC15-300x200.jpeg 300w, https:\/\/anaxis-am.com\/wp-content\/uploads\/2026\/04\/TTC15-768x512.jpeg 768w, https:\/\/anaxis-am.com\/wp-content\/uploads\/2026\/04\/TTC15-1536x1024.jpeg 1536w, https:\/\/anaxis-am.com\/wp-content\/uploads\/2026\/04\/TTC15-2048x1365.jpeg 2048w\" sizes=\"(max-width: 1024px) 100vw, 1024px\" \/><\/figure>\n\n\n\n<figure class=\"wp-block-image size-large\"><img loading=\"lazy\" decoding=\"async\" width=\"1024\" height=\"683\" data-id=\"19671\" src=\"https:\/\/anaxis-am.com\/wp-content\/uploads\/2026\/04\/TTC13-1024x683.jpeg\" alt=\"\" class=\"wp-image-19671\" srcset=\"https:\/\/anaxis-am.com\/wp-content\/uploads\/2026\/04\/TTC13-1024x683.jpeg 1024w, https:\/\/anaxis-am.com\/wp-content\/uploads\/2026\/04\/TTC13-300x200.jpeg 300w, https:\/\/anaxis-am.com\/wp-content\/uploads\/2026\/04\/TTC13-768x512.jpeg 768w, https:\/\/anaxis-am.com\/wp-content\/uploads\/2026\/04\/TTC13-1536x1024.jpeg 1536w, https:\/\/anaxis-am.com\/wp-content\/uploads\/2026\/04\/TTC13-2048x1365.jpeg 2048w\" sizes=\"(max-width: 1024px) 100vw, 1024px\" \/><\/figure>\n<\/figure>\n\n\n\n<figure class=\"wp-block-image size-large\"><img loading=\"lazy\" decoding=\"async\" width=\"1024\" height=\"683\" src=\"https:\/\/anaxis-am.com\/wp-content\/uploads\/2026\/04\/TTC21-1024x683.jpeg\" alt=\"\" class=\"wp-image-19667\" srcset=\"https:\/\/anaxis-am.com\/wp-content\/uploads\/2026\/04\/TTC21-1024x683.jpeg 1024w, https:\/\/anaxis-am.com\/wp-content\/uploads\/2026\/04\/TTC21-300x200.jpeg 300w, https:\/\/anaxis-am.com\/wp-content\/uploads\/2026\/04\/TTC21-768x512.jpeg 768w, https:\/\/anaxis-am.com\/wp-content\/uploads\/2026\/04\/TTC21-1536x1024.jpeg 1536w, https:\/\/anaxis-am.com\/wp-content\/uploads\/2026\/04\/TTC21-2048x1365.jpeg 2048w\" sizes=\"(max-width: 1024px) 100vw, 1024px\" \/><\/figure>\n\n\n\n<figure class=\"wp-block-gallery has-nested-images columns-default is-cropped wp-block-gallery-5 is-layout-flex wp-block-gallery-is-layout-flex\">\n<figure class=\"wp-block-image size-large\"><img loading=\"lazy\" decoding=\"async\" width=\"1024\" height=\"683\" data-id=\"19675\" src=\"https:\/\/anaxis-am.com\/wp-content\/uploads\/2026\/04\/Video-1-1024x683.jpeg\" alt=\"\" class=\"wp-image-19675\" srcset=\"https:\/\/anaxis-am.com\/wp-content\/uploads\/2026\/04\/Video-1-1024x683.jpeg 1024w, https:\/\/anaxis-am.com\/wp-content\/uploads\/2026\/04\/Video-1-300x200.jpeg 300w, https:\/\/anaxis-am.com\/wp-content\/uploads\/2026\/04\/Video-1-768x512.jpeg 768w, https:\/\/anaxis-am.com\/wp-content\/uploads\/2026\/04\/Video-1-1536x1024.jpeg 1536w, https:\/\/anaxis-am.com\/wp-content\/uploads\/2026\/04\/Video-1-2048x1365.jpeg 2048w\" sizes=\"(max-width: 1024px) 100vw, 1024px\" \/><\/figure>\n\n\n\n<figure class=\"wp-block-image size-large\"><img loading=\"lazy\" decoding=\"async\" width=\"1024\" height=\"683\" data-id=\"19679\" src=\"https:\/\/anaxis-am.com\/wp-content\/uploads\/2026\/04\/Video-2-1024x683.jpeg\" alt=\"\" class=\"wp-image-19679\" srcset=\"https:\/\/anaxis-am.com\/wp-content\/uploads\/2026\/04\/Video-2-1024x683.jpeg 1024w, https:\/\/anaxis-am.com\/wp-content\/uploads\/2026\/04\/Video-2-300x200.jpeg 300w, https:\/\/anaxis-am.com\/wp-content\/uploads\/2026\/04\/Video-2-768x512.jpeg 768w, https:\/\/anaxis-am.com\/wp-content\/uploads\/2026\/04\/Video-2-1536x1024.jpeg 1536w, https:\/\/anaxis-am.com\/wp-content\/uploads\/2026\/04\/Video-2-2048x1365.jpeg 2048w\" sizes=\"(max-width: 1024px) 100vw, 1024px\" \/><\/figure>\n<\/figure>\n\n\n\n<p><\/p>\n","protected":false},"excerpt":{"rendered":"<p>Retour en images sur la participation d&rsquo;Anaxis AM \u00e0 la cinqui\u00e8me \u00e9dition de Time to Change, le Forum Climat, Energies &#038; Finance Durable.<\/p>\n","protected":false},"author":2,"featured_media":0,"comment_status":"closed","ping_status":"closed","sticky":false,"template":"elementor_theme","format":"standard","meta":{"footnotes":""},"categories":[7],"tags":[],"class_list":["post-19646","post","type-post","status-publish","format-standard","hentry","category-evenements"],"acf":[],"yoast_head":"<!-- This site is optimized with the Yoast SEO plugin v25.1 - https:\/\/yoast.com\/wordpress\/plugins\/seo\/ -->\n<title>Retour en images sur la participation d&#039;Anaxis AM \u00e0 Time to Change 2026 - Anaxis AM<\/title>\n<meta name=\"description\" content=\"Retour en images sur la participation d&#039;Anaxis AM \u00e0 la cinqui\u00e8me \u00e9dition de Time To Change, le Forum Climat, Energies &amp; Finance Durable.\" \/>\n<meta name=\"robots\" content=\"index, follow, max-snippet:-1, max-image-preview:large, max-video-preview:-1\" \/>\n<link rel=\"canonical\" href=\"https:\/\/anaxis-am.com\/fr\/retour-en-images-sur-la-participation-danaxis-am-a-time-to-change-2026\/\" \/>\n<meta property=\"og:locale\" content=\"fr_FR\" \/>\n<meta property=\"og:type\" content=\"article\" \/>\n<meta property=\"og:title\" content=\"Retour en images sur la participation d&#039;Anaxis AM \u00e0 Time to Change 2026 - Anaxis AM\" \/>\n<meta property=\"og:description\" content=\"Retour en images sur la participation d&#039;Anaxis AM \u00e0 la cinqui\u00e8me \u00e9dition de Time To Change, le Forum Climat, Energies &amp; Finance Durable.\" \/>\n<meta property=\"og:url\" content=\"https:\/\/anaxis-am.com\/fr\/retour-en-images-sur-la-participation-danaxis-am-a-time-to-change-2026\/\" \/>\n<meta property=\"og:site_name\" content=\"Anaxis AM\" \/>\n<meta property=\"article:published_time\" content=\"2026-04-03T13:02:51+00:00\" \/>\n<meta property=\"article:modified_time\" content=\"2026-04-03T13:02:52+00:00\" \/>\n<meta property=\"og:image\" content=\"https:\/\/anaxis-am.com\/wp-content\/uploads\/2026\/04\/TTC25-scaled.jpeg\" \/>\n\t<meta property=\"og:image:width\" content=\"2560\" \/>\n\t<meta property=\"og:image:height\" content=\"1706\" \/>\n\t<meta property=\"og:image:type\" content=\"image\/jpeg\" \/>\n<meta name=\"author\" content=\"Anaxis AM\" \/>\n<meta name=\"twitter:card\" content=\"summary_large_image\" \/>\n<meta name=\"twitter:creator\" content=\"@AnaxisAM\" \/>\n<meta name=\"twitter:site\" content=\"@AnaxisAM\" \/>\n<meta name=\"twitter:label1\" content=\"\u00c9crit par\" \/>\n\t<meta name=\"twitter:data1\" content=\"Anaxis AM\" \/>\n\t<meta name=\"twitter:label2\" content=\"Dur\u00e9e de lecture estim\u00e9e\" \/>\n\t<meta name=\"twitter:data2\" content=\"3 minutes\" \/>\n<script type=\"application\/ld+json\" class=\"yoast-schema-graph\">{\"@context\":\"https:\/\/schema.org\",\"@graph\":[{\"@type\":\"Article\",\"@id\":\"https:\/\/anaxis-am.com\/fr\/retour-en-images-sur-la-participation-danaxis-am-a-time-to-change-2026\/#article\",\"isPartOf\":{\"@id\":\"https:\/\/anaxis-am.com\/fr\/retour-en-images-sur-la-participation-danaxis-am-a-time-to-change-2026\/\"},\"author\":{\"name\":\"Anaxis AM\",\"@id\":\"https:\/\/anaxis-am.com\/fr\/#\/schema\/person\/8a0db0d83a76d63be8b28d8f9c61ad8b\"},\"headline\":\"Retour en images sur la participation d&rsquo;Anaxis AM \u00e0 Time to Change 2026\",\"datePublished\":\"2026-04-03T13:02:51+00:00\",\"dateModified\":\"2026-04-03T13:02:52+00:00\",\"mainEntityOfPage\":{\"@id\":\"https:\/\/anaxis-am.com\/fr\/retour-en-images-sur-la-participation-danaxis-am-a-time-to-change-2026\/\"},\"wordCount\":150,\"publisher\":{\"@id\":\"https:\/\/anaxis-am.com\/fr\/#organization\"},\"image\":{\"@id\":\"https:\/\/anaxis-am.com\/fr\/retour-en-images-sur-la-participation-danaxis-am-a-time-to-change-2026\/#primaryimage\"},\"thumbnailUrl\":\"https:\/\/anaxis-am.com\/wp-content\/uploads\/2026\/04\/TTC25-1024x683.jpeg\",\"articleSection\":[\"\u00c9v\u00e9nements\"],\"inLanguage\":\"fr-FR\"},{\"@type\":\"WebPage\",\"@id\":\"https:\/\/anaxis-am.com\/fr\/retour-en-images-sur-la-participation-danaxis-am-a-time-to-change-2026\/\",\"url\":\"https:\/\/anaxis-am.com\/fr\/retour-en-images-sur-la-participation-danaxis-am-a-time-to-change-2026\/\",\"name\":\"Retour en images sur la participation d'Anaxis AM \u00e0 Time to Change 2026 - Anaxis AM\",\"isPartOf\":{\"@id\":\"https:\/\/anaxis-am.com\/fr\/#website\"},\"primaryImageOfPage\":{\"@id\":\"https:\/\/anaxis-am.com\/fr\/retour-en-images-sur-la-participation-danaxis-am-a-time-to-change-2026\/#primaryimage\"},\"image\":{\"@id\":\"https:\/\/anaxis-am.com\/fr\/retour-en-images-sur-la-participation-danaxis-am-a-time-to-change-2026\/#primaryimage\"},\"thumbnailUrl\":\"https:\/\/anaxis-am.com\/wp-content\/uploads\/2026\/04\/TTC25-1024x683.jpeg\",\"datePublished\":\"2026-04-03T13:02:51+00:00\",\"dateModified\":\"2026-04-03T13:02:52+00:00\",\"description\":\"Retour en images sur la participation d'Anaxis AM \u00e0 la cinqui\u00e8me \u00e9dition de Time To Change, le Forum Climat, Energies & Finance Durable.\",\"breadcrumb\":{\"@id\":\"https:\/\/anaxis-am.com\/fr\/retour-en-images-sur-la-participation-danaxis-am-a-time-to-change-2026\/#breadcrumb\"},\"inLanguage\":\"fr-FR\",\"potentialAction\":[{\"@type\":\"ReadAction\",\"target\":[\"https:\/\/anaxis-am.com\/fr\/retour-en-images-sur-la-participation-danaxis-am-a-time-to-change-2026\/\"]}]},{\"@type\":\"ImageObject\",\"inLanguage\":\"fr-FR\",\"@id\":\"https:\/\/anaxis-am.com\/fr\/retour-en-images-sur-la-participation-danaxis-am-a-time-to-change-2026\/#primaryimage\",\"url\":\"https:\/\/anaxis-am.com\/wp-content\/uploads\/2026\/04\/TTC25-1024x683.jpeg\",\"contentUrl\":\"https:\/\/anaxis-am.com\/wp-content\/uploads\/2026\/04\/TTC25-1024x683.jpeg\"},{\"@type\":\"BreadcrumbList\",\"@id\":\"https:\/\/anaxis-am.com\/fr\/retour-en-images-sur-la-participation-danaxis-am-a-time-to-change-2026\/#breadcrumb\",\"itemListElement\":[{\"@type\":\"ListItem\",\"position\":1,\"name\":\"Accueil\",\"item\":\"https:\/\/anaxis-am.com\/fr\/\"},{\"@type\":\"ListItem\",\"position\":2,\"name\":\"Retour en images sur la participation d&rsquo;Anaxis AM \u00e0 Time to Change 2026\"}]},{\"@type\":\"WebSite\",\"@id\":\"https:\/\/anaxis-am.com\/fr\/#website\",\"url\":\"https:\/\/anaxis-am.com\/fr\/\",\"name\":\"Anaxis AM\",\"description\":\"Gestion d&#039;obligations corporate\",\"publisher\":{\"@id\":\"https:\/\/anaxis-am.com\/fr\/#organization\"},\"potentialAction\":[{\"@type\":\"SearchAction\",\"target\":{\"@type\":\"EntryPoint\",\"urlTemplate\":\"https:\/\/anaxis-am.com\/fr\/?s={search_term_string}\"},\"query-input\":{\"@type\":\"PropertyValueSpecification\",\"valueRequired\":true,\"valueName\":\"search_term_string\"}}],\"inLanguage\":\"fr-FR\"},{\"@type\":\"Organization\",\"@id\":\"https:\/\/anaxis-am.com\/fr\/#organization\",\"name\":\"Anaxis AM\",\"url\":\"https:\/\/anaxis-am.com\/fr\/\",\"logo\":{\"@type\":\"ImageObject\",\"inLanguage\":\"fr-FR\",\"@id\":\"https:\/\/anaxis-am.com\/fr\/#\/schema\/logo\/image\/\",\"url\":\"https:\/\/anaxis-am.com\/wp-content\/uploads\/2023\/03\/logotype_02_noir.svg\",\"contentUrl\":\"https:\/\/anaxis-am.com\/wp-content\/uploads\/2023\/03\/logotype_02_noir.svg\",\"width\":198,\"height\":107,\"caption\":\"Anaxis AM\"},\"image\":{\"@id\":\"https:\/\/anaxis-am.com\/fr\/#\/schema\/logo\/image\/\"},\"sameAs\":[\"https:\/\/x.com\/AnaxisAM\",\"https:\/\/linkedin.com\/company\/anaxis-am\"]},{\"@type\":\"Person\",\"@id\":\"https:\/\/anaxis-am.com\/fr\/#\/schema\/person\/8a0db0d83a76d63be8b28d8f9c61ad8b\",\"name\":\"Anaxis AM\",\"image\":{\"@type\":\"ImageObject\",\"inLanguage\":\"fr-FR\",\"@id\":\"https:\/\/anaxis-am.com\/fr\/#\/schema\/person\/image\/\",\"url\":\"https:\/\/secure.gravatar.com\/avatar\/9b2b1e71fb4cd0618bc19bc8834e65c991cd8dddc53838d094f6cfb94e23a13c?s=96&d=mm&r=g\",\"contentUrl\":\"https:\/\/secure.gravatar.com\/avatar\/9b2b1e71fb4cd0618bc19bc8834e65c991cd8dddc53838d094f6cfb94e23a13c?s=96&d=mm&r=g\",\"caption\":\"Anaxis AM\"},\"url\":\"https:\/\/anaxis-am.com\/fr\/author\/thibault-danquigny\/\"}]}<\/script>\n<!-- \/ Yoast SEO plugin. -->","yoast_head_json":{"title":"Retour en images sur la participation d'Anaxis AM \u00e0 Time to Change 2026 - Anaxis AM","description":"Retour en images sur la participation d'Anaxis AM \u00e0 la cinqui\u00e8me \u00e9dition de Time To Change, le Forum Climat, Energies & Finance Durable.","robots":{"index":"index","follow":"follow","max-snippet":"max-snippet:-1","max-image-preview":"max-image-preview:large","max-video-preview":"max-video-preview:-1"},"canonical":"https:\/\/anaxis-am.com\/fr\/retour-en-images-sur-la-participation-danaxis-am-a-time-to-change-2026\/","og_locale":"fr_FR","og_type":"article","og_title":"Retour en images sur la participation d'Anaxis AM \u00e0 Time to Change 2026 - Anaxis AM","og_description":"Retour en images sur la participation d'Anaxis AM \u00e0 la cinqui\u00e8me \u00e9dition de Time To Change, le Forum Climat, Energies & Finance Durable.","og_url":"https:\/\/anaxis-am.com\/fr\/retour-en-images-sur-la-participation-danaxis-am-a-time-to-change-2026\/","og_site_name":"Anaxis AM","article_published_time":"2026-04-03T13:02:51+00:00","article_modified_time":"2026-04-03T13:02:52+00:00","og_image":[{"width":2560,"height":1706,"url":"https:\/\/anaxis-am.com\/wp-content\/uploads\/2026\/04\/TTC25-scaled.jpeg","type":"image\/jpeg"}],"author":"Anaxis AM","twitter_card":"summary_large_image","twitter_creator":"@AnaxisAM","twitter_site":"@AnaxisAM","twitter_misc":{"\u00c9crit par":"Anaxis AM","Dur\u00e9e de lecture estim\u00e9e":"3 minutes"},"schema":{"@context":"https:\/\/schema.org","@graph":[{"@type":"Article","@id":"https:\/\/anaxis-am.com\/fr\/retour-en-images-sur-la-participation-danaxis-am-a-time-to-change-2026\/#article","isPartOf":{"@id":"https:\/\/anaxis-am.com\/fr\/retour-en-images-sur-la-participation-danaxis-am-a-time-to-change-2026\/"},"author":{"name":"Anaxis AM","@id":"https:\/\/anaxis-am.com\/fr\/#\/schema\/person\/8a0db0d83a76d63be8b28d8f9c61ad8b"},"headline":"Retour en images sur la participation d&rsquo;Anaxis AM \u00e0 Time to Change 2026","datePublished":"2026-04-03T13:02:51+00:00","dateModified":"2026-04-03T13:02:52+00:00","mainEntityOfPage":{"@id":"https:\/\/anaxis-am.com\/fr\/retour-en-images-sur-la-participation-danaxis-am-a-time-to-change-2026\/"},"wordCount":150,"publisher":{"@id":"https:\/\/anaxis-am.com\/fr\/#organization"},"image":{"@id":"https:\/\/anaxis-am.com\/fr\/retour-en-images-sur-la-participation-danaxis-am-a-time-to-change-2026\/#primaryimage"},"thumbnailUrl":"https:\/\/anaxis-am.com\/wp-content\/uploads\/2026\/04\/TTC25-1024x683.jpeg","articleSection":["\u00c9v\u00e9nements"],"inLanguage":"fr-FR"},{"@type":"WebPage","@id":"https:\/\/anaxis-am.com\/fr\/retour-en-images-sur-la-participation-danaxis-am-a-time-to-change-2026\/","url":"https:\/\/anaxis-am.com\/fr\/retour-en-images-sur-la-participation-danaxis-am-a-time-to-change-2026\/","name":"Retour en images sur la participation d'Anaxis AM \u00e0 Time to Change 2026 - Anaxis AM","isPartOf":{"@id":"https:\/\/anaxis-am.com\/fr\/#website"},"primaryImageOfPage":{"@id":"https:\/\/anaxis-am.com\/fr\/retour-en-images-sur-la-participation-danaxis-am-a-time-to-change-2026\/#primaryimage"},"image":{"@id":"https:\/\/anaxis-am.com\/fr\/retour-en-images-sur-la-participation-danaxis-am-a-time-to-change-2026\/#primaryimage"},"thumbnailUrl":"https:\/\/anaxis-am.com\/wp-content\/uploads\/2026\/04\/TTC25-1024x683.jpeg","datePublished":"2026-04-03T13:02:51+00:00","dateModified":"2026-04-03T13:02:52+00:00","description":"Retour en images sur la participation d'Anaxis AM \u00e0 la cinqui\u00e8me \u00e9dition de Time To Change, le Forum Climat, Energies & Finance Durable.","breadcrumb":{"@id":"https:\/\/anaxis-am.com\/fr\/retour-en-images-sur-la-participation-danaxis-am-a-time-to-change-2026\/#breadcrumb"},"inLanguage":"fr-FR","potentialAction":[{"@type":"ReadAction","target":["https:\/\/anaxis-am.com\/fr\/retour-en-images-sur-la-participation-danaxis-am-a-time-to-change-2026\/"]}]},{"@type":"ImageObject","inLanguage":"fr-FR","@id":"https:\/\/anaxis-am.com\/fr\/retour-en-images-sur-la-participation-danaxis-am-a-time-to-change-2026\/#primaryimage","url":"https:\/\/anaxis-am.com\/wp-content\/uploads\/2026\/04\/TTC25-1024x683.jpeg","contentUrl":"https:\/\/anaxis-am.com\/wp-content\/uploads\/2026\/04\/TTC25-1024x683.jpeg"},{"@type":"BreadcrumbList","@id":"https:\/\/anaxis-am.com\/fr\/retour-en-images-sur-la-participation-danaxis-am-a-time-to-change-2026\/#breadcrumb","itemListElement":[{"@type":"ListItem","position":1,"name":"Accueil","item":"https:\/\/anaxis-am.com\/fr\/"},{"@type":"ListItem","position":2,"name":"Retour en images sur la participation d&rsquo;Anaxis AM \u00e0 Time to Change 2026"}]},{"@type":"WebSite","@id":"https:\/\/anaxis-am.com\/fr\/#website","url":"https:\/\/anaxis-am.com\/fr\/","name":"Anaxis AM","description":"Gestion d&#039;obligations corporate","publisher":{"@id":"https:\/\/anaxis-am.com\/fr\/#organization"},"potentialAction":[{"@type":"SearchAction","target":{"@type":"EntryPoint","urlTemplate":"https:\/\/anaxis-am.com\/fr\/?s={search_term_string}"},"query-input":{"@type":"PropertyValueSpecification","valueRequired":true,"valueName":"search_term_string"}}],"inLanguage":"fr-FR"},{"@type":"Organization","@id":"https:\/\/anaxis-am.com\/fr\/#organization","name":"Anaxis AM","url":"https:\/\/anaxis-am.com\/fr\/","logo":{"@type":"ImageObject","inLanguage":"fr-FR","@id":"https:\/\/anaxis-am.com\/fr\/#\/schema\/logo\/image\/","url":"https:\/\/anaxis-am.com\/wp-content\/uploads\/2023\/03\/logotype_02_noir.svg","contentUrl":"https:\/\/anaxis-am.com\/wp-content\/uploads\/2023\/03\/logotype_02_noir.svg","width":198,"height":107,"caption":"Anaxis AM"},"image":{"@id":"https:\/\/anaxis-am.com\/fr\/#\/schema\/logo\/image\/"},"sameAs":["https:\/\/x.com\/AnaxisAM","https:\/\/linkedin.com\/company\/anaxis-am"]},{"@type":"Person","@id":"https:\/\/anaxis-am.com\/fr\/#\/schema\/person\/8a0db0d83a76d63be8b28d8f9c61ad8b","name":"Anaxis AM","image":{"@type":"ImageObject","inLanguage":"fr-FR","@id":"https:\/\/anaxis-am.com\/fr\/#\/schema\/person\/image\/","url":"https:\/\/secure.gravatar.com\/avatar\/9b2b1e71fb4cd0618bc19bc8834e65c991cd8dddc53838d094f6cfb94e23a13c?s=96&d=mm&r=g","contentUrl":"https:\/\/secure.gravatar.com\/avatar\/9b2b1e71fb4cd0618bc19bc8834e65c991cd8dddc53838d094f6cfb94e23a13c?s=96&d=mm&r=g","caption":"Anaxis AM"},"url":"https:\/\/anaxis-am.com\/fr\/author\/thibault-danquigny\/"}]}},"_links":{"self":[{"href":"https:\/\/anaxis-am.com\/fr\/wp-json\/wp\/v2\/posts\/19646","targetHints":{"allow":["GET"]}}],"collection":[{"href":"https:\/\/anaxis-am.com\/fr\/wp-json\/wp\/v2\/posts"}],"about":[{"href":"https:\/\/anaxis-am.com\/fr\/wp-json\/wp\/v2\/types\/post"}],"author":[{"embeddable":true,"href":"https:\/\/anaxis-am.com\/fr\/wp-json\/wp\/v2\/users\/2"}],"replies":[{"embeddable":true,"href":"https:\/\/anaxis-am.com\/fr\/wp-json\/wp\/v2\/comments?post=19646"}],"version-history":[{"count":1,"href":"https:\/\/anaxis-am.com\/fr\/wp-json\/wp\/v2\/posts\/19646\/revisions"}],"predecessor-version":[{"id":19683,"href":"https:\/\/anaxis-am.com\/fr\/wp-json\/wp\/v2\/posts\/19646\/revisions\/19683"}],"wp:attachment":[{"href":"https:\/\/anaxis-am.com\/fr\/wp-json\/wp\/v2\/media?parent=19646"}],"wp:term":[{"taxonomy":"category","embeddable":true,"href":"https:\/\/anaxis-am.com\/fr\/wp-json\/wp\/v2\/categories?post=19646"},{"taxonomy":"post_tag","embeddable":true,"href":"https:\/\/anaxis-am.com\/fr\/wp-json\/wp\/v2\/tags?post=19646"}],"curies":[{"name":"wp","href":"https:\/\/api.w.org\/{rel}","templated":true}]}}