{"id":18847,"date":"2026-01-13T14:37:08","date_gmt":"2026-01-13T13:37:08","guid":{"rendered":"https:\/\/anaxis-am.com\/?p=18847"},"modified":"2026-01-13T14:37:09","modified_gmt":"2026-01-13T13:37:09","slug":"anaxis-am-participera-au-prochain-fonds-professionell-kongress","status":"publish","type":"post","link":"https:\/\/anaxis-am.com\/fr\/anaxis-am-participera-au-prochain-fonds-professionell-kongress\/","title":{"rendered":"Anaxis AM participera au prochain FONDS professionell KONGRESS"},"content":{"rendered":"\n<p>\u23e9 Anaxis AM participera au prochain FONDS professionell KONGRESS \u00e0 Mannheim les 28 et 29 janvier 2026 au Congress Center Rosengarten.<br>\u200b<br>Venez rencontrer Jean-Georges Nguyen, notre Product Specialist sur l&rsquo;Allemagne, et Thibault Destr\u00e9s, notre Head of Fixed Income, pour \u00e9changer sur nos fonds obligataires corporates et les opportunit\u00e9s actuelles sur les march\u00e9s du cr\u00e9dit.<\/p>\n\n\n\n<p>\ud83d\udccd Niveau 2, stand 185<br>\ud83d\udcc5 28\u201329 janvier 2026 \u2013 Congress Center Rosengarten, Mannheim<br><\/p>\n\n\n\n<p>N\u2019h\u00e9sitez pas \u00e0 nous contacter pour fixer un rendez-vous en amont, ou passez simplement nous voir spontan\u00e9ment sur notre stand. Nous nous r\u00e9jouissons de vous y rencontrer.<\/p>\n\n\n\n<div style=\"height:30px\" aria-hidden=\"true\" class=\"wp-block-spacer\"><\/div>\n\n\n\n<figure class=\"wp-block-image size-full\"><img fetchpriority=\"high\" decoding=\"async\" width=\"1000\" height=\"522\" src=\"https:\/\/anaxis-am.com\/wp-content\/uploads\/2026\/01\/Visuel-Linkedin-Mannheim-2026.jpg\" alt=\"\" class=\"wp-image-18841\" srcset=\"https:\/\/anaxis-am.com\/wp-content\/uploads\/2026\/01\/Visuel-Linkedin-Mannheim-2026.jpg 1000w, https:\/\/anaxis-am.com\/wp-content\/uploads\/2026\/01\/Visuel-Linkedin-Mannheim-2026-300x157.jpg 300w, https:\/\/anaxis-am.com\/wp-content\/uploads\/2026\/01\/Visuel-Linkedin-Mannheim-2026-768x401.jpg 768w\" sizes=\"(max-width: 1000px) 100vw, 1000px\" \/><\/figure>\n\n\n\n<p><\/p>\n","protected":false},"excerpt":{"rendered":"<p>Anaxis AM participera au prochain FONDS professionell KONGRESS \u00e0 Mannheim les 28 et 29 janvier 2026 au Congress Center Rosengarten.<\/p>\n","protected":false},"author":2,"featured_media":0,"comment_status":"closed","ping_status":"closed","sticky":false,"template":"elementor_theme","format":"standard","meta":{"footnotes":""},"categories":[7],"tags":[],"class_list":["post-18847","post","type-post","status-publish","format-standard","hentry","category-evenements"],"acf":[],"yoast_head":"<!-- This site is optimized with the Yoast SEO plugin v25.1 - https:\/\/yoast.com\/wordpress\/plugins\/seo\/ -->\n<title>Anaxis AM participera au prochain FONDS professionell KONGRESS - Anaxis AM<\/title>\n<meta name=\"description\" content=\"Anaxis AM participera au prochain FONDS professionell KONGRESS \u00e0 Mannheim les 28 et 29 janvier 2026 au Congress Center Rosengarten.\" \/>\n<meta name=\"robots\" content=\"index, follow, max-snippet:-1, max-image-preview:large, max-video-preview:-1\" \/>\n<link rel=\"canonical\" href=\"https:\/\/anaxis-am.com\/fr\/anaxis-am-participera-au-prochain-fonds-professionell-kongress\/\" \/>\n<meta property=\"og:locale\" content=\"fr_FR\" \/>\n<meta property=\"og:type\" content=\"article\" \/>\n<meta property=\"og:title\" content=\"Anaxis AM participera au prochain FONDS professionell KONGRESS - Anaxis AM\" \/>\n<meta property=\"og:description\" content=\"Anaxis AM participera au prochain FONDS professionell KONGRESS \u00e0 Mannheim les 28 et 29 janvier 2026 au Congress Center Rosengarten.\" \/>\n<meta property=\"og:url\" content=\"https:\/\/anaxis-am.com\/fr\/anaxis-am-participera-au-prochain-fonds-professionell-kongress\/\" \/>\n<meta property=\"og:site_name\" content=\"Anaxis AM\" \/>\n<meta property=\"article:published_time\" content=\"2026-01-13T13:37:08+00:00\" \/>\n<meta property=\"article:modified_time\" content=\"2026-01-13T13:37:09+00:00\" \/>\n<meta property=\"og:image\" content=\"https:\/\/anaxis-am.com\/wp-content\/uploads\/2026\/01\/Visuel-Linkedin-Mannheim-2026.jpg\" \/>\n\t<meta property=\"og:image:width\" content=\"1000\" \/>\n\t<meta property=\"og:image:height\" content=\"522\" \/>\n\t<meta property=\"og:image:type\" content=\"image\/jpeg\" \/>\n<meta name=\"author\" content=\"Anaxis AM\" \/>\n<meta name=\"twitter:card\" content=\"summary_large_image\" \/>\n<meta name=\"twitter:creator\" content=\"@AnaxisAM\" \/>\n<meta name=\"twitter:site\" content=\"@AnaxisAM\" \/>\n<meta name=\"twitter:label1\" content=\"\u00c9crit par\" \/>\n\t<meta name=\"twitter:data1\" content=\"Anaxis AM\" \/>\n\t<meta name=\"twitter:label2\" content=\"Dur\u00e9e de lecture estim\u00e9e\" \/>\n\t<meta name=\"twitter:data2\" content=\"1 minute\" \/>\n<script type=\"application\/ld+json\" class=\"yoast-schema-graph\">{\"@context\":\"https:\/\/schema.org\",\"@graph\":[{\"@type\":\"Article\",\"@id\":\"https:\/\/anaxis-am.com\/fr\/anaxis-am-participera-au-prochain-fonds-professionell-kongress\/#article\",\"isPartOf\":{\"@id\":\"https:\/\/anaxis-am.com\/fr\/anaxis-am-participera-au-prochain-fonds-professionell-kongress\/\"},\"author\":{\"name\":\"Anaxis AM\",\"@id\":\"https:\/\/anaxis-am.com\/fr\/#\/schema\/person\/8a0db0d83a76d63be8b28d8f9c61ad8b\"},\"headline\":\"Anaxis AM participera au prochain FONDS professionell KONGRESS\",\"datePublished\":\"2026-01-13T13:37:08+00:00\",\"dateModified\":\"2026-01-13T13:37:09+00:00\",\"mainEntityOfPage\":{\"@id\":\"https:\/\/anaxis-am.com\/fr\/anaxis-am-participera-au-prochain-fonds-professionell-kongress\/\"},\"wordCount\":98,\"publisher\":{\"@id\":\"https:\/\/anaxis-am.com\/fr\/#organization\"},\"image\":{\"@id\":\"https:\/\/anaxis-am.com\/fr\/anaxis-am-participera-au-prochain-fonds-professionell-kongress\/#primaryimage\"},\"thumbnailUrl\":\"https:\/\/anaxis-am.com\/wp-content\/uploads\/2026\/01\/Visuel-Linkedin-Mannheim-2026.jpg\",\"articleSection\":[\"\u00c9v\u00e9nements\"],\"inLanguage\":\"fr-FR\"},{\"@type\":\"WebPage\",\"@id\":\"https:\/\/anaxis-am.com\/fr\/anaxis-am-participera-au-prochain-fonds-professionell-kongress\/\",\"url\":\"https:\/\/anaxis-am.com\/fr\/anaxis-am-participera-au-prochain-fonds-professionell-kongress\/\",\"name\":\"Anaxis AM participera au prochain FONDS professionell KONGRESS - Anaxis AM\",\"isPartOf\":{\"@id\":\"https:\/\/anaxis-am.com\/fr\/#website\"},\"primaryImageOfPage\":{\"@id\":\"https:\/\/anaxis-am.com\/fr\/anaxis-am-participera-au-prochain-fonds-professionell-kongress\/#primaryimage\"},\"image\":{\"@id\":\"https:\/\/anaxis-am.com\/fr\/anaxis-am-participera-au-prochain-fonds-professionell-kongress\/#primaryimage\"},\"thumbnailUrl\":\"https:\/\/anaxis-am.com\/wp-content\/uploads\/2026\/01\/Visuel-Linkedin-Mannheim-2026.jpg\",\"datePublished\":\"2026-01-13T13:37:08+00:00\",\"dateModified\":\"2026-01-13T13:37:09+00:00\",\"description\":\"Anaxis AM participera au prochain FONDS professionell KONGRESS \u00e0 Mannheim les 28 et 29 janvier 2026 au Congress Center Rosengarten.\",\"breadcrumb\":{\"@id\":\"https:\/\/anaxis-am.com\/fr\/anaxis-am-participera-au-prochain-fonds-professionell-kongress\/#breadcrumb\"},\"inLanguage\":\"fr-FR\",\"potentialAction\":[{\"@type\":\"ReadAction\",\"target\":[\"https:\/\/anaxis-am.com\/fr\/anaxis-am-participera-au-prochain-fonds-professionell-kongress\/\"]}]},{\"@type\":\"ImageObject\",\"inLanguage\":\"fr-FR\",\"@id\":\"https:\/\/anaxis-am.com\/fr\/anaxis-am-participera-au-prochain-fonds-professionell-kongress\/#primaryimage\",\"url\":\"https:\/\/anaxis-am.com\/wp-content\/uploads\/2026\/01\/Visuel-Linkedin-Mannheim-2026.jpg\",\"contentUrl\":\"https:\/\/anaxis-am.com\/wp-content\/uploads\/2026\/01\/Visuel-Linkedin-Mannheim-2026.jpg\"},{\"@type\":\"BreadcrumbList\",\"@id\":\"https:\/\/anaxis-am.com\/fr\/anaxis-am-participera-au-prochain-fonds-professionell-kongress\/#breadcrumb\",\"itemListElement\":[{\"@type\":\"ListItem\",\"position\":1,\"name\":\"Accueil\",\"item\":\"https:\/\/anaxis-am.com\/fr\/\"},{\"@type\":\"ListItem\",\"position\":2,\"name\":\"Anaxis AM participera au prochain FONDS professionell KONGRESS\"}]},{\"@type\":\"WebSite\",\"@id\":\"https:\/\/anaxis-am.com\/fr\/#website\",\"url\":\"https:\/\/anaxis-am.com\/fr\/\",\"name\":\"Anaxis AM\",\"description\":\"Gestion d&#039;obligations corporate\",\"publisher\":{\"@id\":\"https:\/\/anaxis-am.com\/fr\/#organization\"},\"potentialAction\":[{\"@type\":\"SearchAction\",\"target\":{\"@type\":\"EntryPoint\",\"urlTemplate\":\"https:\/\/anaxis-am.com\/fr\/?s={search_term_string}\"},\"query-input\":{\"@type\":\"PropertyValueSpecification\",\"valueRequired\":true,\"valueName\":\"search_term_string\"}}],\"inLanguage\":\"fr-FR\"},{\"@type\":\"Organization\",\"@id\":\"https:\/\/anaxis-am.com\/fr\/#organization\",\"name\":\"Anaxis AM\",\"url\":\"https:\/\/anaxis-am.com\/fr\/\",\"logo\":{\"@type\":\"ImageObject\",\"inLanguage\":\"fr-FR\",\"@id\":\"https:\/\/anaxis-am.com\/fr\/#\/schema\/logo\/image\/\",\"url\":\"https:\/\/anaxis-am.com\/wp-content\/uploads\/2023\/03\/logotype_02_noir.svg\",\"contentUrl\":\"https:\/\/anaxis-am.com\/wp-content\/uploads\/2023\/03\/logotype_02_noir.svg\",\"width\":198,\"height\":107,\"caption\":\"Anaxis AM\"},\"image\":{\"@id\":\"https:\/\/anaxis-am.com\/fr\/#\/schema\/logo\/image\/\"},\"sameAs\":[\"https:\/\/x.com\/AnaxisAM\",\"https:\/\/linkedin.com\/company\/anaxis-am\"]},{\"@type\":\"Person\",\"@id\":\"https:\/\/anaxis-am.com\/fr\/#\/schema\/person\/8a0db0d83a76d63be8b28d8f9c61ad8b\",\"name\":\"Anaxis AM\",\"image\":{\"@type\":\"ImageObject\",\"inLanguage\":\"fr-FR\",\"@id\":\"https:\/\/anaxis-am.com\/fr\/#\/schema\/person\/image\/\",\"url\":\"https:\/\/secure.gravatar.com\/avatar\/9b2b1e71fb4cd0618bc19bc8834e65c991cd8dddc53838d094f6cfb94e23a13c?s=96&d=mm&r=g\",\"contentUrl\":\"https:\/\/secure.gravatar.com\/avatar\/9b2b1e71fb4cd0618bc19bc8834e65c991cd8dddc53838d094f6cfb94e23a13c?s=96&d=mm&r=g\",\"caption\":\"Anaxis AM\"},\"url\":\"https:\/\/anaxis-am.com\/fr\/author\/thibault-danquigny\/\"}]}<\/script>\n<!-- \/ Yoast SEO plugin. -->","yoast_head_json":{"title":"Anaxis AM participera au prochain FONDS professionell KONGRESS - Anaxis AM","description":"Anaxis AM participera au prochain FONDS professionell KONGRESS \u00e0 Mannheim les 28 et 29 janvier 2026 au Congress Center Rosengarten.","robots":{"index":"index","follow":"follow","max-snippet":"max-snippet:-1","max-image-preview":"max-image-preview:large","max-video-preview":"max-video-preview:-1"},"canonical":"https:\/\/anaxis-am.com\/fr\/anaxis-am-participera-au-prochain-fonds-professionell-kongress\/","og_locale":"fr_FR","og_type":"article","og_title":"Anaxis AM participera au prochain FONDS professionell KONGRESS - Anaxis AM","og_description":"Anaxis AM participera au prochain FONDS professionell KONGRESS \u00e0 Mannheim les 28 et 29 janvier 2026 au Congress Center Rosengarten.","og_url":"https:\/\/anaxis-am.com\/fr\/anaxis-am-participera-au-prochain-fonds-professionell-kongress\/","og_site_name":"Anaxis AM","article_published_time":"2026-01-13T13:37:08+00:00","article_modified_time":"2026-01-13T13:37:09+00:00","og_image":[{"width":1000,"height":522,"url":"https:\/\/anaxis-am.com\/wp-content\/uploads\/2026\/01\/Visuel-Linkedin-Mannheim-2026.jpg","type":"image\/jpeg"}],"author":"Anaxis AM","twitter_card":"summary_large_image","twitter_creator":"@AnaxisAM","twitter_site":"@AnaxisAM","twitter_misc":{"\u00c9crit par":"Anaxis AM","Dur\u00e9e de lecture estim\u00e9e":"1 minute"},"schema":{"@context":"https:\/\/schema.org","@graph":[{"@type":"Article","@id":"https:\/\/anaxis-am.com\/fr\/anaxis-am-participera-au-prochain-fonds-professionell-kongress\/#article","isPartOf":{"@id":"https:\/\/anaxis-am.com\/fr\/anaxis-am-participera-au-prochain-fonds-professionell-kongress\/"},"author":{"name":"Anaxis AM","@id":"https:\/\/anaxis-am.com\/fr\/#\/schema\/person\/8a0db0d83a76d63be8b28d8f9c61ad8b"},"headline":"Anaxis AM participera au prochain FONDS professionell KONGRESS","datePublished":"2026-01-13T13:37:08+00:00","dateModified":"2026-01-13T13:37:09+00:00","mainEntityOfPage":{"@id":"https:\/\/anaxis-am.com\/fr\/anaxis-am-participera-au-prochain-fonds-professionell-kongress\/"},"wordCount":98,"publisher":{"@id":"https:\/\/anaxis-am.com\/fr\/#organization"},"image":{"@id":"https:\/\/anaxis-am.com\/fr\/anaxis-am-participera-au-prochain-fonds-professionell-kongress\/#primaryimage"},"thumbnailUrl":"https:\/\/anaxis-am.com\/wp-content\/uploads\/2026\/01\/Visuel-Linkedin-Mannheim-2026.jpg","articleSection":["\u00c9v\u00e9nements"],"inLanguage":"fr-FR"},{"@type":"WebPage","@id":"https:\/\/anaxis-am.com\/fr\/anaxis-am-participera-au-prochain-fonds-professionell-kongress\/","url":"https:\/\/anaxis-am.com\/fr\/anaxis-am-participera-au-prochain-fonds-professionell-kongress\/","name":"Anaxis AM participera au prochain FONDS professionell KONGRESS - Anaxis AM","isPartOf":{"@id":"https:\/\/anaxis-am.com\/fr\/#website"},"primaryImageOfPage":{"@id":"https:\/\/anaxis-am.com\/fr\/anaxis-am-participera-au-prochain-fonds-professionell-kongress\/#primaryimage"},"image":{"@id":"https:\/\/anaxis-am.com\/fr\/anaxis-am-participera-au-prochain-fonds-professionell-kongress\/#primaryimage"},"thumbnailUrl":"https:\/\/anaxis-am.com\/wp-content\/uploads\/2026\/01\/Visuel-Linkedin-Mannheim-2026.jpg","datePublished":"2026-01-13T13:37:08+00:00","dateModified":"2026-01-13T13:37:09+00:00","description":"Anaxis AM participera au prochain FONDS professionell KONGRESS \u00e0 Mannheim les 28 et 29 janvier 2026 au Congress Center Rosengarten.","breadcrumb":{"@id":"https:\/\/anaxis-am.com\/fr\/anaxis-am-participera-au-prochain-fonds-professionell-kongress\/#breadcrumb"},"inLanguage":"fr-FR","potentialAction":[{"@type":"ReadAction","target":["https:\/\/anaxis-am.com\/fr\/anaxis-am-participera-au-prochain-fonds-professionell-kongress\/"]}]},{"@type":"ImageObject","inLanguage":"fr-FR","@id":"https:\/\/anaxis-am.com\/fr\/anaxis-am-participera-au-prochain-fonds-professionell-kongress\/#primaryimage","url":"https:\/\/anaxis-am.com\/wp-content\/uploads\/2026\/01\/Visuel-Linkedin-Mannheim-2026.jpg","contentUrl":"https:\/\/anaxis-am.com\/wp-content\/uploads\/2026\/01\/Visuel-Linkedin-Mannheim-2026.jpg"},{"@type":"BreadcrumbList","@id":"https:\/\/anaxis-am.com\/fr\/anaxis-am-participera-au-prochain-fonds-professionell-kongress\/#breadcrumb","itemListElement":[{"@type":"ListItem","position":1,"name":"Accueil","item":"https:\/\/anaxis-am.com\/fr\/"},{"@type":"ListItem","position":2,"name":"Anaxis AM participera au prochain FONDS professionell KONGRESS"}]},{"@type":"WebSite","@id":"https:\/\/anaxis-am.com\/fr\/#website","url":"https:\/\/anaxis-am.com\/fr\/","name":"Anaxis AM","description":"Gestion d&#039;obligations corporate","publisher":{"@id":"https:\/\/anaxis-am.com\/fr\/#organization"},"potentialAction":[{"@type":"SearchAction","target":{"@type":"EntryPoint","urlTemplate":"https:\/\/anaxis-am.com\/fr\/?s={search_term_string}"},"query-input":{"@type":"PropertyValueSpecification","valueRequired":true,"valueName":"search_term_string"}}],"inLanguage":"fr-FR"},{"@type":"Organization","@id":"https:\/\/anaxis-am.com\/fr\/#organization","name":"Anaxis AM","url":"https:\/\/anaxis-am.com\/fr\/","logo":{"@type":"ImageObject","inLanguage":"fr-FR","@id":"https:\/\/anaxis-am.com\/fr\/#\/schema\/logo\/image\/","url":"https:\/\/anaxis-am.com\/wp-content\/uploads\/2023\/03\/logotype_02_noir.svg","contentUrl":"https:\/\/anaxis-am.com\/wp-content\/uploads\/2023\/03\/logotype_02_noir.svg","width":198,"height":107,"caption":"Anaxis AM"},"image":{"@id":"https:\/\/anaxis-am.com\/fr\/#\/schema\/logo\/image\/"},"sameAs":["https:\/\/x.com\/AnaxisAM","https:\/\/linkedin.com\/company\/anaxis-am"]},{"@type":"Person","@id":"https:\/\/anaxis-am.com\/fr\/#\/schema\/person\/8a0db0d83a76d63be8b28d8f9c61ad8b","name":"Anaxis AM","image":{"@type":"ImageObject","inLanguage":"fr-FR","@id":"https:\/\/anaxis-am.com\/fr\/#\/schema\/person\/image\/","url":"https:\/\/secure.gravatar.com\/avatar\/9b2b1e71fb4cd0618bc19bc8834e65c991cd8dddc53838d094f6cfb94e23a13c?s=96&d=mm&r=g","contentUrl":"https:\/\/secure.gravatar.com\/avatar\/9b2b1e71fb4cd0618bc19bc8834e65c991cd8dddc53838d094f6cfb94e23a13c?s=96&d=mm&r=g","caption":"Anaxis AM"},"url":"https:\/\/anaxis-am.com\/fr\/author\/thibault-danquigny\/"}]}},"_links":{"self":[{"href":"https:\/\/anaxis-am.com\/fr\/wp-json\/wp\/v2\/posts\/18847","targetHints":{"allow":["GET"]}}],"collection":[{"href":"https:\/\/anaxis-am.com\/fr\/wp-json\/wp\/v2\/posts"}],"about":[{"href":"https:\/\/anaxis-am.com\/fr\/wp-json\/wp\/v2\/types\/post"}],"author":[{"embeddable":true,"href":"https:\/\/anaxis-am.com\/fr\/wp-json\/wp\/v2\/users\/2"}],"replies":[{"embeddable":true,"href":"https:\/\/anaxis-am.com\/fr\/wp-json\/wp\/v2\/comments?post=18847"}],"version-history":[{"count":1,"href":"https:\/\/anaxis-am.com\/fr\/wp-json\/wp\/v2\/posts\/18847\/revisions"}],"predecessor-version":[{"id":18848,"href":"https:\/\/anaxis-am.com\/fr\/wp-json\/wp\/v2\/posts\/18847\/revisions\/18848"}],"wp:attachment":[{"href":"https:\/\/anaxis-am.com\/fr\/wp-json\/wp\/v2\/media?parent=18847"}],"wp:term":[{"taxonomy":"category","embeddable":true,"href":"https:\/\/anaxis-am.com\/fr\/wp-json\/wp\/v2\/categories?post=18847"},{"taxonomy":"post_tag","embeddable":true,"href":"https:\/\/anaxis-am.com\/fr\/wp-json\/wp\/v2\/tags?post=18847"}],"curies":[{"name":"wp","href":"https:\/\/api.w.org\/{rel}","templated":true}]}}