{"id":18806,"date":"2026-01-09T13:37:01","date_gmt":"2026-01-09T12:37:01","guid":{"rendered":"https:\/\/anaxis-am.com\/?p=18806"},"modified":"2026-01-13T14:32:56","modified_gmt":"2026-01-13T13:32:56","slug":"lequipe-danaxis-am-vous-souhaite-une-tres-belle-annee-2026","status":"publish","type":"post","link":"https:\/\/anaxis-am.com\/fr\/lequipe-danaxis-am-vous-souhaite-une-tres-belle-annee-2026\/","title":{"rendered":"L&rsquo;\u00e9quipe d&rsquo;Anaxis AM vous souhaite une tr\u00e8s belle ann\u00e9e 2026 !"},"content":{"rendered":"\n<p>\ud83d\udcc8 L\u2019ann\u00e9e 2025 a \u00e9t\u00e9 marqu\u00e9e chez Anaxis par un cap important : le passage du milliard d\u2019euros sous gestion. Cette croissance r\u00e9sulte \u00e0 la fois de notre expertise de gestion, illustr\u00e9e par des performances solides sur l\u2019ensemble de nos fonds, ainsi que par une collecte toujours soutenue, dans la lign\u00e9e de ces derni\u00e8res ann\u00e9es.Nous tenons \u00e0 remercier tr\u00e8s chaleureusement nos partenaires et nos clients pour la confiance qu\u2019ils nous accordent.<\/p>\n\n\n\n<h4 class=\"wp-block-heading\">Renforcement de la gamme et croissance des encours<\/h4>\n\n\n\n<p>\ud83d\udca1 Concernant notre offre, nous avons eu le plaisir de lancer une nouvelle maturit\u00e9 au sein de notre gamme de fonds \u00e0 \u00e9ch\u00e9ance, Diversified Bond Opp. 2029. Notre fonds de gestion active, Anaxis Income Advantage, a connu quant \u00e0 lui une tr\u00e8s belle dynamique, avec un doublement de ses encours sur les 18 derniers mois. Au niveau commercial, nous avons continu\u00e9 \u00e0 renforcer notre pr\u00e9sence sur nos march\u00e9s cl\u00e9s \u00e0 travers de nombreux \u00e9v\u00e9nements et rencontres avec nos partenaires.<\/p>\n\n\n\n<h4 class=\"wp-block-heading\">Un engagement ESG toujours fort<\/h4>\n\n\n\n<p>\ud83c\udf33 D\u2019un point de vue investissement responsable, nous avons poursuivi la r\u00e9duction de l\u2019intensit\u00e9 carbone de nos portefeuilles. Nous continuons \u00e0 \u0153uvrer pour un monde plus durable, \u00e0 travers nos engagements collectifs et notre partenariat avec Epic Foundation, que nous soutenons financi\u00e8rement \u00e0 travers leur portefeuille d\u2019associations Preserving the Environment and Future Generations. En termes d\u2019am\u00e9lioration de notre approche, l\u2019accent a \u00e9t\u00e9 mis sur les risques de biodiversit\u00e9 et les risques climatiques. Notre participation \u00e0 Time to Change, ainsi que notre atelier organis\u00e9 conjointement avec l\u2019Af2i, ont permis de pr\u00e9senter plus en d\u00e9tail notre approche durable du cr\u00e9dit.<\/p>\n\n\n\n<h4 class=\"wp-block-heading\">2026, fid\u00e8les \u00e0 nos valeurs<\/h4>\n\n\n\n<p>\u23e9\ufe0f Fid\u00e8les \u00e0 nos valeurs, nous abordons 2026 avec les m\u00eames principes directeurs : des portefeuilles robustes et diversifi\u00e9s dans un environnement o\u00f9 les march\u00e9s obligataires offrent des rendements attractifs, une \u00e9quipe toujours \u00e0 votre \u00e9coute, et un engagement sinc\u00e8re et ambitieux sur les questions ESG, afin de continuer ensemble \u00e0 construire un avenir serein.\u00a0<\/p>\n\n\n\n<div style=\"height:30px\" aria-hidden=\"true\" class=\"wp-block-spacer\"><\/div>\n\n\n\n<figure class=\"wp-block-image size-large\"><img fetchpriority=\"high\" decoding=\"async\" width=\"960\" height=\"1024\" src=\"https:\/\/anaxis-am.com\/wp-content\/uploads\/2026\/01\/Carte-de-voeux-ter-960x1024.jpg\" alt=\"\" class=\"wp-image-18807\" srcset=\"https:\/\/anaxis-am.com\/wp-content\/uploads\/2026\/01\/Carte-de-voeux-ter-960x1024.jpg 960w, https:\/\/anaxis-am.com\/wp-content\/uploads\/2026\/01\/Carte-de-voeux-ter-281x300.jpg 281w, https:\/\/anaxis-am.com\/wp-content\/uploads\/2026\/01\/Carte-de-voeux-ter-768x819.jpg 768w, https:\/\/anaxis-am.com\/wp-content\/uploads\/2026\/01\/Carte-de-voeux-ter-1440x1536.jpg 1440w, https:\/\/anaxis-am.com\/wp-content\/uploads\/2026\/01\/Carte-de-voeux-ter.jpg 1875w\" sizes=\"(max-width: 960px) 100vw, 960px\" \/><\/figure>\n\n\n\n<p><\/p>\n","protected":false},"excerpt":{"rendered":"<p>L\u2019ann\u00e9e 2025 a \u00e9t\u00e9 marqu\u00e9e chez Anaxis par un cap important : le passage du milliard d\u2019euros sous gestion. Cette croissance r\u00e9sulte \u00e0 la fois de notre expertise de gestion, illustr\u00e9e par des performances solides sur l\u2019ensemble de nos fonds<\/p>\n","protected":false},"author":2,"featured_media":0,"comment_status":"closed","ping_status":"closed","sticky":false,"template":"elementor_theme","format":"standard","meta":{"footnotes":""},"categories":[16],"tags":[],"class_list":["post-18806","post","type-post","status-publish","format-standard","hentry","category-societe"],"acf":[],"yoast_head":"<!-- This site is optimized with the Yoast SEO plugin v25.1 - https:\/\/yoast.com\/wordpress\/plugins\/seo\/ -->\n<title>L&#039;\u00e9quipe d&#039;Anaxis AM vous souhaite une tr\u00e8s belle ann\u00e9e 2026 ! - Anaxis AM<\/title>\n<meta name=\"description\" content=\"L\u2019ann\u00e9e 2025 a \u00e9t\u00e9 marqu\u00e9e chez Anaxis par un cap important : le passage du milliard d\u2019euros sous gestion. Cette croissance r\u00e9sulte \u00e0 la fois de notre expertise de gestion, illustr\u00e9e par des performances solides sur l\u2019ensemble de nos fonds\" \/>\n<meta name=\"robots\" content=\"index, follow, max-snippet:-1, max-image-preview:large, max-video-preview:-1\" \/>\n<link rel=\"canonical\" href=\"https:\/\/anaxis-am.com\/fr\/lequipe-danaxis-am-vous-souhaite-une-tres-belle-annee-2026\/\" \/>\n<meta property=\"og:locale\" content=\"fr_FR\" \/>\n<meta property=\"og:type\" content=\"article\" \/>\n<meta property=\"og:title\" content=\"L&#039;\u00e9quipe d&#039;Anaxis AM vous souhaite une tr\u00e8s belle ann\u00e9e 2026 ! - Anaxis AM\" \/>\n<meta property=\"og:description\" content=\"L\u2019ann\u00e9e 2025 a \u00e9t\u00e9 marqu\u00e9e chez Anaxis par un cap important : le passage du milliard d\u2019euros sous gestion. Cette croissance r\u00e9sulte \u00e0 la fois de notre expertise de gestion, illustr\u00e9e par des performances solides sur l\u2019ensemble de nos fonds\" \/>\n<meta property=\"og:url\" content=\"https:\/\/anaxis-am.com\/fr\/lequipe-danaxis-am-vous-souhaite-une-tres-belle-annee-2026\/\" \/>\n<meta property=\"og:site_name\" content=\"Anaxis AM\" \/>\n<meta property=\"article:published_time\" content=\"2026-01-09T12:37:01+00:00\" \/>\n<meta property=\"article:modified_time\" content=\"2026-01-13T13:32:56+00:00\" \/>\n<meta property=\"og:image\" content=\"https:\/\/anaxis-am.com\/wp-content\/uploads\/2026\/01\/Carte-de-voeux-ter.jpg\" \/>\n\t<meta property=\"og:image:width\" content=\"1875\" \/>\n\t<meta property=\"og:image:height\" content=\"2000\" \/>\n\t<meta property=\"og:image:type\" content=\"image\/jpeg\" \/>\n<meta name=\"author\" content=\"Anaxis AM\" \/>\n<meta name=\"twitter:card\" content=\"summary_large_image\" \/>\n<meta name=\"twitter:creator\" content=\"@AnaxisAM\" \/>\n<meta name=\"twitter:site\" content=\"@AnaxisAM\" \/>\n<meta name=\"twitter:label1\" content=\"\u00c9crit par\" \/>\n\t<meta name=\"twitter:data1\" content=\"Anaxis AM\" \/>\n\t<meta name=\"twitter:label2\" content=\"Dur\u00e9e de lecture estim\u00e9e\" \/>\n\t<meta name=\"twitter:data2\" content=\"2 minutes\" \/>\n<script type=\"application\/ld+json\" class=\"yoast-schema-graph\">{\"@context\":\"https:\/\/schema.org\",\"@graph\":[{\"@type\":\"Article\",\"@id\":\"https:\/\/anaxis-am.com\/fr\/lequipe-danaxis-am-vous-souhaite-une-tres-belle-annee-2026\/#article\",\"isPartOf\":{\"@id\":\"https:\/\/anaxis-am.com\/fr\/lequipe-danaxis-am-vous-souhaite-une-tres-belle-annee-2026\/\"},\"author\":{\"name\":\"Anaxis AM\",\"@id\":\"https:\/\/anaxis-am.com\/fr\/#\/schema\/person\/8a0db0d83a76d63be8b28d8f9c61ad8b\"},\"headline\":\"L&rsquo;\u00e9quipe d&rsquo;Anaxis AM vous souhaite une tr\u00e8s belle ann\u00e9e 2026 !\",\"datePublished\":\"2026-01-09T12:37:01+00:00\",\"dateModified\":\"2026-01-13T13:32:56+00:00\",\"mainEntityOfPage\":{\"@id\":\"https:\/\/anaxis-am.com\/fr\/lequipe-danaxis-am-vous-souhaite-une-tres-belle-annee-2026\/\"},\"wordCount\":346,\"publisher\":{\"@id\":\"https:\/\/anaxis-am.com\/fr\/#organization\"},\"image\":{\"@id\":\"https:\/\/anaxis-am.com\/fr\/lequipe-danaxis-am-vous-souhaite-une-tres-belle-annee-2026\/#primaryimage\"},\"thumbnailUrl\":\"https:\/\/anaxis-am.com\/wp-content\/uploads\/2026\/01\/Carte-de-voeux-ter-960x1024.jpg\",\"articleSection\":[\"Soci\u00e9t\u00e9\"],\"inLanguage\":\"fr-FR\"},{\"@type\":\"WebPage\",\"@id\":\"https:\/\/anaxis-am.com\/fr\/lequipe-danaxis-am-vous-souhaite-une-tres-belle-annee-2026\/\",\"url\":\"https:\/\/anaxis-am.com\/fr\/lequipe-danaxis-am-vous-souhaite-une-tres-belle-annee-2026\/\",\"name\":\"L'\u00e9quipe d'Anaxis AM vous souhaite une tr\u00e8s belle ann\u00e9e 2026 ! - Anaxis AM\",\"isPartOf\":{\"@id\":\"https:\/\/anaxis-am.com\/fr\/#website\"},\"primaryImageOfPage\":{\"@id\":\"https:\/\/anaxis-am.com\/fr\/lequipe-danaxis-am-vous-souhaite-une-tres-belle-annee-2026\/#primaryimage\"},\"image\":{\"@id\":\"https:\/\/anaxis-am.com\/fr\/lequipe-danaxis-am-vous-souhaite-une-tres-belle-annee-2026\/#primaryimage\"},\"thumbnailUrl\":\"https:\/\/anaxis-am.com\/wp-content\/uploads\/2026\/01\/Carte-de-voeux-ter-960x1024.jpg\",\"datePublished\":\"2026-01-09T12:37:01+00:00\",\"dateModified\":\"2026-01-13T13:32:56+00:00\",\"description\":\"L\u2019ann\u00e9e 2025 a \u00e9t\u00e9 marqu\u00e9e chez Anaxis par un cap important : le passage du milliard d\u2019euros sous gestion. Cette croissance r\u00e9sulte \u00e0 la fois de notre expertise de gestion, illustr\u00e9e par des performances solides sur l\u2019ensemble de nos fonds\",\"breadcrumb\":{\"@id\":\"https:\/\/anaxis-am.com\/fr\/lequipe-danaxis-am-vous-souhaite-une-tres-belle-annee-2026\/#breadcrumb\"},\"inLanguage\":\"fr-FR\",\"potentialAction\":[{\"@type\":\"ReadAction\",\"target\":[\"https:\/\/anaxis-am.com\/fr\/lequipe-danaxis-am-vous-souhaite-une-tres-belle-annee-2026\/\"]}]},{\"@type\":\"ImageObject\",\"inLanguage\":\"fr-FR\",\"@id\":\"https:\/\/anaxis-am.com\/fr\/lequipe-danaxis-am-vous-souhaite-une-tres-belle-annee-2026\/#primaryimage\",\"url\":\"https:\/\/anaxis-am.com\/wp-content\/uploads\/2026\/01\/Carte-de-voeux-ter-960x1024.jpg\",\"contentUrl\":\"https:\/\/anaxis-am.com\/wp-content\/uploads\/2026\/01\/Carte-de-voeux-ter-960x1024.jpg\"},{\"@type\":\"BreadcrumbList\",\"@id\":\"https:\/\/anaxis-am.com\/fr\/lequipe-danaxis-am-vous-souhaite-une-tres-belle-annee-2026\/#breadcrumb\",\"itemListElement\":[{\"@type\":\"ListItem\",\"position\":1,\"name\":\"Accueil\",\"item\":\"https:\/\/anaxis-am.com\/fr\/\"},{\"@type\":\"ListItem\",\"position\":2,\"name\":\"L&rsquo;\u00e9quipe d&rsquo;Anaxis AM vous souhaite une tr\u00e8s belle ann\u00e9e 2026 !\"}]},{\"@type\":\"WebSite\",\"@id\":\"https:\/\/anaxis-am.com\/fr\/#website\",\"url\":\"https:\/\/anaxis-am.com\/fr\/\",\"name\":\"Anaxis AM\",\"description\":\"Gestion d&#039;obligations corporate\",\"publisher\":{\"@id\":\"https:\/\/anaxis-am.com\/fr\/#organization\"},\"potentialAction\":[{\"@type\":\"SearchAction\",\"target\":{\"@type\":\"EntryPoint\",\"urlTemplate\":\"https:\/\/anaxis-am.com\/fr\/?s={search_term_string}\"},\"query-input\":{\"@type\":\"PropertyValueSpecification\",\"valueRequired\":true,\"valueName\":\"search_term_string\"}}],\"inLanguage\":\"fr-FR\"},{\"@type\":\"Organization\",\"@id\":\"https:\/\/anaxis-am.com\/fr\/#organization\",\"name\":\"Anaxis AM\",\"url\":\"https:\/\/anaxis-am.com\/fr\/\",\"logo\":{\"@type\":\"ImageObject\",\"inLanguage\":\"fr-FR\",\"@id\":\"https:\/\/anaxis-am.com\/fr\/#\/schema\/logo\/image\/\",\"url\":\"https:\/\/anaxis-am.com\/wp-content\/uploads\/2023\/03\/logotype_02_noir.svg\",\"contentUrl\":\"https:\/\/anaxis-am.com\/wp-content\/uploads\/2023\/03\/logotype_02_noir.svg\",\"width\":198,\"height\":107,\"caption\":\"Anaxis AM\"},\"image\":{\"@id\":\"https:\/\/anaxis-am.com\/fr\/#\/schema\/logo\/image\/\"},\"sameAs\":[\"https:\/\/x.com\/AnaxisAM\",\"https:\/\/linkedin.com\/company\/anaxis-am\"]},{\"@type\":\"Person\",\"@id\":\"https:\/\/anaxis-am.com\/fr\/#\/schema\/person\/8a0db0d83a76d63be8b28d8f9c61ad8b\",\"name\":\"Anaxis AM\",\"image\":{\"@type\":\"ImageObject\",\"inLanguage\":\"fr-FR\",\"@id\":\"https:\/\/anaxis-am.com\/fr\/#\/schema\/person\/image\/\",\"url\":\"https:\/\/secure.gravatar.com\/avatar\/9b2b1e71fb4cd0618bc19bc8834e65c991cd8dddc53838d094f6cfb94e23a13c?s=96&d=mm&r=g\",\"contentUrl\":\"https:\/\/secure.gravatar.com\/avatar\/9b2b1e71fb4cd0618bc19bc8834e65c991cd8dddc53838d094f6cfb94e23a13c?s=96&d=mm&r=g\",\"caption\":\"Anaxis AM\"},\"url\":\"https:\/\/anaxis-am.com\/fr\/author\/thibault-danquigny\/\"}]}<\/script>\n<!-- \/ Yoast SEO plugin. -->","yoast_head_json":{"title":"L'\u00e9quipe d'Anaxis AM vous souhaite une tr\u00e8s belle ann\u00e9e 2026 ! - Anaxis AM","description":"L\u2019ann\u00e9e 2025 a \u00e9t\u00e9 marqu\u00e9e chez Anaxis par un cap important : le passage du milliard d\u2019euros sous gestion. Cette croissance r\u00e9sulte \u00e0 la fois de notre expertise de gestion, illustr\u00e9e par des performances solides sur l\u2019ensemble de nos fonds","robots":{"index":"index","follow":"follow","max-snippet":"max-snippet:-1","max-image-preview":"max-image-preview:large","max-video-preview":"max-video-preview:-1"},"canonical":"https:\/\/anaxis-am.com\/fr\/lequipe-danaxis-am-vous-souhaite-une-tres-belle-annee-2026\/","og_locale":"fr_FR","og_type":"article","og_title":"L'\u00e9quipe d'Anaxis AM vous souhaite une tr\u00e8s belle ann\u00e9e 2026 ! - Anaxis AM","og_description":"L\u2019ann\u00e9e 2025 a \u00e9t\u00e9 marqu\u00e9e chez Anaxis par un cap important : le passage du milliard d\u2019euros sous gestion. Cette croissance r\u00e9sulte \u00e0 la fois de notre expertise de gestion, illustr\u00e9e par des performances solides sur l\u2019ensemble de nos fonds","og_url":"https:\/\/anaxis-am.com\/fr\/lequipe-danaxis-am-vous-souhaite-une-tres-belle-annee-2026\/","og_site_name":"Anaxis AM","article_published_time":"2026-01-09T12:37:01+00:00","article_modified_time":"2026-01-13T13:32:56+00:00","og_image":[{"width":1875,"height":2000,"url":"https:\/\/anaxis-am.com\/wp-content\/uploads\/2026\/01\/Carte-de-voeux-ter.jpg","type":"image\/jpeg"}],"author":"Anaxis AM","twitter_card":"summary_large_image","twitter_creator":"@AnaxisAM","twitter_site":"@AnaxisAM","twitter_misc":{"\u00c9crit par":"Anaxis AM","Dur\u00e9e de lecture estim\u00e9e":"2 minutes"},"schema":{"@context":"https:\/\/schema.org","@graph":[{"@type":"Article","@id":"https:\/\/anaxis-am.com\/fr\/lequipe-danaxis-am-vous-souhaite-une-tres-belle-annee-2026\/#article","isPartOf":{"@id":"https:\/\/anaxis-am.com\/fr\/lequipe-danaxis-am-vous-souhaite-une-tres-belle-annee-2026\/"},"author":{"name":"Anaxis AM","@id":"https:\/\/anaxis-am.com\/fr\/#\/schema\/person\/8a0db0d83a76d63be8b28d8f9c61ad8b"},"headline":"L&rsquo;\u00e9quipe d&rsquo;Anaxis AM vous souhaite une tr\u00e8s belle ann\u00e9e 2026 !","datePublished":"2026-01-09T12:37:01+00:00","dateModified":"2026-01-13T13:32:56+00:00","mainEntityOfPage":{"@id":"https:\/\/anaxis-am.com\/fr\/lequipe-danaxis-am-vous-souhaite-une-tres-belle-annee-2026\/"},"wordCount":346,"publisher":{"@id":"https:\/\/anaxis-am.com\/fr\/#organization"},"image":{"@id":"https:\/\/anaxis-am.com\/fr\/lequipe-danaxis-am-vous-souhaite-une-tres-belle-annee-2026\/#primaryimage"},"thumbnailUrl":"https:\/\/anaxis-am.com\/wp-content\/uploads\/2026\/01\/Carte-de-voeux-ter-960x1024.jpg","articleSection":["Soci\u00e9t\u00e9"],"inLanguage":"fr-FR"},{"@type":"WebPage","@id":"https:\/\/anaxis-am.com\/fr\/lequipe-danaxis-am-vous-souhaite-une-tres-belle-annee-2026\/","url":"https:\/\/anaxis-am.com\/fr\/lequipe-danaxis-am-vous-souhaite-une-tres-belle-annee-2026\/","name":"L'\u00e9quipe d'Anaxis AM vous souhaite une tr\u00e8s belle ann\u00e9e 2026 ! - Anaxis AM","isPartOf":{"@id":"https:\/\/anaxis-am.com\/fr\/#website"},"primaryImageOfPage":{"@id":"https:\/\/anaxis-am.com\/fr\/lequipe-danaxis-am-vous-souhaite-une-tres-belle-annee-2026\/#primaryimage"},"image":{"@id":"https:\/\/anaxis-am.com\/fr\/lequipe-danaxis-am-vous-souhaite-une-tres-belle-annee-2026\/#primaryimage"},"thumbnailUrl":"https:\/\/anaxis-am.com\/wp-content\/uploads\/2026\/01\/Carte-de-voeux-ter-960x1024.jpg","datePublished":"2026-01-09T12:37:01+00:00","dateModified":"2026-01-13T13:32:56+00:00","description":"L\u2019ann\u00e9e 2025 a \u00e9t\u00e9 marqu\u00e9e chez Anaxis par un cap important : le passage du milliard d\u2019euros sous gestion. Cette croissance r\u00e9sulte \u00e0 la fois de notre expertise de gestion, illustr\u00e9e par des performances solides sur l\u2019ensemble de nos fonds","breadcrumb":{"@id":"https:\/\/anaxis-am.com\/fr\/lequipe-danaxis-am-vous-souhaite-une-tres-belle-annee-2026\/#breadcrumb"},"inLanguage":"fr-FR","potentialAction":[{"@type":"ReadAction","target":["https:\/\/anaxis-am.com\/fr\/lequipe-danaxis-am-vous-souhaite-une-tres-belle-annee-2026\/"]}]},{"@type":"ImageObject","inLanguage":"fr-FR","@id":"https:\/\/anaxis-am.com\/fr\/lequipe-danaxis-am-vous-souhaite-une-tres-belle-annee-2026\/#primaryimage","url":"https:\/\/anaxis-am.com\/wp-content\/uploads\/2026\/01\/Carte-de-voeux-ter-960x1024.jpg","contentUrl":"https:\/\/anaxis-am.com\/wp-content\/uploads\/2026\/01\/Carte-de-voeux-ter-960x1024.jpg"},{"@type":"BreadcrumbList","@id":"https:\/\/anaxis-am.com\/fr\/lequipe-danaxis-am-vous-souhaite-une-tres-belle-annee-2026\/#breadcrumb","itemListElement":[{"@type":"ListItem","position":1,"name":"Accueil","item":"https:\/\/anaxis-am.com\/fr\/"},{"@type":"ListItem","position":2,"name":"L&rsquo;\u00e9quipe d&rsquo;Anaxis AM vous souhaite une tr\u00e8s belle ann\u00e9e 2026 !"}]},{"@type":"WebSite","@id":"https:\/\/anaxis-am.com\/fr\/#website","url":"https:\/\/anaxis-am.com\/fr\/","name":"Anaxis AM","description":"Gestion d&#039;obligations corporate","publisher":{"@id":"https:\/\/anaxis-am.com\/fr\/#organization"},"potentialAction":[{"@type":"SearchAction","target":{"@type":"EntryPoint","urlTemplate":"https:\/\/anaxis-am.com\/fr\/?s={search_term_string}"},"query-input":{"@type":"PropertyValueSpecification","valueRequired":true,"valueName":"search_term_string"}}],"inLanguage":"fr-FR"},{"@type":"Organization","@id":"https:\/\/anaxis-am.com\/fr\/#organization","name":"Anaxis AM","url":"https:\/\/anaxis-am.com\/fr\/","logo":{"@type":"ImageObject","inLanguage":"fr-FR","@id":"https:\/\/anaxis-am.com\/fr\/#\/schema\/logo\/image\/","url":"https:\/\/anaxis-am.com\/wp-content\/uploads\/2023\/03\/logotype_02_noir.svg","contentUrl":"https:\/\/anaxis-am.com\/wp-content\/uploads\/2023\/03\/logotype_02_noir.svg","width":198,"height":107,"caption":"Anaxis AM"},"image":{"@id":"https:\/\/anaxis-am.com\/fr\/#\/schema\/logo\/image\/"},"sameAs":["https:\/\/x.com\/AnaxisAM","https:\/\/linkedin.com\/company\/anaxis-am"]},{"@type":"Person","@id":"https:\/\/anaxis-am.com\/fr\/#\/schema\/person\/8a0db0d83a76d63be8b28d8f9c61ad8b","name":"Anaxis AM","image":{"@type":"ImageObject","inLanguage":"fr-FR","@id":"https:\/\/anaxis-am.com\/fr\/#\/schema\/person\/image\/","url":"https:\/\/secure.gravatar.com\/avatar\/9b2b1e71fb4cd0618bc19bc8834e65c991cd8dddc53838d094f6cfb94e23a13c?s=96&d=mm&r=g","contentUrl":"https:\/\/secure.gravatar.com\/avatar\/9b2b1e71fb4cd0618bc19bc8834e65c991cd8dddc53838d094f6cfb94e23a13c?s=96&d=mm&r=g","caption":"Anaxis AM"},"url":"https:\/\/anaxis-am.com\/fr\/author\/thibault-danquigny\/"}]}},"_links":{"self":[{"href":"https:\/\/anaxis-am.com\/fr\/wp-json\/wp\/v2\/posts\/18806","targetHints":{"allow":["GET"]}}],"collection":[{"href":"https:\/\/anaxis-am.com\/fr\/wp-json\/wp\/v2\/posts"}],"about":[{"href":"https:\/\/anaxis-am.com\/fr\/wp-json\/wp\/v2\/types\/post"}],"author":[{"embeddable":true,"href":"https:\/\/anaxis-am.com\/fr\/wp-json\/wp\/v2\/users\/2"}],"replies":[{"embeddable":true,"href":"https:\/\/anaxis-am.com\/fr\/wp-json\/wp\/v2\/comments?post=18806"}],"version-history":[{"count":8,"href":"https:\/\/anaxis-am.com\/fr\/wp-json\/wp\/v2\/posts\/18806\/revisions"}],"predecessor-version":[{"id":18846,"href":"https:\/\/anaxis-am.com\/fr\/wp-json\/wp\/v2\/posts\/18806\/revisions\/18846"}],"wp:attachment":[{"href":"https:\/\/anaxis-am.com\/fr\/wp-json\/wp\/v2\/media?parent=18806"}],"wp:term":[{"taxonomy":"category","embeddable":true,"href":"https:\/\/anaxis-am.com\/fr\/wp-json\/wp\/v2\/categories?post=18806"},{"taxonomy":"post_tag","embeddable":true,"href":"https:\/\/anaxis-am.com\/fr\/wp-json\/wp\/v2\/tags?post=18806"}],"curies":[{"name":"wp","href":"https:\/\/api.w.org\/{rel}","templated":true}]}}