{"id":18762,"date":"2025-12-23T14:34:05","date_gmt":"2025-12-23T13:34:05","guid":{"rendered":"https:\/\/anaxis-am.com\/?p=18762"},"modified":"2025-12-23T14:36:33","modified_gmt":"2025-12-23T13:36:33","slug":"webinaire-quelles-perspectives-sur-les-marches-obligataires-pour-2026","status":"publish","type":"post","link":"https:\/\/anaxis-am.com\/fr\/webinaire-quelles-perspectives-sur-les-marches-obligataires-pour-2026\/","title":{"rendered":"Webinaire \/ Quelles perspectives sur les march\u00e9s obligataires pour 2026 ?"},"content":{"rendered":"\n<p>Retrouvez le prochain webinaire d&rsquo;Anaxis AM :<\/p>\n\n\n\n<p><strong>Quelles perspectives sur les march\u00e9s obligataires pour 2026 ? Notre positionnement et les opportunit\u00e9s que nous privil\u00e9gions<\/strong><\/p>\n\n\n\n<p>Le jeudi 22 janvier 2026 \u00e0 10h<br>Dur\u00e9e : 30 minutes<\/p>\n\n\n\n<h4 class=\"wp-block-heading\"><strong>Inscription<\/strong><\/h4>\n\n\n\n<ul class=\"wp-block-list\">\n<li>Cliquez sur ce lien pour acc\u00e9der au formulaire : <a href=\"https:\/\/anaxis-am.lpages.co\/inscription-webinaire-anaxis-22-janvier-2026\/\" target=\"_blank\" rel=\"noreferrer noopener\"><mark style=\"background-color:rgba(0, 0, 0, 0)\" class=\"has-inline-color has-vivid-cyan-blue-color\"><strong>S&rsquo;INSCRIRE<\/strong><\/mark><\/a><\/li>\n\n\n\n<li>Ou par email \u00e0 info@anaxis-am.com<\/li>\n<\/ul>\n\n\n\n<p><\/p>\n\n\n\n<p><em>Au cours de ce webinaire, nous aurons le plaisir d&rsquo;aborder, entre autres, les th\u00e9matiques suivantes :<\/em><\/p>\n\n\n\n<p>\u27a1\ufe0f <strong>Trajectoires de taux et d&rsquo;inflation<\/strong> : quels impacts des politiques mon\u00e9taires des banques centrales ?<\/p>\n\n\n\n<p>\u27a1\ufe0f <strong>Cr\u00e9dit corporate<\/strong>, comment \u00e9voluent les fondamentaux des entreprises ?<\/p>\n\n\n\n<p>\u27a1\ufe0f <strong>Niveaux des spreads<\/strong> : en quoi refl\u00e8tent-ils le march\u00e9 actuel ?<\/p>\n\n\n\n<p>\u27a1\ufe0f <strong>Nos anticipations en tant qu&rsquo;experts du cr\u00e9dit corporate<\/strong>, notamment en termes de secteurs, g\u00e9ographies et notations<\/p>\n\n\n\n<p>\u27a1\ufe0f <strong>Quelles opportunit\u00e9s<\/strong> privil\u00e9gions-nous <strong>pour cette ann\u00e9e 2026<\/strong> ? Pr\u00e9sentation de quelques exemples d&rsquo;investissement<\/p>\n\n\n\n<div style=\"height:10px\" aria-hidden=\"true\" class=\"wp-block-spacer\"><\/div>\n\n\n\n<p><em><em>Nous tiendrons une session de questions-r\u00e9ponses \u00e0 la fin du webinaire . Si vous souhaitez poser des questions \u00e0 l&rsquo;avance, nous vous remercions de nous les transmettre par email \u00e0&nbsp;<a href=\"mailto:info@anaxis-am.com\">info@anaxis-am.com<\/a><\/em><\/em> .<\/p>\n\n\n\n<div style=\"height:20px\" aria-hidden=\"true\" class=\"wp-block-spacer\"><\/div>\n\n\n<div class=\"wp-block-image\">\n<figure class=\"alignleft size-large\"><img fetchpriority=\"high\" decoding=\"async\" width=\"1024\" height=\"576\" src=\"https:\/\/anaxis-am.com\/wp-content\/uploads\/2025\/12\/260122_Visuel-Linkedin-FR-1024x576.jpg\" alt=\"\" class=\"wp-image-18763\" srcset=\"https:\/\/anaxis-am.com\/wp-content\/uploads\/2025\/12\/260122_Visuel-Linkedin-FR-1024x576.jpg 1024w, https:\/\/anaxis-am.com\/wp-content\/uploads\/2025\/12\/260122_Visuel-Linkedin-FR-300x169.jpg 300w, https:\/\/anaxis-am.com\/wp-content\/uploads\/2025\/12\/260122_Visuel-Linkedin-FR-768x432.jpg 768w, https:\/\/anaxis-am.com\/wp-content\/uploads\/2025\/12\/260122_Visuel-Linkedin-FR-1536x864.jpg 1536w, https:\/\/anaxis-am.com\/wp-content\/uploads\/2025\/12\/260122_Visuel-Linkedin-FR.jpg 1600w\" sizes=\"(max-width: 1024px) 100vw, 1024px\" \/><\/figure>\n<\/div>\n\n\n<p><\/p>\n","protected":false},"excerpt":{"rendered":"<p>Retrouvez le prochain webinaire d&rsquo;Anaxis AM : Quelles perspectives sur les march\u00e9s obligataires pour 2026 ? Notre positionnement et les opportunit\u00e9s que nous privil\u00e9gions<\/p>\n","protected":false},"author":2,"featured_media":0,"comment_status":"closed","ping_status":"closed","sticky":false,"template":"elementor_theme","format":"standard","meta":{"footnotes":""},"categories":[7],"tags":[],"class_list":["post-18762","post","type-post","status-publish","format-standard","hentry","category-evenements"],"acf":[],"yoast_head":"<!-- This site is optimized with the Yoast SEO plugin v25.1 - https:\/\/yoast.com\/wordpress\/plugins\/seo\/ -->\n<title>Webinaire \/ Quelles perspectives sur les march\u00e9s obligataires pour 2026 ? - Anaxis AM<\/title>\n<meta name=\"description\" content=\"Webinaire Anaxis : Quelles perspectives sur les march\u00e9s obligataires pour 2026 ? Notre positionnement et les opportunit\u00e9s que nous privil\u00e9gions\" \/>\n<meta name=\"robots\" content=\"index, follow, max-snippet:-1, max-image-preview:large, max-video-preview:-1\" \/>\n<link rel=\"canonical\" href=\"https:\/\/anaxis-am.com\/fr\/webinaire-quelles-perspectives-sur-les-marches-obligataires-pour-2026\/\" \/>\n<meta property=\"og:locale\" content=\"fr_FR\" \/>\n<meta property=\"og:type\" content=\"article\" \/>\n<meta property=\"og:title\" content=\"Webinaire \/ Quelles perspectives sur les march\u00e9s obligataires pour 2026 ? - Anaxis AM\" \/>\n<meta property=\"og:description\" content=\"Webinaire Anaxis : Quelles perspectives sur les march\u00e9s obligataires pour 2026 ? Notre positionnement et les opportunit\u00e9s que nous privil\u00e9gions\" \/>\n<meta property=\"og:url\" content=\"https:\/\/anaxis-am.com\/fr\/webinaire-quelles-perspectives-sur-les-marches-obligataires-pour-2026\/\" \/>\n<meta property=\"og:site_name\" content=\"Anaxis AM\" \/>\n<meta property=\"article:published_time\" content=\"2025-12-23T13:34:05+00:00\" \/>\n<meta property=\"article:modified_time\" content=\"2025-12-23T13:36:33+00:00\" \/>\n<meta property=\"og:image\" content=\"https:\/\/anaxis-am.com\/wp-content\/uploads\/2025\/12\/260122_Visuel-Linkedin-FR.jpg\" \/>\n\t<meta property=\"og:image:width\" content=\"1600\" \/>\n\t<meta property=\"og:image:height\" content=\"900\" \/>\n\t<meta property=\"og:image:type\" content=\"image\/jpeg\" \/>\n<meta name=\"author\" content=\"Anaxis AM\" \/>\n<meta name=\"twitter:card\" content=\"summary_large_image\" \/>\n<meta name=\"twitter:creator\" content=\"@AnaxisAM\" \/>\n<meta name=\"twitter:site\" content=\"@AnaxisAM\" \/>\n<meta name=\"twitter:label1\" content=\"\u00c9crit par\" \/>\n\t<meta name=\"twitter:data1\" content=\"Anaxis AM\" \/>\n\t<meta name=\"twitter:label2\" content=\"Dur\u00e9e de lecture estim\u00e9e\" \/>\n\t<meta name=\"twitter:data2\" content=\"1 minute\" \/>\n<script type=\"application\/ld+json\" class=\"yoast-schema-graph\">{\"@context\":\"https:\/\/schema.org\",\"@graph\":[{\"@type\":\"Article\",\"@id\":\"https:\/\/anaxis-am.com\/fr\/webinaire-quelles-perspectives-sur-les-marches-obligataires-pour-2026\/#article\",\"isPartOf\":{\"@id\":\"https:\/\/anaxis-am.com\/fr\/webinaire-quelles-perspectives-sur-les-marches-obligataires-pour-2026\/\"},\"author\":{\"name\":\"Anaxis AM\",\"@id\":\"https:\/\/anaxis-am.com\/fr\/#\/schema\/person\/8a0db0d83a76d63be8b28d8f9c61ad8b\"},\"headline\":\"Webinaire \/ Quelles perspectives sur les march\u00e9s obligataires pour 2026 ?\",\"datePublished\":\"2025-12-23T13:34:05+00:00\",\"dateModified\":\"2025-12-23T13:36:33+00:00\",\"mainEntityOfPage\":{\"@id\":\"https:\/\/anaxis-am.com\/fr\/webinaire-quelles-perspectives-sur-les-marches-obligataires-pour-2026\/\"},\"wordCount\":169,\"publisher\":{\"@id\":\"https:\/\/anaxis-am.com\/fr\/#organization\"},\"image\":{\"@id\":\"https:\/\/anaxis-am.com\/fr\/webinaire-quelles-perspectives-sur-les-marches-obligataires-pour-2026\/#primaryimage\"},\"thumbnailUrl\":\"https:\/\/anaxis-am.com\/wp-content\/uploads\/2025\/12\/260122_Visuel-Linkedin-FR-1024x576.jpg\",\"articleSection\":[\"\u00c9v\u00e9nements\"],\"inLanguage\":\"fr-FR\"},{\"@type\":\"WebPage\",\"@id\":\"https:\/\/anaxis-am.com\/fr\/webinaire-quelles-perspectives-sur-les-marches-obligataires-pour-2026\/\",\"url\":\"https:\/\/anaxis-am.com\/fr\/webinaire-quelles-perspectives-sur-les-marches-obligataires-pour-2026\/\",\"name\":\"Webinaire \/ Quelles perspectives sur les march\u00e9s obligataires pour 2026 ? - Anaxis AM\",\"isPartOf\":{\"@id\":\"https:\/\/anaxis-am.com\/fr\/#website\"},\"primaryImageOfPage\":{\"@id\":\"https:\/\/anaxis-am.com\/fr\/webinaire-quelles-perspectives-sur-les-marches-obligataires-pour-2026\/#primaryimage\"},\"image\":{\"@id\":\"https:\/\/anaxis-am.com\/fr\/webinaire-quelles-perspectives-sur-les-marches-obligataires-pour-2026\/#primaryimage\"},\"thumbnailUrl\":\"https:\/\/anaxis-am.com\/wp-content\/uploads\/2025\/12\/260122_Visuel-Linkedin-FR-1024x576.jpg\",\"datePublished\":\"2025-12-23T13:34:05+00:00\",\"dateModified\":\"2025-12-23T13:36:33+00:00\",\"description\":\"Webinaire Anaxis : Quelles perspectives sur les march\u00e9s obligataires pour 2026 ? Notre positionnement et les opportunit\u00e9s que nous privil\u00e9gions\",\"breadcrumb\":{\"@id\":\"https:\/\/anaxis-am.com\/fr\/webinaire-quelles-perspectives-sur-les-marches-obligataires-pour-2026\/#breadcrumb\"},\"inLanguage\":\"fr-FR\",\"potentialAction\":[{\"@type\":\"ReadAction\",\"target\":[\"https:\/\/anaxis-am.com\/fr\/webinaire-quelles-perspectives-sur-les-marches-obligataires-pour-2026\/\"]}]},{\"@type\":\"ImageObject\",\"inLanguage\":\"fr-FR\",\"@id\":\"https:\/\/anaxis-am.com\/fr\/webinaire-quelles-perspectives-sur-les-marches-obligataires-pour-2026\/#primaryimage\",\"url\":\"https:\/\/anaxis-am.com\/wp-content\/uploads\/2025\/12\/260122_Visuel-Linkedin-FR-1024x576.jpg\",\"contentUrl\":\"https:\/\/anaxis-am.com\/wp-content\/uploads\/2025\/12\/260122_Visuel-Linkedin-FR-1024x576.jpg\"},{\"@type\":\"BreadcrumbList\",\"@id\":\"https:\/\/anaxis-am.com\/fr\/webinaire-quelles-perspectives-sur-les-marches-obligataires-pour-2026\/#breadcrumb\",\"itemListElement\":[{\"@type\":\"ListItem\",\"position\":1,\"name\":\"Accueil\",\"item\":\"https:\/\/anaxis-am.com\/fr\/\"},{\"@type\":\"ListItem\",\"position\":2,\"name\":\"Webinaire \/ Quelles perspectives sur les march\u00e9s obligataires pour 2026 ?\"}]},{\"@type\":\"WebSite\",\"@id\":\"https:\/\/anaxis-am.com\/fr\/#website\",\"url\":\"https:\/\/anaxis-am.com\/fr\/\",\"name\":\"Anaxis AM\",\"description\":\"Gestion d&#039;obligations corporate\",\"publisher\":{\"@id\":\"https:\/\/anaxis-am.com\/fr\/#organization\"},\"potentialAction\":[{\"@type\":\"SearchAction\",\"target\":{\"@type\":\"EntryPoint\",\"urlTemplate\":\"https:\/\/anaxis-am.com\/fr\/?s={search_term_string}\"},\"query-input\":{\"@type\":\"PropertyValueSpecification\",\"valueRequired\":true,\"valueName\":\"search_term_string\"}}],\"inLanguage\":\"fr-FR\"},{\"@type\":\"Organization\",\"@id\":\"https:\/\/anaxis-am.com\/fr\/#organization\",\"name\":\"Anaxis AM\",\"url\":\"https:\/\/anaxis-am.com\/fr\/\",\"logo\":{\"@type\":\"ImageObject\",\"inLanguage\":\"fr-FR\",\"@id\":\"https:\/\/anaxis-am.com\/fr\/#\/schema\/logo\/image\/\",\"url\":\"https:\/\/anaxis-am.com\/wp-content\/uploads\/2023\/03\/logotype_02_noir.svg\",\"contentUrl\":\"https:\/\/anaxis-am.com\/wp-content\/uploads\/2023\/03\/logotype_02_noir.svg\",\"width\":198,\"height\":107,\"caption\":\"Anaxis AM\"},\"image\":{\"@id\":\"https:\/\/anaxis-am.com\/fr\/#\/schema\/logo\/image\/\"},\"sameAs\":[\"https:\/\/x.com\/AnaxisAM\",\"https:\/\/linkedin.com\/company\/anaxis-am\"]},{\"@type\":\"Person\",\"@id\":\"https:\/\/anaxis-am.com\/fr\/#\/schema\/person\/8a0db0d83a76d63be8b28d8f9c61ad8b\",\"name\":\"Anaxis AM\",\"image\":{\"@type\":\"ImageObject\",\"inLanguage\":\"fr-FR\",\"@id\":\"https:\/\/anaxis-am.com\/fr\/#\/schema\/person\/image\/\",\"url\":\"https:\/\/secure.gravatar.com\/avatar\/9b2b1e71fb4cd0618bc19bc8834e65c991cd8dddc53838d094f6cfb94e23a13c?s=96&d=mm&r=g\",\"contentUrl\":\"https:\/\/secure.gravatar.com\/avatar\/9b2b1e71fb4cd0618bc19bc8834e65c991cd8dddc53838d094f6cfb94e23a13c?s=96&d=mm&r=g\",\"caption\":\"Anaxis AM\"},\"url\":\"https:\/\/anaxis-am.com\/fr\/author\/thibault-danquigny\/\"}]}<\/script>\n<!-- \/ Yoast SEO plugin. -->","yoast_head_json":{"title":"Webinaire \/ Quelles perspectives sur les march\u00e9s obligataires pour 2026 ? - Anaxis AM","description":"Webinaire Anaxis : Quelles perspectives sur les march\u00e9s obligataires pour 2026 ? Notre positionnement et les opportunit\u00e9s que nous privil\u00e9gions","robots":{"index":"index","follow":"follow","max-snippet":"max-snippet:-1","max-image-preview":"max-image-preview:large","max-video-preview":"max-video-preview:-1"},"canonical":"https:\/\/anaxis-am.com\/fr\/webinaire-quelles-perspectives-sur-les-marches-obligataires-pour-2026\/","og_locale":"fr_FR","og_type":"article","og_title":"Webinaire \/ Quelles perspectives sur les march\u00e9s obligataires pour 2026 ? - Anaxis AM","og_description":"Webinaire Anaxis : Quelles perspectives sur les march\u00e9s obligataires pour 2026 ? Notre positionnement et les opportunit\u00e9s que nous privil\u00e9gions","og_url":"https:\/\/anaxis-am.com\/fr\/webinaire-quelles-perspectives-sur-les-marches-obligataires-pour-2026\/","og_site_name":"Anaxis AM","article_published_time":"2025-12-23T13:34:05+00:00","article_modified_time":"2025-12-23T13:36:33+00:00","og_image":[{"width":1600,"height":900,"url":"https:\/\/anaxis-am.com\/wp-content\/uploads\/2025\/12\/260122_Visuel-Linkedin-FR.jpg","type":"image\/jpeg"}],"author":"Anaxis AM","twitter_card":"summary_large_image","twitter_creator":"@AnaxisAM","twitter_site":"@AnaxisAM","twitter_misc":{"\u00c9crit par":"Anaxis AM","Dur\u00e9e de lecture estim\u00e9e":"1 minute"},"schema":{"@context":"https:\/\/schema.org","@graph":[{"@type":"Article","@id":"https:\/\/anaxis-am.com\/fr\/webinaire-quelles-perspectives-sur-les-marches-obligataires-pour-2026\/#article","isPartOf":{"@id":"https:\/\/anaxis-am.com\/fr\/webinaire-quelles-perspectives-sur-les-marches-obligataires-pour-2026\/"},"author":{"name":"Anaxis AM","@id":"https:\/\/anaxis-am.com\/fr\/#\/schema\/person\/8a0db0d83a76d63be8b28d8f9c61ad8b"},"headline":"Webinaire \/ Quelles perspectives sur les march\u00e9s obligataires pour 2026 ?","datePublished":"2025-12-23T13:34:05+00:00","dateModified":"2025-12-23T13:36:33+00:00","mainEntityOfPage":{"@id":"https:\/\/anaxis-am.com\/fr\/webinaire-quelles-perspectives-sur-les-marches-obligataires-pour-2026\/"},"wordCount":169,"publisher":{"@id":"https:\/\/anaxis-am.com\/fr\/#organization"},"image":{"@id":"https:\/\/anaxis-am.com\/fr\/webinaire-quelles-perspectives-sur-les-marches-obligataires-pour-2026\/#primaryimage"},"thumbnailUrl":"https:\/\/anaxis-am.com\/wp-content\/uploads\/2025\/12\/260122_Visuel-Linkedin-FR-1024x576.jpg","articleSection":["\u00c9v\u00e9nements"],"inLanguage":"fr-FR"},{"@type":"WebPage","@id":"https:\/\/anaxis-am.com\/fr\/webinaire-quelles-perspectives-sur-les-marches-obligataires-pour-2026\/","url":"https:\/\/anaxis-am.com\/fr\/webinaire-quelles-perspectives-sur-les-marches-obligataires-pour-2026\/","name":"Webinaire \/ Quelles perspectives sur les march\u00e9s obligataires pour 2026 ? - Anaxis AM","isPartOf":{"@id":"https:\/\/anaxis-am.com\/fr\/#website"},"primaryImageOfPage":{"@id":"https:\/\/anaxis-am.com\/fr\/webinaire-quelles-perspectives-sur-les-marches-obligataires-pour-2026\/#primaryimage"},"image":{"@id":"https:\/\/anaxis-am.com\/fr\/webinaire-quelles-perspectives-sur-les-marches-obligataires-pour-2026\/#primaryimage"},"thumbnailUrl":"https:\/\/anaxis-am.com\/wp-content\/uploads\/2025\/12\/260122_Visuel-Linkedin-FR-1024x576.jpg","datePublished":"2025-12-23T13:34:05+00:00","dateModified":"2025-12-23T13:36:33+00:00","description":"Webinaire Anaxis : Quelles perspectives sur les march\u00e9s obligataires pour 2026 ? Notre positionnement et les opportunit\u00e9s que nous privil\u00e9gions","breadcrumb":{"@id":"https:\/\/anaxis-am.com\/fr\/webinaire-quelles-perspectives-sur-les-marches-obligataires-pour-2026\/#breadcrumb"},"inLanguage":"fr-FR","potentialAction":[{"@type":"ReadAction","target":["https:\/\/anaxis-am.com\/fr\/webinaire-quelles-perspectives-sur-les-marches-obligataires-pour-2026\/"]}]},{"@type":"ImageObject","inLanguage":"fr-FR","@id":"https:\/\/anaxis-am.com\/fr\/webinaire-quelles-perspectives-sur-les-marches-obligataires-pour-2026\/#primaryimage","url":"https:\/\/anaxis-am.com\/wp-content\/uploads\/2025\/12\/260122_Visuel-Linkedin-FR-1024x576.jpg","contentUrl":"https:\/\/anaxis-am.com\/wp-content\/uploads\/2025\/12\/260122_Visuel-Linkedin-FR-1024x576.jpg"},{"@type":"BreadcrumbList","@id":"https:\/\/anaxis-am.com\/fr\/webinaire-quelles-perspectives-sur-les-marches-obligataires-pour-2026\/#breadcrumb","itemListElement":[{"@type":"ListItem","position":1,"name":"Accueil","item":"https:\/\/anaxis-am.com\/fr\/"},{"@type":"ListItem","position":2,"name":"Webinaire \/ Quelles perspectives sur les march\u00e9s obligataires pour 2026 ?"}]},{"@type":"WebSite","@id":"https:\/\/anaxis-am.com\/fr\/#website","url":"https:\/\/anaxis-am.com\/fr\/","name":"Anaxis AM","description":"Gestion d&#039;obligations corporate","publisher":{"@id":"https:\/\/anaxis-am.com\/fr\/#organization"},"potentialAction":[{"@type":"SearchAction","target":{"@type":"EntryPoint","urlTemplate":"https:\/\/anaxis-am.com\/fr\/?s={search_term_string}"},"query-input":{"@type":"PropertyValueSpecification","valueRequired":true,"valueName":"search_term_string"}}],"inLanguage":"fr-FR"},{"@type":"Organization","@id":"https:\/\/anaxis-am.com\/fr\/#organization","name":"Anaxis AM","url":"https:\/\/anaxis-am.com\/fr\/","logo":{"@type":"ImageObject","inLanguage":"fr-FR","@id":"https:\/\/anaxis-am.com\/fr\/#\/schema\/logo\/image\/","url":"https:\/\/anaxis-am.com\/wp-content\/uploads\/2023\/03\/logotype_02_noir.svg","contentUrl":"https:\/\/anaxis-am.com\/wp-content\/uploads\/2023\/03\/logotype_02_noir.svg","width":198,"height":107,"caption":"Anaxis AM"},"image":{"@id":"https:\/\/anaxis-am.com\/fr\/#\/schema\/logo\/image\/"},"sameAs":["https:\/\/x.com\/AnaxisAM","https:\/\/linkedin.com\/company\/anaxis-am"]},{"@type":"Person","@id":"https:\/\/anaxis-am.com\/fr\/#\/schema\/person\/8a0db0d83a76d63be8b28d8f9c61ad8b","name":"Anaxis AM","image":{"@type":"ImageObject","inLanguage":"fr-FR","@id":"https:\/\/anaxis-am.com\/fr\/#\/schema\/person\/image\/","url":"https:\/\/secure.gravatar.com\/avatar\/9b2b1e71fb4cd0618bc19bc8834e65c991cd8dddc53838d094f6cfb94e23a13c?s=96&d=mm&r=g","contentUrl":"https:\/\/secure.gravatar.com\/avatar\/9b2b1e71fb4cd0618bc19bc8834e65c991cd8dddc53838d094f6cfb94e23a13c?s=96&d=mm&r=g","caption":"Anaxis AM"},"url":"https:\/\/anaxis-am.com\/fr\/author\/thibault-danquigny\/"}]}},"_links":{"self":[{"href":"https:\/\/anaxis-am.com\/fr\/wp-json\/wp\/v2\/posts\/18762","targetHints":{"allow":["GET"]}}],"collection":[{"href":"https:\/\/anaxis-am.com\/fr\/wp-json\/wp\/v2\/posts"}],"about":[{"href":"https:\/\/anaxis-am.com\/fr\/wp-json\/wp\/v2\/types\/post"}],"author":[{"embeddable":true,"href":"https:\/\/anaxis-am.com\/fr\/wp-json\/wp\/v2\/users\/2"}],"replies":[{"embeddable":true,"href":"https:\/\/anaxis-am.com\/fr\/wp-json\/wp\/v2\/comments?post=18762"}],"version-history":[{"count":4,"href":"https:\/\/anaxis-am.com\/fr\/wp-json\/wp\/v2\/posts\/18762\/revisions"}],"predecessor-version":[{"id":18771,"href":"https:\/\/anaxis-am.com\/fr\/wp-json\/wp\/v2\/posts\/18762\/revisions\/18771"}],"wp:attachment":[{"href":"https:\/\/anaxis-am.com\/fr\/wp-json\/wp\/v2\/media?parent=18762"}],"wp:term":[{"taxonomy":"category","embeddable":true,"href":"https:\/\/anaxis-am.com\/fr\/wp-json\/wp\/v2\/categories?post=18762"},{"taxonomy":"post_tag","embeddable":true,"href":"https:\/\/anaxis-am.com\/fr\/wp-json\/wp\/v2\/tags?post=18762"}],"curies":[{"name":"wp","href":"https:\/\/api.w.org\/{rel}","templated":true}]}}