{"id":18082,"date":"2025-09-05T11:11:28","date_gmt":"2025-09-05T10:11:28","guid":{"rendered":"https:\/\/anaxis-am.com\/?p=18082"},"modified":"2025-09-05T11:14:19","modified_gmt":"2025-09-05T10:14:19","slug":"anaxis-participe-a-la-rencontre-des-selectionneurs-de-fonds-organise-par-rankia-europe","status":"publish","type":"post","link":"https:\/\/anaxis-am.com\/fr\/anaxis-participe-a-la-rencontre-des-selectionneurs-de-fonds-organise-par-rankia-europe\/","title":{"rendered":"Anaxis participe \u00e0 la rencontre des s\u00e9lectionneurs de fonds organis\u00e9 par Rankia Europe"},"content":{"rendered":"\n<p>\ud83d\udcc6 Nous sommes tr\u00e8s heureux de participer \u00e0 la rencontre avec les s\u00e9lectionneurs de fonds organis\u00e9e par <a href=\"https:\/\/www.linkedin.com\/company\/rankiapro-europe\/\" target=\"_blank\" rel=\"noreferrer noopener\"><mark style=\"background-color:rgba(0, 0, 0, 0)\" class=\"has-inline-color has-vivid-cyan-blue-color\">RankiaPro Europe<\/mark><\/a> \u00e0 l&rsquo;occasion d&rsquo;un petit-d\u00e9jeuner \u00e0 Paris le 2 octobre. <a href=\"https:\/\/www.linkedin.com\/in\/thibault-destr%C3%A9s-highyield-credit-fixedincome\/\" target=\"_blank\" rel=\"noreferrer noopener\"><mark style=\"background-color:rgba(0, 0, 0, 0)\" class=\"has-inline-color has-vivid-cyan-blue-color\">Thibault Destr\u00e9s<\/mark><\/a>, Head of Fixed Income chez <a href=\"https:\/\/www.linkedin.com\/company\/anaxis-am\/\" target=\"_blank\" rel=\"noreferrer noopener\"><mark style=\"background-color:rgba(0, 0, 0, 0)\" class=\"has-inline-color has-vivid-cyan-blue-color\">Anaxis Asset Management<\/mark><\/a> pr\u00e9sentera notre vue des march\u00e9s obligataires corporate, ainsi que notre fonds de gestion active (Article 9 selon SFDR) \ud83c\udf33<\/p>\n\n\n\n<p>Pour vous inscrire \u00e0 cet \u00e9v\u00e9nement : <a href=\"https:\/\/rankiapro.com\/en\/events\/breakfast-with-fund-selectors-fund-buyers-in-paris-4\/\" target=\"_blank\" rel=\"noreferrer noopener\"><mark style=\"background-color:rgba(0, 0, 0, 0)\" class=\"has-inline-color has-vivid-cyan-blue-color\">https:\/\/rankiapro.com\/en\/events\/breakfast-with-fund-selectors-fund-buyers-in-paris-4\/<\/mark><\/a><br><br>\u231a Jeudi 2 octobre \u00e0 9h<br>\ud83d\udccd H\u00f4tel Plaza Ath\u00e9n\u00e9e <\/p>\n\n\n\n<div style=\"height:30px\" aria-hidden=\"true\" class=\"wp-block-spacer\"><\/div>\n\n\n\n<figure class=\"wp-block-image size-full is-resized\"><img fetchpriority=\"high\" decoding=\"async\" width=\"2560\" height=\"1879\" src=\"https:\/\/anaxis-am.com\/wp-content\/uploads\/2025\/09\/Rankia-Paris-Site-1-scaled.jpg\" alt=\"\" class=\"wp-image-18091\" style=\"width:840px;height:auto\" srcset=\"https:\/\/anaxis-am.com\/wp-content\/uploads\/2025\/09\/Rankia-Paris-Site-1-scaled.jpg 2560w, https:\/\/anaxis-am.com\/wp-content\/uploads\/2025\/09\/Rankia-Paris-Site-1-300x220.jpg 300w, https:\/\/anaxis-am.com\/wp-content\/uploads\/2025\/09\/Rankia-Paris-Site-1-1024x752.jpg 1024w, https:\/\/anaxis-am.com\/wp-content\/uploads\/2025\/09\/Rankia-Paris-Site-1-768x564.jpg 768w, https:\/\/anaxis-am.com\/wp-content\/uploads\/2025\/09\/Rankia-Paris-Site-1-1536x1128.jpg 1536w, https:\/\/anaxis-am.com\/wp-content\/uploads\/2025\/09\/Rankia-Paris-Site-1-2048x1504.jpg 2048w\" sizes=\"(max-width: 2560px) 100vw, 2560px\" \/><\/figure>\n\n\n\n<figure class=\"wp-block-image size-full is-resized\"><img decoding=\"async\" width=\"2560\" height=\"1879\" src=\"https:\/\/anaxis-am.com\/wp-content\/uploads\/2025\/09\/Rankia-Paris-Site-2-scaled.jpg\" alt=\"\" class=\"wp-image-18095\" style=\"width:840px;height:auto\" srcset=\"https:\/\/anaxis-am.com\/wp-content\/uploads\/2025\/09\/Rankia-Paris-Site-2-scaled.jpg 2560w, https:\/\/anaxis-am.com\/wp-content\/uploads\/2025\/09\/Rankia-Paris-Site-2-300x220.jpg 300w, https:\/\/anaxis-am.com\/wp-content\/uploads\/2025\/09\/Rankia-Paris-Site-2-1024x752.jpg 1024w, https:\/\/anaxis-am.com\/wp-content\/uploads\/2025\/09\/Rankia-Paris-Site-2-768x564.jpg 768w, https:\/\/anaxis-am.com\/wp-content\/uploads\/2025\/09\/Rankia-Paris-Site-2-1536x1128.jpg 1536w, https:\/\/anaxis-am.com\/wp-content\/uploads\/2025\/09\/Rankia-Paris-Site-2-2048x1504.jpg 2048w\" sizes=\"(max-width: 2560px) 100vw, 2560px\" \/><\/figure>\n","protected":false},"excerpt":{"rendered":"<p>Nous sommes tr\u00e8s heureux de participer \u00e0 la rencontre avec les s\u00e9lectionneurs de fonds organis\u00e9e par RankiaPro Europe \u00e0 l&rsquo;occasion d&rsquo;un petit-d\u00e9jeuner \u00e0 Paris le 2 octobre. Thibault Destr\u00e9s, Head of Fixed Income chez Anaxis Asset Management pr\u00e9sentera notre vue des march\u00e9s obligataires corporate, ainsi que notre fonds de gestion active (Article 9 selon SFDR).<\/p>\n","protected":false},"author":2,"featured_media":0,"comment_status":"closed","ping_status":"closed","sticky":false,"template":"elementor_theme","format":"standard","meta":{"footnotes":""},"categories":[7],"tags":[],"class_list":["post-18082","post","type-post","status-publish","format-standard","hentry","category-evenements"],"acf":[],"yoast_head":"<!-- This site is optimized with the Yoast SEO plugin v25.1 - https:\/\/yoast.com\/wordpress\/plugins\/seo\/ -->\n<title>Anaxis participe \u00e0 la rencontre des s\u00e9lectionneurs de fonds organis\u00e9 par Rankia Europe - Anaxis AM<\/title>\n<meta name=\"description\" content=\"Nous sommes tr\u00e8s heureux de participer \u00e0 la rencontre avec les s\u00e9lectionneurs de fonds organis\u00e9e par RankiaPro Europe \u00e0 l&#039;occasion d&#039;un petit-d\u00e9jeuner \u00e0 Paris le 2 octobre.\" \/>\n<meta name=\"robots\" content=\"index, follow, max-snippet:-1, max-image-preview:large, max-video-preview:-1\" \/>\n<link rel=\"canonical\" href=\"https:\/\/anaxis-am.com\/fr\/anaxis-participe-a-la-rencontre-des-selectionneurs-de-fonds-organise-par-rankia-europe\/\" \/>\n<meta property=\"og:locale\" content=\"fr_FR\" \/>\n<meta property=\"og:type\" content=\"article\" \/>\n<meta property=\"og:title\" content=\"Anaxis participe \u00e0 la rencontre des s\u00e9lectionneurs de fonds organis\u00e9 par Rankia Europe - Anaxis AM\" \/>\n<meta property=\"og:description\" content=\"Nous sommes tr\u00e8s heureux de participer \u00e0 la rencontre avec les s\u00e9lectionneurs de fonds organis\u00e9e par RankiaPro Europe \u00e0 l&#039;occasion d&#039;un petit-d\u00e9jeuner \u00e0 Paris le 2 octobre.\" \/>\n<meta property=\"og:url\" content=\"https:\/\/anaxis-am.com\/fr\/anaxis-participe-a-la-rencontre-des-selectionneurs-de-fonds-organise-par-rankia-europe\/\" \/>\n<meta property=\"og:site_name\" content=\"Anaxis AM\" \/>\n<meta property=\"article:published_time\" content=\"2025-09-05T10:11:28+00:00\" \/>\n<meta property=\"article:modified_time\" content=\"2025-09-05T10:14:19+00:00\" \/>\n<meta property=\"og:image\" content=\"https:\/\/anaxis-am.com\/wp-content\/uploads\/2025\/09\/Rankia-Paris-Site-1-scaled.jpg\" \/>\n\t<meta property=\"og:image:width\" content=\"2560\" \/>\n\t<meta property=\"og:image:height\" content=\"1879\" \/>\n\t<meta property=\"og:image:type\" content=\"image\/jpeg\" \/>\n<meta name=\"author\" content=\"Anaxis AM\" \/>\n<meta name=\"twitter:card\" content=\"summary_large_image\" \/>\n<meta name=\"twitter:creator\" content=\"@AnaxisAM\" \/>\n<meta name=\"twitter:site\" content=\"@AnaxisAM\" \/>\n<meta name=\"twitter:label1\" content=\"\u00c9crit par\" \/>\n\t<meta name=\"twitter:data1\" content=\"Anaxis AM\" \/>\n\t<meta name=\"twitter:label2\" content=\"Dur\u00e9e de lecture estim\u00e9e\" \/>\n\t<meta name=\"twitter:data2\" content=\"1 minute\" \/>\n<script type=\"application\/ld+json\" class=\"yoast-schema-graph\">{\"@context\":\"https:\/\/schema.org\",\"@graph\":[{\"@type\":\"Article\",\"@id\":\"https:\/\/anaxis-am.com\/fr\/anaxis-participe-a-la-rencontre-des-selectionneurs-de-fonds-organise-par-rankia-europe\/#article\",\"isPartOf\":{\"@id\":\"https:\/\/anaxis-am.com\/fr\/anaxis-participe-a-la-rencontre-des-selectionneurs-de-fonds-organise-par-rankia-europe\/\"},\"author\":{\"name\":\"Anaxis AM\",\"@id\":\"https:\/\/anaxis-am.com\/fr\/#\/schema\/person\/8a0db0d83a76d63be8b28d8f9c61ad8b\"},\"headline\":\"Anaxis participe \u00e0 la rencontre des s\u00e9lectionneurs de fonds organis\u00e9 par Rankia Europe\",\"datePublished\":\"2025-09-05T10:11:28+00:00\",\"dateModified\":\"2025-09-05T10:14:19+00:00\",\"mainEntityOfPage\":{\"@id\":\"https:\/\/anaxis-am.com\/fr\/anaxis-participe-a-la-rencontre-des-selectionneurs-de-fonds-organise-par-rankia-europe\/\"},\"wordCount\":91,\"publisher\":{\"@id\":\"https:\/\/anaxis-am.com\/fr\/#organization\"},\"image\":{\"@id\":\"https:\/\/anaxis-am.com\/fr\/anaxis-participe-a-la-rencontre-des-selectionneurs-de-fonds-organise-par-rankia-europe\/#primaryimage\"},\"thumbnailUrl\":\"https:\/\/anaxis-am.com\/wp-content\/uploads\/2025\/09\/Rankia-Paris-Site-1-scaled.jpg\",\"articleSection\":[\"\u00c9v\u00e9nements\"],\"inLanguage\":\"fr-FR\"},{\"@type\":\"WebPage\",\"@id\":\"https:\/\/anaxis-am.com\/fr\/anaxis-participe-a-la-rencontre-des-selectionneurs-de-fonds-organise-par-rankia-europe\/\",\"url\":\"https:\/\/anaxis-am.com\/fr\/anaxis-participe-a-la-rencontre-des-selectionneurs-de-fonds-organise-par-rankia-europe\/\",\"name\":\"Anaxis participe \u00e0 la rencontre des s\u00e9lectionneurs de fonds organis\u00e9 par Rankia Europe - Anaxis AM\",\"isPartOf\":{\"@id\":\"https:\/\/anaxis-am.com\/fr\/#website\"},\"primaryImageOfPage\":{\"@id\":\"https:\/\/anaxis-am.com\/fr\/anaxis-participe-a-la-rencontre-des-selectionneurs-de-fonds-organise-par-rankia-europe\/#primaryimage\"},\"image\":{\"@id\":\"https:\/\/anaxis-am.com\/fr\/anaxis-participe-a-la-rencontre-des-selectionneurs-de-fonds-organise-par-rankia-europe\/#primaryimage\"},\"thumbnailUrl\":\"https:\/\/anaxis-am.com\/wp-content\/uploads\/2025\/09\/Rankia-Paris-Site-1-scaled.jpg\",\"datePublished\":\"2025-09-05T10:11:28+00:00\",\"dateModified\":\"2025-09-05T10:14:19+00:00\",\"description\":\"Nous sommes tr\u00e8s heureux de participer \u00e0 la rencontre avec les s\u00e9lectionneurs de fonds organis\u00e9e par RankiaPro Europe \u00e0 l'occasion d'un petit-d\u00e9jeuner \u00e0 Paris le 2 octobre.\",\"breadcrumb\":{\"@id\":\"https:\/\/anaxis-am.com\/fr\/anaxis-participe-a-la-rencontre-des-selectionneurs-de-fonds-organise-par-rankia-europe\/#breadcrumb\"},\"inLanguage\":\"fr-FR\",\"potentialAction\":[{\"@type\":\"ReadAction\",\"target\":[\"https:\/\/anaxis-am.com\/fr\/anaxis-participe-a-la-rencontre-des-selectionneurs-de-fonds-organise-par-rankia-europe\/\"]}]},{\"@type\":\"ImageObject\",\"inLanguage\":\"fr-FR\",\"@id\":\"https:\/\/anaxis-am.com\/fr\/anaxis-participe-a-la-rencontre-des-selectionneurs-de-fonds-organise-par-rankia-europe\/#primaryimage\",\"url\":\"https:\/\/anaxis-am.com\/wp-content\/uploads\/2025\/09\/Rankia-Paris-Site-1-scaled.jpg\",\"contentUrl\":\"https:\/\/anaxis-am.com\/wp-content\/uploads\/2025\/09\/Rankia-Paris-Site-1-scaled.jpg\"},{\"@type\":\"BreadcrumbList\",\"@id\":\"https:\/\/anaxis-am.com\/fr\/anaxis-participe-a-la-rencontre-des-selectionneurs-de-fonds-organise-par-rankia-europe\/#breadcrumb\",\"itemListElement\":[{\"@type\":\"ListItem\",\"position\":1,\"name\":\"Accueil\",\"item\":\"https:\/\/anaxis-am.com\/fr\/\"},{\"@type\":\"ListItem\",\"position\":2,\"name\":\"Anaxis participe \u00e0 la rencontre des s\u00e9lectionneurs de fonds organis\u00e9 par Rankia Europe\"}]},{\"@type\":\"WebSite\",\"@id\":\"https:\/\/anaxis-am.com\/fr\/#website\",\"url\":\"https:\/\/anaxis-am.com\/fr\/\",\"name\":\"Anaxis AM\",\"description\":\"Gestion d&#039;obligations corporate\",\"publisher\":{\"@id\":\"https:\/\/anaxis-am.com\/fr\/#organization\"},\"potentialAction\":[{\"@type\":\"SearchAction\",\"target\":{\"@type\":\"EntryPoint\",\"urlTemplate\":\"https:\/\/anaxis-am.com\/fr\/?s={search_term_string}\"},\"query-input\":{\"@type\":\"PropertyValueSpecification\",\"valueRequired\":true,\"valueName\":\"search_term_string\"}}],\"inLanguage\":\"fr-FR\"},{\"@type\":\"Organization\",\"@id\":\"https:\/\/anaxis-am.com\/fr\/#organization\",\"name\":\"Anaxis AM\",\"url\":\"https:\/\/anaxis-am.com\/fr\/\",\"logo\":{\"@type\":\"ImageObject\",\"inLanguage\":\"fr-FR\",\"@id\":\"https:\/\/anaxis-am.com\/fr\/#\/schema\/logo\/image\/\",\"url\":\"https:\/\/anaxis-am.com\/wp-content\/uploads\/2023\/03\/logotype_02_noir.svg\",\"contentUrl\":\"https:\/\/anaxis-am.com\/wp-content\/uploads\/2023\/03\/logotype_02_noir.svg\",\"width\":198,\"height\":107,\"caption\":\"Anaxis AM\"},\"image\":{\"@id\":\"https:\/\/anaxis-am.com\/fr\/#\/schema\/logo\/image\/\"},\"sameAs\":[\"https:\/\/x.com\/AnaxisAM\",\"https:\/\/linkedin.com\/company\/anaxis-am\"]},{\"@type\":\"Person\",\"@id\":\"https:\/\/anaxis-am.com\/fr\/#\/schema\/person\/8a0db0d83a76d63be8b28d8f9c61ad8b\",\"name\":\"Anaxis AM\",\"image\":{\"@type\":\"ImageObject\",\"inLanguage\":\"fr-FR\",\"@id\":\"https:\/\/anaxis-am.com\/fr\/#\/schema\/person\/image\/\",\"url\":\"https:\/\/secure.gravatar.com\/avatar\/9b2b1e71fb4cd0618bc19bc8834e65c991cd8dddc53838d094f6cfb94e23a13c?s=96&d=mm&r=g\",\"contentUrl\":\"https:\/\/secure.gravatar.com\/avatar\/9b2b1e71fb4cd0618bc19bc8834e65c991cd8dddc53838d094f6cfb94e23a13c?s=96&d=mm&r=g\",\"caption\":\"Anaxis AM\"},\"url\":\"https:\/\/anaxis-am.com\/fr\/author\/thibault-danquigny\/\"}]}<\/script>\n<!-- \/ Yoast SEO plugin. -->","yoast_head_json":{"title":"Anaxis participe \u00e0 la rencontre des s\u00e9lectionneurs de fonds organis\u00e9 par Rankia Europe - Anaxis AM","description":"Nous sommes tr\u00e8s heureux de participer \u00e0 la rencontre avec les s\u00e9lectionneurs de fonds organis\u00e9e par RankiaPro Europe \u00e0 l'occasion d'un petit-d\u00e9jeuner \u00e0 Paris le 2 octobre.","robots":{"index":"index","follow":"follow","max-snippet":"max-snippet:-1","max-image-preview":"max-image-preview:large","max-video-preview":"max-video-preview:-1"},"canonical":"https:\/\/anaxis-am.com\/fr\/anaxis-participe-a-la-rencontre-des-selectionneurs-de-fonds-organise-par-rankia-europe\/","og_locale":"fr_FR","og_type":"article","og_title":"Anaxis participe \u00e0 la rencontre des s\u00e9lectionneurs de fonds organis\u00e9 par Rankia Europe - Anaxis AM","og_description":"Nous sommes tr\u00e8s heureux de participer \u00e0 la rencontre avec les s\u00e9lectionneurs de fonds organis\u00e9e par RankiaPro Europe \u00e0 l'occasion d'un petit-d\u00e9jeuner \u00e0 Paris le 2 octobre.","og_url":"https:\/\/anaxis-am.com\/fr\/anaxis-participe-a-la-rencontre-des-selectionneurs-de-fonds-organise-par-rankia-europe\/","og_site_name":"Anaxis AM","article_published_time":"2025-09-05T10:11:28+00:00","article_modified_time":"2025-09-05T10:14:19+00:00","og_image":[{"width":2560,"height":1879,"url":"https:\/\/anaxis-am.com\/wp-content\/uploads\/2025\/09\/Rankia-Paris-Site-1-scaled.jpg","type":"image\/jpeg"}],"author":"Anaxis AM","twitter_card":"summary_large_image","twitter_creator":"@AnaxisAM","twitter_site":"@AnaxisAM","twitter_misc":{"\u00c9crit par":"Anaxis AM","Dur\u00e9e de lecture estim\u00e9e":"1 minute"},"schema":{"@context":"https:\/\/schema.org","@graph":[{"@type":"Article","@id":"https:\/\/anaxis-am.com\/fr\/anaxis-participe-a-la-rencontre-des-selectionneurs-de-fonds-organise-par-rankia-europe\/#article","isPartOf":{"@id":"https:\/\/anaxis-am.com\/fr\/anaxis-participe-a-la-rencontre-des-selectionneurs-de-fonds-organise-par-rankia-europe\/"},"author":{"name":"Anaxis AM","@id":"https:\/\/anaxis-am.com\/fr\/#\/schema\/person\/8a0db0d83a76d63be8b28d8f9c61ad8b"},"headline":"Anaxis participe \u00e0 la rencontre des s\u00e9lectionneurs de fonds organis\u00e9 par Rankia Europe","datePublished":"2025-09-05T10:11:28+00:00","dateModified":"2025-09-05T10:14:19+00:00","mainEntityOfPage":{"@id":"https:\/\/anaxis-am.com\/fr\/anaxis-participe-a-la-rencontre-des-selectionneurs-de-fonds-organise-par-rankia-europe\/"},"wordCount":91,"publisher":{"@id":"https:\/\/anaxis-am.com\/fr\/#organization"},"image":{"@id":"https:\/\/anaxis-am.com\/fr\/anaxis-participe-a-la-rencontre-des-selectionneurs-de-fonds-organise-par-rankia-europe\/#primaryimage"},"thumbnailUrl":"https:\/\/anaxis-am.com\/wp-content\/uploads\/2025\/09\/Rankia-Paris-Site-1-scaled.jpg","articleSection":["\u00c9v\u00e9nements"],"inLanguage":"fr-FR"},{"@type":"WebPage","@id":"https:\/\/anaxis-am.com\/fr\/anaxis-participe-a-la-rencontre-des-selectionneurs-de-fonds-organise-par-rankia-europe\/","url":"https:\/\/anaxis-am.com\/fr\/anaxis-participe-a-la-rencontre-des-selectionneurs-de-fonds-organise-par-rankia-europe\/","name":"Anaxis participe \u00e0 la rencontre des s\u00e9lectionneurs de fonds organis\u00e9 par Rankia Europe - Anaxis AM","isPartOf":{"@id":"https:\/\/anaxis-am.com\/fr\/#website"},"primaryImageOfPage":{"@id":"https:\/\/anaxis-am.com\/fr\/anaxis-participe-a-la-rencontre-des-selectionneurs-de-fonds-organise-par-rankia-europe\/#primaryimage"},"image":{"@id":"https:\/\/anaxis-am.com\/fr\/anaxis-participe-a-la-rencontre-des-selectionneurs-de-fonds-organise-par-rankia-europe\/#primaryimage"},"thumbnailUrl":"https:\/\/anaxis-am.com\/wp-content\/uploads\/2025\/09\/Rankia-Paris-Site-1-scaled.jpg","datePublished":"2025-09-05T10:11:28+00:00","dateModified":"2025-09-05T10:14:19+00:00","description":"Nous sommes tr\u00e8s heureux de participer \u00e0 la rencontre avec les s\u00e9lectionneurs de fonds organis\u00e9e par RankiaPro Europe \u00e0 l'occasion d'un petit-d\u00e9jeuner \u00e0 Paris le 2 octobre.","breadcrumb":{"@id":"https:\/\/anaxis-am.com\/fr\/anaxis-participe-a-la-rencontre-des-selectionneurs-de-fonds-organise-par-rankia-europe\/#breadcrumb"},"inLanguage":"fr-FR","potentialAction":[{"@type":"ReadAction","target":["https:\/\/anaxis-am.com\/fr\/anaxis-participe-a-la-rencontre-des-selectionneurs-de-fonds-organise-par-rankia-europe\/"]}]},{"@type":"ImageObject","inLanguage":"fr-FR","@id":"https:\/\/anaxis-am.com\/fr\/anaxis-participe-a-la-rencontre-des-selectionneurs-de-fonds-organise-par-rankia-europe\/#primaryimage","url":"https:\/\/anaxis-am.com\/wp-content\/uploads\/2025\/09\/Rankia-Paris-Site-1-scaled.jpg","contentUrl":"https:\/\/anaxis-am.com\/wp-content\/uploads\/2025\/09\/Rankia-Paris-Site-1-scaled.jpg"},{"@type":"BreadcrumbList","@id":"https:\/\/anaxis-am.com\/fr\/anaxis-participe-a-la-rencontre-des-selectionneurs-de-fonds-organise-par-rankia-europe\/#breadcrumb","itemListElement":[{"@type":"ListItem","position":1,"name":"Accueil","item":"https:\/\/anaxis-am.com\/fr\/"},{"@type":"ListItem","position":2,"name":"Anaxis participe \u00e0 la rencontre des s\u00e9lectionneurs de fonds organis\u00e9 par Rankia Europe"}]},{"@type":"WebSite","@id":"https:\/\/anaxis-am.com\/fr\/#website","url":"https:\/\/anaxis-am.com\/fr\/","name":"Anaxis AM","description":"Gestion d&#039;obligations corporate","publisher":{"@id":"https:\/\/anaxis-am.com\/fr\/#organization"},"potentialAction":[{"@type":"SearchAction","target":{"@type":"EntryPoint","urlTemplate":"https:\/\/anaxis-am.com\/fr\/?s={search_term_string}"},"query-input":{"@type":"PropertyValueSpecification","valueRequired":true,"valueName":"search_term_string"}}],"inLanguage":"fr-FR"},{"@type":"Organization","@id":"https:\/\/anaxis-am.com\/fr\/#organization","name":"Anaxis AM","url":"https:\/\/anaxis-am.com\/fr\/","logo":{"@type":"ImageObject","inLanguage":"fr-FR","@id":"https:\/\/anaxis-am.com\/fr\/#\/schema\/logo\/image\/","url":"https:\/\/anaxis-am.com\/wp-content\/uploads\/2023\/03\/logotype_02_noir.svg","contentUrl":"https:\/\/anaxis-am.com\/wp-content\/uploads\/2023\/03\/logotype_02_noir.svg","width":198,"height":107,"caption":"Anaxis AM"},"image":{"@id":"https:\/\/anaxis-am.com\/fr\/#\/schema\/logo\/image\/"},"sameAs":["https:\/\/x.com\/AnaxisAM","https:\/\/linkedin.com\/company\/anaxis-am"]},{"@type":"Person","@id":"https:\/\/anaxis-am.com\/fr\/#\/schema\/person\/8a0db0d83a76d63be8b28d8f9c61ad8b","name":"Anaxis AM","image":{"@type":"ImageObject","inLanguage":"fr-FR","@id":"https:\/\/anaxis-am.com\/fr\/#\/schema\/person\/image\/","url":"https:\/\/secure.gravatar.com\/avatar\/9b2b1e71fb4cd0618bc19bc8834e65c991cd8dddc53838d094f6cfb94e23a13c?s=96&d=mm&r=g","contentUrl":"https:\/\/secure.gravatar.com\/avatar\/9b2b1e71fb4cd0618bc19bc8834e65c991cd8dddc53838d094f6cfb94e23a13c?s=96&d=mm&r=g","caption":"Anaxis AM"},"url":"https:\/\/anaxis-am.com\/fr\/author\/thibault-danquigny\/"}]}},"_links":{"self":[{"href":"https:\/\/anaxis-am.com\/fr\/wp-json\/wp\/v2\/posts\/18082","targetHints":{"allow":["GET"]}}],"collection":[{"href":"https:\/\/anaxis-am.com\/fr\/wp-json\/wp\/v2\/posts"}],"about":[{"href":"https:\/\/anaxis-am.com\/fr\/wp-json\/wp\/v2\/types\/post"}],"author":[{"embeddable":true,"href":"https:\/\/anaxis-am.com\/fr\/wp-json\/wp\/v2\/users\/2"}],"replies":[{"embeddable":true,"href":"https:\/\/anaxis-am.com\/fr\/wp-json\/wp\/v2\/comments?post=18082"}],"version-history":[{"count":4,"href":"https:\/\/anaxis-am.com\/fr\/wp-json\/wp\/v2\/posts\/18082\/revisions"}],"predecessor-version":[{"id":18103,"href":"https:\/\/anaxis-am.com\/fr\/wp-json\/wp\/v2\/posts\/18082\/revisions\/18103"}],"wp:attachment":[{"href":"https:\/\/anaxis-am.com\/fr\/wp-json\/wp\/v2\/media?parent=18082"}],"wp:term":[{"taxonomy":"category","embeddable":true,"href":"https:\/\/anaxis-am.com\/fr\/wp-json\/wp\/v2\/categories?post=18082"},{"taxonomy":"post_tag","embeddable":true,"href":"https:\/\/anaxis-am.com\/fr\/wp-json\/wp\/v2\/tags?post=18082"}],"curies":[{"name":"wp","href":"https:\/\/api.w.org\/{rel}","templated":true}]}}