{"id":17845,"date":"2025-05-28T14:25:39","date_gmt":"2025-05-28T13:25:39","guid":{"rendered":"https:\/\/anaxis-am.com\/?p=17845"},"modified":"2025-05-28T14:28:12","modified_gmt":"2025-05-28T13:28:12","slug":"anaxis-signe-la-lettre-appelant-a-une-reduction-de-90-des-emissions-carbone-en-europe","status":"publish","type":"post","link":"https:\/\/anaxis-am.com\/fr\/anaxis-signe-la-lettre-appelant-a-une-reduction-de-90-des-emissions-carbone-en-europe\/","title":{"rendered":"Anaxis signe la lettre appelant \u00e0 une r\u00e9duction de 90% des \u00e9missions carbone en Europe"},"content":{"rendered":"\n<p>\ud83c\udfaf Anaxis Asset Management fait partie des 150 entreprises et investisseurs de premier plan qui ont sign\u00e9 la lettre exhortant l&rsquo;Union europ\u00e9enne \u00e0 fixer un objectif de r\u00e9duction des \u00e9missions de gaz \u00e0 effet de serre d&rsquo;au moins 90 % d&rsquo;ici 2040.<\/p>\n\n\n\n<p>\u27a1\ufe0f Il est essentiel que la Commission europ\u00e9enne et les \u00c9tats membres s&rsquo;en tiennent \u00e0 un objectif solide. Les investisseurs et les g\u00e9rants d&rsquo;actifs investissent d\u00e9j\u00e0 massivement dans l&rsquo;UE dans le cadre de la transition vers la neutralit\u00e9 climatique. L&rsquo;objectif de 90 % contribuerait \u00e0 cr\u00e9er de la visibilit\u00e9 et une dynamique pour les industries de la transition \u00e9cologique qui pourraient renforcer la comp\u00e9titivit\u00e9 europ\u00e9enne, g\u00e9n\u00e9rer des b\u00e9n\u00e9fices \u00e9conomiques et cr\u00e9er des emplois.<\/p>\n\n\n\n<p>\u27a1\ufe0f Cet objectif permettra d&rsquo;orienter les flux d&rsquo;investissement dans l&rsquo;UE vers le d\u00e9veloppement de technologies propres. Le march\u00e9 mondial des technologies propres devrait cro\u00eetre de 650 milliards de dollars par an d&rsquo;ici \u00e0 2030, et la valeur des \u00ab industries vertes \u00bb devrait d\u00e9passer 10 000 milliards de dollars d&rsquo;ici \u00e0 2050.<\/p>\n\n\n\n<p>\ud83c\udf0d En d\u00e9finitive, cet objectif de r\u00e9duction des \u00e9missions de 90 % est une opportunit\u00e9 strat\u00e9gique pour l&rsquo;UE, liant l&rsquo;ambition climatique \u00e0 la s\u00e9curit\u00e9 \u00e9nerg\u00e9tique, \u00e0 la comp\u00e9titivit\u00e9 et \u00e0 la transformation \u00e9conomique \u00e0 long terme.<\/p>\n\n\n\n<p>\ud83c\udf31 Conform\u00e9ment \u00e0 cet objectif, Anaxis a d\u00e9j\u00e0 r\u00e9duit l&rsquo;intensit\u00e9 carbone de ses portefeuilles de plus de 60 % depuis 2018.<\/p>\n\n\n\n<p>Pour en savoir plus sur l&rsquo;action de Corporate Leaders Groups : <mark style=\"background-color:rgba(0, 0, 0, 0)\" class=\"has-inline-color has-vivid-cyan-blue-color\"><a href=\"https:\/\/www.corporateleadersgroup.com\/news\/business-and-investors-call-eu-set-greenhouse-gas-emissions-reduction-target-least-90-2040\" target=\"_blank\" rel=\"noreferrer noopener\">https:\/\/www.corporateleadersgroup.com\/news\/business-and-investors-call-eu-set-greenhouse-gas-emissions-reduction-target-least-90-2040<\/a><\/mark><\/p>\n\n\n\n<p>Pour en savoir plus sur la politique durable d&rsquo;Anaxis : <mark style=\"background-color:rgba(0, 0, 0, 0)\" class=\"has-inline-color has-vivid-cyan-blue-color\"><a href=\"https:\/\/anaxis-am.com\/fr\/approche-responsable\/\" target=\"_blank\" rel=\"noreferrer noopener\">https:\/\/anaxis-am.com\/fr\/approche-responsable\/<\/a><\/mark><\/p>\n\n\n\n<div style=\"height:30px\" aria-hidden=\"true\" class=\"wp-block-spacer\"><\/div>\n\n\n\n<div data-wp-interactive=\"core\/file\" class=\"wp-block-file\"><object data-wp-bind--hidden=\"!state.hasPdfPreview\" hidden class=\"wp-block-file__embed\" data=\"https:\/\/anaxis-am.com\/wp-content\/uploads\/2025\/05\/2025-05-27_business_and_investor_letter_2040_climate_target_3.pdf\" type=\"application\/pdf\" style=\"width:100%;height:600px\" aria-label=\"Contenu embarqu\u00e9 Letter Calling on the EU to Set a Greenhouse Gas Emissions Reduction Target of at least 90% by 2040.\"><\/object><a id=\"wp-block-file--media-fd91b6ab-7182-4539-bb25-6e1d667859dd\" href=\"https:\/\/anaxis-am.com\/wp-content\/uploads\/2025\/05\/2025-05-27_business_and_investor_letter_2040_climate_target_3.pdf\">Letter Calling on the EU to Set a Greenhouse Gas Emissions Reduction Target of at least 90% by 2040<\/a><a href=\"https:\/\/anaxis-am.com\/wp-content\/uploads\/2025\/05\/2025-05-27_business_and_investor_letter_2040_climate_target_3.pdf\" class=\"wp-block-file__button wp-element-button\" download aria-describedby=\"wp-block-file--media-fd91b6ab-7182-4539-bb25-6e1d667859dd\">T\u00e9l\u00e9charger<\/a><\/div>\n","protected":false},"excerpt":{"rendered":"<p>Anaxis Asset Management fait partie des 150 entreprises et investisseurs de premier plan qui ont sign\u00e9 la lettre exhortant l&rsquo;Union europ\u00e9enne \u00e0 fixer un objectif de r\u00e9duction des \u00e9missions de gaz \u00e0 effet de serre d&rsquo;au moins 90 % d&rsquo;ici 2040.<\/p>\n","protected":false},"author":2,"featured_media":0,"comment_status":"closed","ping_status":"closed","sticky":false,"template":"elementor_theme","format":"standard","meta":{"footnotes":""},"categories":[9],"tags":[],"class_list":["post-17845","post","type-post","status-publish","format-standard","hentry","category-politique-esg"],"acf":[],"yoast_head":"<!-- This site is optimized with the Yoast SEO plugin v25.1 - https:\/\/yoast.com\/wordpress\/plugins\/seo\/ -->\n<title>Anaxis signe la lettre appelant \u00e0 une r\u00e9duction de 90% des \u00e9missions carbone en Europe - Anaxis AM<\/title>\n<meta name=\"description\" content=\"Anaxis signe la lettre appelant \u00e0 une r\u00e9duction de 90% des \u00e9missions carbone en Europe\" \/>\n<meta name=\"robots\" content=\"index, follow, max-snippet:-1, max-image-preview:large, max-video-preview:-1\" \/>\n<link rel=\"canonical\" href=\"https:\/\/anaxis-am.com\/fr\/anaxis-signe-la-lettre-appelant-a-une-reduction-de-90-des-emissions-carbone-en-europe\/\" \/>\n<meta property=\"og:locale\" content=\"fr_FR\" \/>\n<meta property=\"og:type\" content=\"article\" \/>\n<meta property=\"og:title\" content=\"Anaxis signe la lettre appelant \u00e0 une r\u00e9duction de 90% des \u00e9missions carbone en Europe - Anaxis AM\" \/>\n<meta property=\"og:description\" content=\"Anaxis signe la lettre appelant \u00e0 une r\u00e9duction de 90% des \u00e9missions carbone en Europe\" \/>\n<meta property=\"og:url\" content=\"https:\/\/anaxis-am.com\/fr\/anaxis-signe-la-lettre-appelant-a-une-reduction-de-90-des-emissions-carbone-en-europe\/\" \/>\n<meta property=\"og:site_name\" content=\"Anaxis AM\" \/>\n<meta property=\"article:published_time\" content=\"2025-05-28T13:25:39+00:00\" \/>\n<meta property=\"article:modified_time\" content=\"2025-05-28T13:28:12+00:00\" \/>\n<meta name=\"author\" content=\"Anaxis AM\" \/>\n<meta name=\"twitter:card\" content=\"summary_large_image\" \/>\n<meta name=\"twitter:creator\" content=\"@AnaxisAM\" \/>\n<meta name=\"twitter:site\" content=\"@AnaxisAM\" \/>\n<meta name=\"twitter:label1\" content=\"\u00c9crit par\" \/>\n\t<meta name=\"twitter:data1\" content=\"Anaxis AM\" \/>\n\t<meta name=\"twitter:label2\" content=\"Dur\u00e9e de lecture estim\u00e9e\" \/>\n\t<meta name=\"twitter:data2\" content=\"2 minutes\" \/>\n<script type=\"application\/ld+json\" class=\"yoast-schema-graph\">{\"@context\":\"https:\/\/schema.org\",\"@graph\":[{\"@type\":\"Article\",\"@id\":\"https:\/\/anaxis-am.com\/fr\/anaxis-signe-la-lettre-appelant-a-une-reduction-de-90-des-emissions-carbone-en-europe\/#article\",\"isPartOf\":{\"@id\":\"https:\/\/anaxis-am.com\/fr\/anaxis-signe-la-lettre-appelant-a-une-reduction-de-90-des-emissions-carbone-en-europe\/\"},\"author\":{\"name\":\"Anaxis AM\",\"@id\":\"https:\/\/anaxis-am.com\/fr\/#\/schema\/person\/8a0db0d83a76d63be8b28d8f9c61ad8b\"},\"headline\":\"Anaxis signe la lettre appelant \u00e0 une r\u00e9duction de 90% des \u00e9missions carbone en Europe\",\"datePublished\":\"2025-05-28T13:25:39+00:00\",\"dateModified\":\"2025-05-28T13:28:12+00:00\",\"mainEntityOfPage\":{\"@id\":\"https:\/\/anaxis-am.com\/fr\/anaxis-signe-la-lettre-appelant-a-une-reduction-de-90-des-emissions-carbone-en-europe\/\"},\"wordCount\":280,\"publisher\":{\"@id\":\"https:\/\/anaxis-am.com\/fr\/#organization\"},\"articleSection\":[\"Politique ESG\"],\"inLanguage\":\"fr-FR\"},{\"@type\":\"WebPage\",\"@id\":\"https:\/\/anaxis-am.com\/fr\/anaxis-signe-la-lettre-appelant-a-une-reduction-de-90-des-emissions-carbone-en-europe\/\",\"url\":\"https:\/\/anaxis-am.com\/fr\/anaxis-signe-la-lettre-appelant-a-une-reduction-de-90-des-emissions-carbone-en-europe\/\",\"name\":\"Anaxis signe la lettre appelant \u00e0 une r\u00e9duction de 90% des \u00e9missions carbone en Europe - Anaxis AM\",\"isPartOf\":{\"@id\":\"https:\/\/anaxis-am.com\/fr\/#website\"},\"datePublished\":\"2025-05-28T13:25:39+00:00\",\"dateModified\":\"2025-05-28T13:28:12+00:00\",\"description\":\"Anaxis signe la lettre appelant \u00e0 une r\u00e9duction de 90% des \u00e9missions carbone en Europe\",\"breadcrumb\":{\"@id\":\"https:\/\/anaxis-am.com\/fr\/anaxis-signe-la-lettre-appelant-a-une-reduction-de-90-des-emissions-carbone-en-europe\/#breadcrumb\"},\"inLanguage\":\"fr-FR\",\"potentialAction\":[{\"@type\":\"ReadAction\",\"target\":[\"https:\/\/anaxis-am.com\/fr\/anaxis-signe-la-lettre-appelant-a-une-reduction-de-90-des-emissions-carbone-en-europe\/\"]}]},{\"@type\":\"BreadcrumbList\",\"@id\":\"https:\/\/anaxis-am.com\/fr\/anaxis-signe-la-lettre-appelant-a-une-reduction-de-90-des-emissions-carbone-en-europe\/#breadcrumb\",\"itemListElement\":[{\"@type\":\"ListItem\",\"position\":1,\"name\":\"Accueil\",\"item\":\"https:\/\/anaxis-am.com\/fr\/\"},{\"@type\":\"ListItem\",\"position\":2,\"name\":\"Anaxis signe la lettre appelant \u00e0 une r\u00e9duction de 90% des \u00e9missions carbone en Europe\"}]},{\"@type\":\"WebSite\",\"@id\":\"https:\/\/anaxis-am.com\/fr\/#website\",\"url\":\"https:\/\/anaxis-am.com\/fr\/\",\"name\":\"Anaxis AM\",\"description\":\"Gestion d&#039;obligations corporate\",\"publisher\":{\"@id\":\"https:\/\/anaxis-am.com\/fr\/#organization\"},\"potentialAction\":[{\"@type\":\"SearchAction\",\"target\":{\"@type\":\"EntryPoint\",\"urlTemplate\":\"https:\/\/anaxis-am.com\/fr\/?s={search_term_string}\"},\"query-input\":{\"@type\":\"PropertyValueSpecification\",\"valueRequired\":true,\"valueName\":\"search_term_string\"}}],\"inLanguage\":\"fr-FR\"},{\"@type\":\"Organization\",\"@id\":\"https:\/\/anaxis-am.com\/fr\/#organization\",\"name\":\"Anaxis AM\",\"url\":\"https:\/\/anaxis-am.com\/fr\/\",\"logo\":{\"@type\":\"ImageObject\",\"inLanguage\":\"fr-FR\",\"@id\":\"https:\/\/anaxis-am.com\/fr\/#\/schema\/logo\/image\/\",\"url\":\"https:\/\/anaxis-am.com\/wp-content\/uploads\/2023\/03\/logotype_02_noir.svg\",\"contentUrl\":\"https:\/\/anaxis-am.com\/wp-content\/uploads\/2023\/03\/logotype_02_noir.svg\",\"width\":198,\"height\":107,\"caption\":\"Anaxis AM\"},\"image\":{\"@id\":\"https:\/\/anaxis-am.com\/fr\/#\/schema\/logo\/image\/\"},\"sameAs\":[\"https:\/\/x.com\/AnaxisAM\",\"https:\/\/linkedin.com\/company\/anaxis-am\"]},{\"@type\":\"Person\",\"@id\":\"https:\/\/anaxis-am.com\/fr\/#\/schema\/person\/8a0db0d83a76d63be8b28d8f9c61ad8b\",\"name\":\"Anaxis AM\",\"image\":{\"@type\":\"ImageObject\",\"inLanguage\":\"fr-FR\",\"@id\":\"https:\/\/anaxis-am.com\/fr\/#\/schema\/person\/image\/\",\"url\":\"https:\/\/secure.gravatar.com\/avatar\/9b2b1e71fb4cd0618bc19bc8834e65c991cd8dddc53838d094f6cfb94e23a13c?s=96&d=mm&r=g\",\"contentUrl\":\"https:\/\/secure.gravatar.com\/avatar\/9b2b1e71fb4cd0618bc19bc8834e65c991cd8dddc53838d094f6cfb94e23a13c?s=96&d=mm&r=g\",\"caption\":\"Anaxis AM\"},\"url\":\"https:\/\/anaxis-am.com\/fr\/author\/thibault-danquigny\/\"}]}<\/script>\n<!-- \/ Yoast SEO plugin. -->","yoast_head_json":{"title":"Anaxis signe la lettre appelant \u00e0 une r\u00e9duction de 90% des \u00e9missions carbone en Europe - Anaxis AM","description":"Anaxis signe la lettre appelant \u00e0 une r\u00e9duction de 90% des \u00e9missions carbone en Europe","robots":{"index":"index","follow":"follow","max-snippet":"max-snippet:-1","max-image-preview":"max-image-preview:large","max-video-preview":"max-video-preview:-1"},"canonical":"https:\/\/anaxis-am.com\/fr\/anaxis-signe-la-lettre-appelant-a-une-reduction-de-90-des-emissions-carbone-en-europe\/","og_locale":"fr_FR","og_type":"article","og_title":"Anaxis signe la lettre appelant \u00e0 une r\u00e9duction de 90% des \u00e9missions carbone en Europe - Anaxis AM","og_description":"Anaxis signe la lettre appelant \u00e0 une r\u00e9duction de 90% des \u00e9missions carbone en Europe","og_url":"https:\/\/anaxis-am.com\/fr\/anaxis-signe-la-lettre-appelant-a-une-reduction-de-90-des-emissions-carbone-en-europe\/","og_site_name":"Anaxis AM","article_published_time":"2025-05-28T13:25:39+00:00","article_modified_time":"2025-05-28T13:28:12+00:00","author":"Anaxis AM","twitter_card":"summary_large_image","twitter_creator":"@AnaxisAM","twitter_site":"@AnaxisAM","twitter_misc":{"\u00c9crit par":"Anaxis AM","Dur\u00e9e de lecture estim\u00e9e":"2 minutes"},"schema":{"@context":"https:\/\/schema.org","@graph":[{"@type":"Article","@id":"https:\/\/anaxis-am.com\/fr\/anaxis-signe-la-lettre-appelant-a-une-reduction-de-90-des-emissions-carbone-en-europe\/#article","isPartOf":{"@id":"https:\/\/anaxis-am.com\/fr\/anaxis-signe-la-lettre-appelant-a-une-reduction-de-90-des-emissions-carbone-en-europe\/"},"author":{"name":"Anaxis AM","@id":"https:\/\/anaxis-am.com\/fr\/#\/schema\/person\/8a0db0d83a76d63be8b28d8f9c61ad8b"},"headline":"Anaxis signe la lettre appelant \u00e0 une r\u00e9duction de 90% des \u00e9missions carbone en Europe","datePublished":"2025-05-28T13:25:39+00:00","dateModified":"2025-05-28T13:28:12+00:00","mainEntityOfPage":{"@id":"https:\/\/anaxis-am.com\/fr\/anaxis-signe-la-lettre-appelant-a-une-reduction-de-90-des-emissions-carbone-en-europe\/"},"wordCount":280,"publisher":{"@id":"https:\/\/anaxis-am.com\/fr\/#organization"},"articleSection":["Politique ESG"],"inLanguage":"fr-FR"},{"@type":"WebPage","@id":"https:\/\/anaxis-am.com\/fr\/anaxis-signe-la-lettre-appelant-a-une-reduction-de-90-des-emissions-carbone-en-europe\/","url":"https:\/\/anaxis-am.com\/fr\/anaxis-signe-la-lettre-appelant-a-une-reduction-de-90-des-emissions-carbone-en-europe\/","name":"Anaxis signe la lettre appelant \u00e0 une r\u00e9duction de 90% des \u00e9missions carbone en Europe - Anaxis AM","isPartOf":{"@id":"https:\/\/anaxis-am.com\/fr\/#website"},"datePublished":"2025-05-28T13:25:39+00:00","dateModified":"2025-05-28T13:28:12+00:00","description":"Anaxis signe la lettre appelant \u00e0 une r\u00e9duction de 90% des \u00e9missions carbone en Europe","breadcrumb":{"@id":"https:\/\/anaxis-am.com\/fr\/anaxis-signe-la-lettre-appelant-a-une-reduction-de-90-des-emissions-carbone-en-europe\/#breadcrumb"},"inLanguage":"fr-FR","potentialAction":[{"@type":"ReadAction","target":["https:\/\/anaxis-am.com\/fr\/anaxis-signe-la-lettre-appelant-a-une-reduction-de-90-des-emissions-carbone-en-europe\/"]}]},{"@type":"BreadcrumbList","@id":"https:\/\/anaxis-am.com\/fr\/anaxis-signe-la-lettre-appelant-a-une-reduction-de-90-des-emissions-carbone-en-europe\/#breadcrumb","itemListElement":[{"@type":"ListItem","position":1,"name":"Accueil","item":"https:\/\/anaxis-am.com\/fr\/"},{"@type":"ListItem","position":2,"name":"Anaxis signe la lettre appelant \u00e0 une r\u00e9duction de 90% des \u00e9missions carbone en Europe"}]},{"@type":"WebSite","@id":"https:\/\/anaxis-am.com\/fr\/#website","url":"https:\/\/anaxis-am.com\/fr\/","name":"Anaxis AM","description":"Gestion d&#039;obligations corporate","publisher":{"@id":"https:\/\/anaxis-am.com\/fr\/#organization"},"potentialAction":[{"@type":"SearchAction","target":{"@type":"EntryPoint","urlTemplate":"https:\/\/anaxis-am.com\/fr\/?s={search_term_string}"},"query-input":{"@type":"PropertyValueSpecification","valueRequired":true,"valueName":"search_term_string"}}],"inLanguage":"fr-FR"},{"@type":"Organization","@id":"https:\/\/anaxis-am.com\/fr\/#organization","name":"Anaxis AM","url":"https:\/\/anaxis-am.com\/fr\/","logo":{"@type":"ImageObject","inLanguage":"fr-FR","@id":"https:\/\/anaxis-am.com\/fr\/#\/schema\/logo\/image\/","url":"https:\/\/anaxis-am.com\/wp-content\/uploads\/2023\/03\/logotype_02_noir.svg","contentUrl":"https:\/\/anaxis-am.com\/wp-content\/uploads\/2023\/03\/logotype_02_noir.svg","width":198,"height":107,"caption":"Anaxis AM"},"image":{"@id":"https:\/\/anaxis-am.com\/fr\/#\/schema\/logo\/image\/"},"sameAs":["https:\/\/x.com\/AnaxisAM","https:\/\/linkedin.com\/company\/anaxis-am"]},{"@type":"Person","@id":"https:\/\/anaxis-am.com\/fr\/#\/schema\/person\/8a0db0d83a76d63be8b28d8f9c61ad8b","name":"Anaxis AM","image":{"@type":"ImageObject","inLanguage":"fr-FR","@id":"https:\/\/anaxis-am.com\/fr\/#\/schema\/person\/image\/","url":"https:\/\/secure.gravatar.com\/avatar\/9b2b1e71fb4cd0618bc19bc8834e65c991cd8dddc53838d094f6cfb94e23a13c?s=96&d=mm&r=g","contentUrl":"https:\/\/secure.gravatar.com\/avatar\/9b2b1e71fb4cd0618bc19bc8834e65c991cd8dddc53838d094f6cfb94e23a13c?s=96&d=mm&r=g","caption":"Anaxis AM"},"url":"https:\/\/anaxis-am.com\/fr\/author\/thibault-danquigny\/"}]}},"_links":{"self":[{"href":"https:\/\/anaxis-am.com\/fr\/wp-json\/wp\/v2\/posts\/17845","targetHints":{"allow":["GET"]}}],"collection":[{"href":"https:\/\/anaxis-am.com\/fr\/wp-json\/wp\/v2\/posts"}],"about":[{"href":"https:\/\/anaxis-am.com\/fr\/wp-json\/wp\/v2\/types\/post"}],"author":[{"embeddable":true,"href":"https:\/\/anaxis-am.com\/fr\/wp-json\/wp\/v2\/users\/2"}],"replies":[{"embeddable":true,"href":"https:\/\/anaxis-am.com\/fr\/wp-json\/wp\/v2\/comments?post=17845"}],"version-history":[{"count":2,"href":"https:\/\/anaxis-am.com\/fr\/wp-json\/wp\/v2\/posts\/17845\/revisions"}],"predecessor-version":[{"id":17851,"href":"https:\/\/anaxis-am.com\/fr\/wp-json\/wp\/v2\/posts\/17845\/revisions\/17851"}],"wp:attachment":[{"href":"https:\/\/anaxis-am.com\/fr\/wp-json\/wp\/v2\/media?parent=17845"}],"wp:term":[{"taxonomy":"category","embeddable":true,"href":"https:\/\/anaxis-am.com\/fr\/wp-json\/wp\/v2\/categories?post=17845"},{"taxonomy":"post_tag","embeddable":true,"href":"https:\/\/anaxis-am.com\/fr\/wp-json\/wp\/v2\/tags?post=17845"}],"curies":[{"name":"wp","href":"https:\/\/api.w.org\/{rel}","templated":true}]}}