{"id":17605,"date":"2025-05-14T10:22:40","date_gmt":"2025-05-14T09:22:40","guid":{"rendered":"https:\/\/anaxis-am.com\/?p=17605"},"modified":"2025-05-14T10:22:41","modified_gmt":"2025-05-14T09:22:41","slug":"retour-en-images-sur-la-participation-danaxis-au-forum-esg-a-rome","status":"publish","type":"post","link":"https:\/\/anaxis-am.com\/fr\/retour-en-images-sur-la-participation-danaxis-au-forum-esg-a-rome\/","title":{"rendered":"Retour en images sur la participation d&rsquo;Anaxis au Forum ESG \u00e0 Rome"},"content":{"rendered":"\n<p>\ud83d\udcf7\ufe0f Retour en images de la participation d\u2019<a href=\"https:\/\/www.linkedin.com\/company\/anaxis-am\/\" target=\"_blank\" rel=\"noreferrer noopener\"><mark style=\"background-color:rgba(0, 0, 0, 0)\" class=\"has-inline-color has-vivid-cyan-blue-color\">Anaxis Asset Management<\/mark><\/a> en tant que partenaire \u00e0 l\u2019\u00e9dition 2025 du Forum ESG organis\u00e9 par <a href=\"https:\/\/www.linkedin.com\/company\/itinerari-previdenziali\/\">Itinerari Previdenziali<\/a> \u00e0 Rome.<br><br>\ud83d\udcac <a href=\"https:\/\/www.linkedin.com\/in\/thibault-destr%C3%A9s-highyield-credit-fixedincome\/\" target=\"_blank\" rel=\"noreferrer noopener\"><mark style=\"background-color:rgba(0, 0, 0, 0)\" class=\"has-inline-color has-vivid-cyan-blue-color\">Thibault Destr\u00e9s<\/mark><\/a>, Head of Fixed Income chez Anaxis AM, est venu pr\u00e9senter notre approche de l\u2019investissement responsable aux institutionnels italiens, lors de la table ronde \u00ab\u00a0Le esperienze del mercato sugli investimenti sostenibili\u00a0\u00bb. Les points cl\u00e9s\u00a0:<br><br>\u27a1\ufe0f Anaxis a mis en place un processus propri\u00e9taire de s\u00e9lection des \u00e9metteurs corporate en termes de responsabilit\u00e9 et d\u2019engagement dans la transition climatique. Plus de 90% de nos encours sont classifi\u00e9s Article 9 selon SFDR.<br><br>\u27a1\ufe0f Les exclusions permettent une gestion obligataire qui se d\u00e9marque r\u00e9ellement en termes d\u2019allocation et de durabilit\u00e9. A ce titre, nous excluons tout investissement dans les \u00e9nergies fossiles, les industries polluantes et les emballages plastiques \u00e0 usage unique.<br><br>\u27a1\ufe0f Au-del\u00e0 de l\u2019engagement \u00e9thique, l\u2019ESG est un outil indispensable pour la gestion des risques des portefeuilles. Cette approche responsable permet de se tenir \u00e0 l\u2019\u00e9cart des secteurs et des acteurs irresponsables ou controvers\u00e9s.<\/p>\n\n\n\n<p>Pour en savoir plus sur la politique durable d&rsquo;Anaxis : <mark style=\"background-color:rgba(0, 0, 0, 0)\" class=\"has-inline-color has-vivid-cyan-blue-color\"><a href=\"https:\/\/anaxis-am.com\/fr\/approche-responsable\/\" target=\"_blank\" rel=\"noreferrer noopener\">https:\/\/anaxis-am.com\/fr\/approche-responsable\/<\/a><\/mark><\/p>\n\n\n\n<div class=\"wp-block-group\"><div class=\"wp-block-group__inner-container is-layout-constrained wp-block-group-is-layout-constrained\">\n<figure class=\"wp-block-gallery has-nested-images columns-2 is-cropped has-background wp-block-gallery-1 is-layout-flex wp-block-gallery-is-layout-flex\" style=\"background-color:#fefefe\">\n<figure class=\"wp-block-image size-large\"><img fetchpriority=\"high\" decoding=\"async\" width=\"950\" height=\"1024\" data-id=\"17614\" src=\"https:\/\/anaxis-am.com\/wp-content\/uploads\/2025\/05\/IMG_1468-R-950x1024.jpg\" alt=\"\" class=\"wp-image-17614\" srcset=\"https:\/\/anaxis-am.com\/wp-content\/uploads\/2025\/05\/IMG_1468-R-950x1024.jpg 950w, https:\/\/anaxis-am.com\/wp-content\/uploads\/2025\/05\/IMG_1468-R-278x300.jpg 278w, https:\/\/anaxis-am.com\/wp-content\/uploads\/2025\/05\/IMG_1468-R-768x828.jpg 768w, https:\/\/anaxis-am.com\/wp-content\/uploads\/2025\/05\/IMG_1468-R-1424x1536.jpg 1424w, https:\/\/anaxis-am.com\/wp-content\/uploads\/2025\/05\/IMG_1468-R-1899x2048.jpg 1899w\" sizes=\"(max-width: 950px) 100vw, 950px\" \/><\/figure>\n\n\n\n<figure class=\"wp-block-image size-large\"><img decoding=\"async\" width=\"768\" height=\"1024\" data-id=\"17610\" src=\"https:\/\/anaxis-am.com\/wp-content\/uploads\/2025\/05\/IMG_1467-R-768x1024.jpg\" alt=\"\" class=\"wp-image-17610\" srcset=\"https:\/\/anaxis-am.com\/wp-content\/uploads\/2025\/05\/IMG_1467-R-768x1024.jpg 768w, https:\/\/anaxis-am.com\/wp-content\/uploads\/2025\/05\/IMG_1467-R-225x300.jpg 225w, https:\/\/anaxis-am.com\/wp-content\/uploads\/2025\/05\/IMG_1467-R-1152x1536.jpg 1152w, https:\/\/anaxis-am.com\/wp-content\/uploads\/2025\/05\/IMG_1467-R-1536x2048.jpg 1536w, https:\/\/anaxis-am.com\/wp-content\/uploads\/2025\/05\/IMG_1467-R-scaled.jpg 1920w\" sizes=\"(max-width: 768px) 100vw, 768px\" \/><\/figure>\n\n\n\n<figure class=\"wp-block-image size-large\"><img decoding=\"async\" width=\"768\" height=\"1024\" data-id=\"17618\" src=\"https:\/\/anaxis-am.com\/wp-content\/uploads\/2025\/05\/Photo-6-R-768x1024.jpg\" alt=\"\" class=\"wp-image-17618\" srcset=\"https:\/\/anaxis-am.com\/wp-content\/uploads\/2025\/05\/Photo-6-R-768x1024.jpg 768w, https:\/\/anaxis-am.com\/wp-content\/uploads\/2025\/05\/Photo-6-R-225x300.jpg 225w, https:\/\/anaxis-am.com\/wp-content\/uploads\/2025\/05\/Photo-6-R-1152x1536.jpg 1152w, https:\/\/anaxis-am.com\/wp-content\/uploads\/2025\/05\/Photo-6-R-1536x2048.jpg 1536w, https:\/\/anaxis-am.com\/wp-content\/uploads\/2025\/05\/Photo-6-R-scaled.jpg 1920w\" sizes=\"(max-width: 768px) 100vw, 768px\" \/><\/figure>\n\n\n\n<figure class=\"wp-block-image size-large\"><img loading=\"lazy\" decoding=\"async\" width=\"768\" height=\"1024\" data-id=\"17606\" src=\"https:\/\/anaxis-am.com\/wp-content\/uploads\/2025\/05\/IMG_1451-R-768x1024.jpg\" alt=\"\" class=\"wp-image-17606\" srcset=\"https:\/\/anaxis-am.com\/wp-content\/uploads\/2025\/05\/IMG_1451-R-768x1024.jpg 768w, https:\/\/anaxis-am.com\/wp-content\/uploads\/2025\/05\/IMG_1451-R-225x300.jpg 225w, https:\/\/anaxis-am.com\/wp-content\/uploads\/2025\/05\/IMG_1451-R-1152x1536.jpg 1152w, https:\/\/anaxis-am.com\/wp-content\/uploads\/2025\/05\/IMG_1451-R-1536x2048.jpg 1536w, https:\/\/anaxis-am.com\/wp-content\/uploads\/2025\/05\/IMG_1451-R-scaled.jpg 1920w\" sizes=\"(max-width: 768px) 100vw, 768px\" \/><\/figure>\n\n\n\n<figure class=\"wp-block-image size-full\"><img loading=\"lazy\" decoding=\"async\" width=\"1500\" height=\"1200\" data-id=\"17622\" src=\"https:\/\/anaxis-am.com\/wp-content\/uploads\/2025\/05\/1745418878766.jpg\" alt=\"\" class=\"wp-image-17622\" srcset=\"https:\/\/anaxis-am.com\/wp-content\/uploads\/2025\/05\/1745418878766.jpg 1500w, https:\/\/anaxis-am.com\/wp-content\/uploads\/2025\/05\/1745418878766-300x240.jpg 300w, https:\/\/anaxis-am.com\/wp-content\/uploads\/2025\/05\/1745418878766-1024x819.jpg 1024w, https:\/\/anaxis-am.com\/wp-content\/uploads\/2025\/05\/1745418878766-768x614.jpg 768w\" sizes=\"(max-width: 1500px) 100vw, 1500px\" \/><\/figure>\n<\/figure>\n<\/div><\/div>\n\n\n\n<div style=\"height:30px\" aria-hidden=\"true\" class=\"wp-block-spacer\"><\/div>\n\n\n\n<p><\/p>\n","protected":false},"excerpt":{"rendered":"<p>Retour en images de la participation d\u2019Anaxis AM en tant que partenaire au Forum ESG \u00e0 Rome, organis\u00e9 par Itinerari Previdenziali.<\/p>\n","protected":false},"author":2,"featured_media":0,"comment_status":"closed","ping_status":"closed","sticky":false,"template":"elementor_theme","format":"standard","meta":{"footnotes":""},"categories":[9],"tags":[],"class_list":["post-17605","post","type-post","status-publish","format-standard","hentry","category-politique-esg"],"acf":[],"yoast_head":"<!-- This site is optimized with the Yoast SEO plugin v25.1 - https:\/\/yoast.com\/wordpress\/plugins\/seo\/ -->\n<title>Retour en images sur la participation d&#039;Anaxis au Forum ESG \u00e0 Rome - Anaxis AM<\/title>\n<meta name=\"description\" content=\"Retour en images de la participation d\u2019Anaxis AM en tant que partenaire du Forum ESG \u00e0 Rome, organis\u00e9 par Itinerari Previdenziali.\" \/>\n<meta name=\"robots\" content=\"index, follow, max-snippet:-1, max-image-preview:large, max-video-preview:-1\" \/>\n<link rel=\"canonical\" href=\"https:\/\/anaxis-am.com\/fr\/retour-en-images-sur-la-participation-danaxis-au-forum-esg-a-rome\/\" \/>\n<meta property=\"og:locale\" content=\"fr_FR\" \/>\n<meta property=\"og:type\" content=\"article\" \/>\n<meta property=\"og:title\" content=\"Retour en images sur la participation d&#039;Anaxis au Forum ESG \u00e0 Rome - Anaxis AM\" \/>\n<meta property=\"og:description\" content=\"Retour en images de la participation d\u2019Anaxis AM en tant que partenaire du Forum ESG \u00e0 Rome, organis\u00e9 par Itinerari Previdenziali.\" \/>\n<meta property=\"og:url\" content=\"https:\/\/anaxis-am.com\/fr\/retour-en-images-sur-la-participation-danaxis-au-forum-esg-a-rome\/\" \/>\n<meta property=\"og:site_name\" content=\"Anaxis AM\" \/>\n<meta property=\"article:published_time\" content=\"2025-05-14T09:22:40+00:00\" \/>\n<meta property=\"article:modified_time\" content=\"2025-05-14T09:22:41+00:00\" \/>\n<meta property=\"og:image\" content=\"https:\/\/anaxis-am.com\/wp-content\/uploads\/2025\/05\/IMG_1468-R-950x1024.jpg\" \/>\n<meta name=\"author\" content=\"Anaxis AM\" \/>\n<meta name=\"twitter:card\" content=\"summary_large_image\" \/>\n<meta name=\"twitter:creator\" content=\"@AnaxisAM\" \/>\n<meta name=\"twitter:site\" content=\"@AnaxisAM\" \/>\n<meta name=\"twitter:label1\" content=\"\u00c9crit par\" \/>\n\t<meta name=\"twitter:data1\" content=\"Anaxis AM\" \/>\n\t<meta name=\"twitter:label2\" content=\"Dur\u00e9e de lecture estim\u00e9e\" \/>\n\t<meta name=\"twitter:data2\" content=\"2 minutes\" \/>\n<script type=\"application\/ld+json\" class=\"yoast-schema-graph\">{\"@context\":\"https:\/\/schema.org\",\"@graph\":[{\"@type\":\"Article\",\"@id\":\"https:\/\/anaxis-am.com\/fr\/retour-en-images-sur-la-participation-danaxis-au-forum-esg-a-rome\/#article\",\"isPartOf\":{\"@id\":\"https:\/\/anaxis-am.com\/fr\/retour-en-images-sur-la-participation-danaxis-au-forum-esg-a-rome\/\"},\"author\":{\"name\":\"Anaxis AM\",\"@id\":\"https:\/\/anaxis-am.com\/fr\/#\/schema\/person\/8a0db0d83a76d63be8b28d8f9c61ad8b\"},\"headline\":\"Retour en images sur la participation d&rsquo;Anaxis au Forum ESG \u00e0 Rome\",\"datePublished\":\"2025-05-14T09:22:40+00:00\",\"dateModified\":\"2025-05-14T09:22:41+00:00\",\"mainEntityOfPage\":{\"@id\":\"https:\/\/anaxis-am.com\/fr\/retour-en-images-sur-la-participation-danaxis-au-forum-esg-a-rome\/\"},\"wordCount\":200,\"publisher\":{\"@id\":\"https:\/\/anaxis-am.com\/fr\/#organization\"},\"image\":{\"@id\":\"https:\/\/anaxis-am.com\/fr\/retour-en-images-sur-la-participation-danaxis-au-forum-esg-a-rome\/#primaryimage\"},\"thumbnailUrl\":\"https:\/\/anaxis-am.com\/wp-content\/uploads\/2025\/05\/IMG_1468-R-950x1024.jpg\",\"articleSection\":[\"Politique ESG\"],\"inLanguage\":\"fr-FR\"},{\"@type\":\"WebPage\",\"@id\":\"https:\/\/anaxis-am.com\/fr\/retour-en-images-sur-la-participation-danaxis-au-forum-esg-a-rome\/\",\"url\":\"https:\/\/anaxis-am.com\/fr\/retour-en-images-sur-la-participation-danaxis-au-forum-esg-a-rome\/\",\"name\":\"Retour en images sur la participation d'Anaxis au Forum ESG \u00e0 Rome - Anaxis AM\",\"isPartOf\":{\"@id\":\"https:\/\/anaxis-am.com\/fr\/#website\"},\"primaryImageOfPage\":{\"@id\":\"https:\/\/anaxis-am.com\/fr\/retour-en-images-sur-la-participation-danaxis-au-forum-esg-a-rome\/#primaryimage\"},\"image\":{\"@id\":\"https:\/\/anaxis-am.com\/fr\/retour-en-images-sur-la-participation-danaxis-au-forum-esg-a-rome\/#primaryimage\"},\"thumbnailUrl\":\"https:\/\/anaxis-am.com\/wp-content\/uploads\/2025\/05\/IMG_1468-R-950x1024.jpg\",\"datePublished\":\"2025-05-14T09:22:40+00:00\",\"dateModified\":\"2025-05-14T09:22:41+00:00\",\"description\":\"Retour en images de la participation d\u2019Anaxis AM en tant que partenaire du Forum ESG \u00e0 Rome, organis\u00e9 par Itinerari Previdenziali.\",\"breadcrumb\":{\"@id\":\"https:\/\/anaxis-am.com\/fr\/retour-en-images-sur-la-participation-danaxis-au-forum-esg-a-rome\/#breadcrumb\"},\"inLanguage\":\"fr-FR\",\"potentialAction\":[{\"@type\":\"ReadAction\",\"target\":[\"https:\/\/anaxis-am.com\/fr\/retour-en-images-sur-la-participation-danaxis-au-forum-esg-a-rome\/\"]}]},{\"@type\":\"ImageObject\",\"inLanguage\":\"fr-FR\",\"@id\":\"https:\/\/anaxis-am.com\/fr\/retour-en-images-sur-la-participation-danaxis-au-forum-esg-a-rome\/#primaryimage\",\"url\":\"https:\/\/anaxis-am.com\/wp-content\/uploads\/2025\/05\/IMG_1468-R-950x1024.jpg\",\"contentUrl\":\"https:\/\/anaxis-am.com\/wp-content\/uploads\/2025\/05\/IMG_1468-R-950x1024.jpg\"},{\"@type\":\"BreadcrumbList\",\"@id\":\"https:\/\/anaxis-am.com\/fr\/retour-en-images-sur-la-participation-danaxis-au-forum-esg-a-rome\/#breadcrumb\",\"itemListElement\":[{\"@type\":\"ListItem\",\"position\":1,\"name\":\"Accueil\",\"item\":\"https:\/\/anaxis-am.com\/fr\/\"},{\"@type\":\"ListItem\",\"position\":2,\"name\":\"Retour en images sur la participation d&rsquo;Anaxis au Forum ESG \u00e0 Rome\"}]},{\"@type\":\"WebSite\",\"@id\":\"https:\/\/anaxis-am.com\/fr\/#website\",\"url\":\"https:\/\/anaxis-am.com\/fr\/\",\"name\":\"Anaxis AM\",\"description\":\"Gestion d&#039;obligations corporate\",\"publisher\":{\"@id\":\"https:\/\/anaxis-am.com\/fr\/#organization\"},\"potentialAction\":[{\"@type\":\"SearchAction\",\"target\":{\"@type\":\"EntryPoint\",\"urlTemplate\":\"https:\/\/anaxis-am.com\/fr\/?s={search_term_string}\"},\"query-input\":{\"@type\":\"PropertyValueSpecification\",\"valueRequired\":true,\"valueName\":\"search_term_string\"}}],\"inLanguage\":\"fr-FR\"},{\"@type\":\"Organization\",\"@id\":\"https:\/\/anaxis-am.com\/fr\/#organization\",\"name\":\"Anaxis AM\",\"url\":\"https:\/\/anaxis-am.com\/fr\/\",\"logo\":{\"@type\":\"ImageObject\",\"inLanguage\":\"fr-FR\",\"@id\":\"https:\/\/anaxis-am.com\/fr\/#\/schema\/logo\/image\/\",\"url\":\"https:\/\/anaxis-am.com\/wp-content\/uploads\/2023\/03\/logotype_02_noir.svg\",\"contentUrl\":\"https:\/\/anaxis-am.com\/wp-content\/uploads\/2023\/03\/logotype_02_noir.svg\",\"width\":198,\"height\":107,\"caption\":\"Anaxis AM\"},\"image\":{\"@id\":\"https:\/\/anaxis-am.com\/fr\/#\/schema\/logo\/image\/\"},\"sameAs\":[\"https:\/\/x.com\/AnaxisAM\",\"https:\/\/linkedin.com\/company\/anaxis-am\"]},{\"@type\":\"Person\",\"@id\":\"https:\/\/anaxis-am.com\/fr\/#\/schema\/person\/8a0db0d83a76d63be8b28d8f9c61ad8b\",\"name\":\"Anaxis AM\",\"image\":{\"@type\":\"ImageObject\",\"inLanguage\":\"fr-FR\",\"@id\":\"https:\/\/anaxis-am.com\/fr\/#\/schema\/person\/image\/\",\"url\":\"https:\/\/secure.gravatar.com\/avatar\/9b2b1e71fb4cd0618bc19bc8834e65c991cd8dddc53838d094f6cfb94e23a13c?s=96&d=mm&r=g\",\"contentUrl\":\"https:\/\/secure.gravatar.com\/avatar\/9b2b1e71fb4cd0618bc19bc8834e65c991cd8dddc53838d094f6cfb94e23a13c?s=96&d=mm&r=g\",\"caption\":\"Anaxis AM\"},\"url\":\"https:\/\/anaxis-am.com\/fr\/author\/thibault-danquigny\/\"}]}<\/script>\n<!-- \/ Yoast SEO plugin. -->","yoast_head_json":{"title":"Retour en images sur la participation d'Anaxis au Forum ESG \u00e0 Rome - Anaxis AM","description":"Retour en images de la participation d\u2019Anaxis AM en tant que partenaire du Forum ESG \u00e0 Rome, organis\u00e9 par Itinerari Previdenziali.","robots":{"index":"index","follow":"follow","max-snippet":"max-snippet:-1","max-image-preview":"max-image-preview:large","max-video-preview":"max-video-preview:-1"},"canonical":"https:\/\/anaxis-am.com\/fr\/retour-en-images-sur-la-participation-danaxis-au-forum-esg-a-rome\/","og_locale":"fr_FR","og_type":"article","og_title":"Retour en images sur la participation d'Anaxis au Forum ESG \u00e0 Rome - Anaxis AM","og_description":"Retour en images de la participation d\u2019Anaxis AM en tant que partenaire du Forum ESG \u00e0 Rome, organis\u00e9 par Itinerari Previdenziali.","og_url":"https:\/\/anaxis-am.com\/fr\/retour-en-images-sur-la-participation-danaxis-au-forum-esg-a-rome\/","og_site_name":"Anaxis AM","article_published_time":"2025-05-14T09:22:40+00:00","article_modified_time":"2025-05-14T09:22:41+00:00","og_image":[{"url":"https:\/\/anaxis-am.com\/wp-content\/uploads\/2025\/05\/IMG_1468-R-950x1024.jpg","type":"","width":"","height":""}],"author":"Anaxis AM","twitter_card":"summary_large_image","twitter_creator":"@AnaxisAM","twitter_site":"@AnaxisAM","twitter_misc":{"\u00c9crit par":"Anaxis AM","Dur\u00e9e de lecture estim\u00e9e":"2 minutes"},"schema":{"@context":"https:\/\/schema.org","@graph":[{"@type":"Article","@id":"https:\/\/anaxis-am.com\/fr\/retour-en-images-sur-la-participation-danaxis-au-forum-esg-a-rome\/#article","isPartOf":{"@id":"https:\/\/anaxis-am.com\/fr\/retour-en-images-sur-la-participation-danaxis-au-forum-esg-a-rome\/"},"author":{"name":"Anaxis AM","@id":"https:\/\/anaxis-am.com\/fr\/#\/schema\/person\/8a0db0d83a76d63be8b28d8f9c61ad8b"},"headline":"Retour en images sur la participation d&rsquo;Anaxis au Forum ESG \u00e0 Rome","datePublished":"2025-05-14T09:22:40+00:00","dateModified":"2025-05-14T09:22:41+00:00","mainEntityOfPage":{"@id":"https:\/\/anaxis-am.com\/fr\/retour-en-images-sur-la-participation-danaxis-au-forum-esg-a-rome\/"},"wordCount":200,"publisher":{"@id":"https:\/\/anaxis-am.com\/fr\/#organization"},"image":{"@id":"https:\/\/anaxis-am.com\/fr\/retour-en-images-sur-la-participation-danaxis-au-forum-esg-a-rome\/#primaryimage"},"thumbnailUrl":"https:\/\/anaxis-am.com\/wp-content\/uploads\/2025\/05\/IMG_1468-R-950x1024.jpg","articleSection":["Politique ESG"],"inLanguage":"fr-FR"},{"@type":"WebPage","@id":"https:\/\/anaxis-am.com\/fr\/retour-en-images-sur-la-participation-danaxis-au-forum-esg-a-rome\/","url":"https:\/\/anaxis-am.com\/fr\/retour-en-images-sur-la-participation-danaxis-au-forum-esg-a-rome\/","name":"Retour en images sur la participation d'Anaxis au Forum ESG \u00e0 Rome - Anaxis AM","isPartOf":{"@id":"https:\/\/anaxis-am.com\/fr\/#website"},"primaryImageOfPage":{"@id":"https:\/\/anaxis-am.com\/fr\/retour-en-images-sur-la-participation-danaxis-au-forum-esg-a-rome\/#primaryimage"},"image":{"@id":"https:\/\/anaxis-am.com\/fr\/retour-en-images-sur-la-participation-danaxis-au-forum-esg-a-rome\/#primaryimage"},"thumbnailUrl":"https:\/\/anaxis-am.com\/wp-content\/uploads\/2025\/05\/IMG_1468-R-950x1024.jpg","datePublished":"2025-05-14T09:22:40+00:00","dateModified":"2025-05-14T09:22:41+00:00","description":"Retour en images de la participation d\u2019Anaxis AM en tant que partenaire du Forum ESG \u00e0 Rome, organis\u00e9 par Itinerari Previdenziali.","breadcrumb":{"@id":"https:\/\/anaxis-am.com\/fr\/retour-en-images-sur-la-participation-danaxis-au-forum-esg-a-rome\/#breadcrumb"},"inLanguage":"fr-FR","potentialAction":[{"@type":"ReadAction","target":["https:\/\/anaxis-am.com\/fr\/retour-en-images-sur-la-participation-danaxis-au-forum-esg-a-rome\/"]}]},{"@type":"ImageObject","inLanguage":"fr-FR","@id":"https:\/\/anaxis-am.com\/fr\/retour-en-images-sur-la-participation-danaxis-au-forum-esg-a-rome\/#primaryimage","url":"https:\/\/anaxis-am.com\/wp-content\/uploads\/2025\/05\/IMG_1468-R-950x1024.jpg","contentUrl":"https:\/\/anaxis-am.com\/wp-content\/uploads\/2025\/05\/IMG_1468-R-950x1024.jpg"},{"@type":"BreadcrumbList","@id":"https:\/\/anaxis-am.com\/fr\/retour-en-images-sur-la-participation-danaxis-au-forum-esg-a-rome\/#breadcrumb","itemListElement":[{"@type":"ListItem","position":1,"name":"Accueil","item":"https:\/\/anaxis-am.com\/fr\/"},{"@type":"ListItem","position":2,"name":"Retour en images sur la participation d&rsquo;Anaxis au Forum ESG \u00e0 Rome"}]},{"@type":"WebSite","@id":"https:\/\/anaxis-am.com\/fr\/#website","url":"https:\/\/anaxis-am.com\/fr\/","name":"Anaxis AM","description":"Gestion d&#039;obligations corporate","publisher":{"@id":"https:\/\/anaxis-am.com\/fr\/#organization"},"potentialAction":[{"@type":"SearchAction","target":{"@type":"EntryPoint","urlTemplate":"https:\/\/anaxis-am.com\/fr\/?s={search_term_string}"},"query-input":{"@type":"PropertyValueSpecification","valueRequired":true,"valueName":"search_term_string"}}],"inLanguage":"fr-FR"},{"@type":"Organization","@id":"https:\/\/anaxis-am.com\/fr\/#organization","name":"Anaxis AM","url":"https:\/\/anaxis-am.com\/fr\/","logo":{"@type":"ImageObject","inLanguage":"fr-FR","@id":"https:\/\/anaxis-am.com\/fr\/#\/schema\/logo\/image\/","url":"https:\/\/anaxis-am.com\/wp-content\/uploads\/2023\/03\/logotype_02_noir.svg","contentUrl":"https:\/\/anaxis-am.com\/wp-content\/uploads\/2023\/03\/logotype_02_noir.svg","width":198,"height":107,"caption":"Anaxis AM"},"image":{"@id":"https:\/\/anaxis-am.com\/fr\/#\/schema\/logo\/image\/"},"sameAs":["https:\/\/x.com\/AnaxisAM","https:\/\/linkedin.com\/company\/anaxis-am"]},{"@type":"Person","@id":"https:\/\/anaxis-am.com\/fr\/#\/schema\/person\/8a0db0d83a76d63be8b28d8f9c61ad8b","name":"Anaxis AM","image":{"@type":"ImageObject","inLanguage":"fr-FR","@id":"https:\/\/anaxis-am.com\/fr\/#\/schema\/person\/image\/","url":"https:\/\/secure.gravatar.com\/avatar\/9b2b1e71fb4cd0618bc19bc8834e65c991cd8dddc53838d094f6cfb94e23a13c?s=96&d=mm&r=g","contentUrl":"https:\/\/secure.gravatar.com\/avatar\/9b2b1e71fb4cd0618bc19bc8834e65c991cd8dddc53838d094f6cfb94e23a13c?s=96&d=mm&r=g","caption":"Anaxis AM"},"url":"https:\/\/anaxis-am.com\/fr\/author\/thibault-danquigny\/"}]}},"_links":{"self":[{"href":"https:\/\/anaxis-am.com\/fr\/wp-json\/wp\/v2\/posts\/17605","targetHints":{"allow":["GET"]}}],"collection":[{"href":"https:\/\/anaxis-am.com\/fr\/wp-json\/wp\/v2\/posts"}],"about":[{"href":"https:\/\/anaxis-am.com\/fr\/wp-json\/wp\/v2\/types\/post"}],"author":[{"embeddable":true,"href":"https:\/\/anaxis-am.com\/fr\/wp-json\/wp\/v2\/users\/2"}],"replies":[{"embeddable":true,"href":"https:\/\/anaxis-am.com\/fr\/wp-json\/wp\/v2\/comments?post=17605"}],"version-history":[{"count":1,"href":"https:\/\/anaxis-am.com\/fr\/wp-json\/wp\/v2\/posts\/17605\/revisions"}],"predecessor-version":[{"id":17626,"href":"https:\/\/anaxis-am.com\/fr\/wp-json\/wp\/v2\/posts\/17605\/revisions\/17626"}],"wp:attachment":[{"href":"https:\/\/anaxis-am.com\/fr\/wp-json\/wp\/v2\/media?parent=17605"}],"wp:term":[{"taxonomy":"category","embeddable":true,"href":"https:\/\/anaxis-am.com\/fr\/wp-json\/wp\/v2\/categories?post=17605"},{"taxonomy":"post_tag","embeddable":true,"href":"https:\/\/anaxis-am.com\/fr\/wp-json\/wp\/v2\/tags?post=17605"}],"curies":[{"name":"wp","href":"https:\/\/api.w.org\/{rel}","templated":true}]}}