{"id":17475,"date":"2025-04-02T16:10:13","date_gmt":"2025-04-02T15:10:13","guid":{"rendered":"https:\/\/anaxis-am.com\/?p=17475"},"modified":"2025-04-02T16:10:13","modified_gmt":"2025-04-02T15:10:13","slug":"nouvelle-video-anaxis-pour-un-monde-plus-juste-et-plus-responsable","status":"publish","type":"post","link":"https:\/\/anaxis-am.com\/fr\/nouvelle-video-anaxis-pour-un-monde-plus-juste-et-plus-responsable\/","title":{"rendered":"Nouvelle vid\u00e9o Anaxis \/ Pour un monde plus juste et plus responsable"},"content":{"rendered":"\n<p>\ud83c\udfac\ufe0f Retrouvez la derni\u00e8re vid\u00e9o d\u2019<a href=\"https:\/\/www.linkedin.com\/company\/anaxis-am\/\" target=\"_blank\" rel=\"noreferrer noopener\"><mark style=\"background-color:rgba(0, 0, 0, 0)\" class=\"has-inline-color has-vivid-cyan-blue-color\">Anaxis Asset Management<\/mark><\/a> autour de notre engagement pour un monde plus juste et plus responsable. Celle-ci a \u00e9t\u00e9 projet\u00e9e \u00e0 l\u2019occasion de l\u2019\u00e9v\u00e9nement <a href=\"https:\/\/www.linkedin.com\/feed\/hashtag\/?keywords=timetochange25&amp;highlightedUpdateUrns=urn%3Ali%3Aactivity%3A7312455749492723712\" target=\"_blank\" rel=\"noreferrer noopener\"><mark style=\"background-color:rgba(0, 0, 0, 0)\" class=\"has-inline-color has-vivid-cyan-blue-color\">#TimeToChange25<\/mark><\/a>.<br><br>\ud83c\udf0a \u00ab\u00a0Dans un monde o\u00f9 les pr\u00e9visions scientifiques se r\u00e9alisent et o\u00f9 les cons\u00e9quences sont d\u00e9sormais connues, il nous appartient d\u2019agir de mani\u00e8re responsable afin de pr\u00e9server notre avenir commun.\u00a0\u00bb<\/p>\n\n\n\n<p>Pour en savoir plus sur la politique durable d&rsquo;Anaxis : <mark style=\"background-color:rgba(0, 0, 0, 0)\" class=\"has-inline-color has-vivid-cyan-blue-color\"><a href=\"https:\/\/anaxis-am.com\/fr\/approche-responsable\/\" target=\"_blank\" rel=\"noreferrer noopener\">https:\/\/anaxis-am.com\/fr\/approche-responsable\/<\/a><\/mark><\/p>\n\n\n\n<div style=\"height:30px\" aria-hidden=\"true\" class=\"wp-block-spacer\"><\/div>\n\n\n\n<figure class=\"wp-block-video aligncenter\"><video height=\"1080\" style=\"aspect-ratio: 1920 \/ 1080;\" width=\"1920\" autoplay controls poster=\"https:\/\/anaxis-am.com\/wp-content\/uploads\/2025\/04\/Miniature-Site-Internet.jpg\" src=\"https:\/\/anaxis-am.com\/wp-content\/uploads\/2025\/04\/Anaxis-Responsible-Investment-ST-EN-LQ.mp4\"><\/video><\/figure>\n\n\n\n<p><\/p>\n","protected":false},"excerpt":{"rendered":"<p>Retrouvez la derni\u00e8re vid\u00e9o d\u2019Anaxis Asset Management autour de notre engagement pour un monde plus juste et plus responsable, projet\u00e9e \u00e0 l\u2019occasion de l\u2019\u00e9v\u00e9nement TimeToChange 2025.<\/p>\n","protected":false},"author":2,"featured_media":0,"comment_status":"closed","ping_status":"closed","sticky":false,"template":"elementor_theme","format":"standard","meta":{"footnotes":""},"categories":[16],"tags":[],"class_list":["post-17475","post","type-post","status-publish","format-standard","hentry","category-societe"],"acf":[],"yoast_head":"<!-- This site is optimized with the Yoast SEO plugin v25.1 - https:\/\/yoast.com\/wordpress\/plugins\/seo\/ -->\n<title>Nouvelle vid\u00e9o Anaxis \/ Pour un monde plus juste et plus responsable - Anaxis AM<\/title>\n<meta name=\"description\" content=\"Retrouvez la derni\u00e8re vid\u00e9o d\u2019Anaxis Asset Management autour de notre engagement pour un monde plus juste et plus responsable\" \/>\n<meta name=\"robots\" content=\"index, follow, max-snippet:-1, max-image-preview:large, max-video-preview:-1\" \/>\n<link rel=\"canonical\" href=\"https:\/\/anaxis-am.com\/fr\/nouvelle-video-anaxis-pour-un-monde-plus-juste-et-plus-responsable\/\" \/>\n<meta property=\"og:locale\" content=\"fr_FR\" \/>\n<meta property=\"og:type\" content=\"article\" \/>\n<meta property=\"og:title\" content=\"Nouvelle vid\u00e9o Anaxis \/ Pour un monde plus juste et plus responsable - Anaxis AM\" \/>\n<meta property=\"og:description\" content=\"Retrouvez la derni\u00e8re vid\u00e9o d\u2019Anaxis Asset Management autour de notre engagement pour un monde plus juste et plus responsable\" \/>\n<meta property=\"og:url\" content=\"https:\/\/anaxis-am.com\/fr\/nouvelle-video-anaxis-pour-un-monde-plus-juste-et-plus-responsable\/\" \/>\n<meta property=\"og:site_name\" content=\"Anaxis AM\" \/>\n<meta property=\"article:published_time\" content=\"2025-04-02T15:10:13+00:00\" \/>\n<meta name=\"author\" content=\"Anaxis AM\" \/>\n<meta name=\"twitter:card\" content=\"summary_large_image\" \/>\n<meta name=\"twitter:creator\" content=\"@AnaxisAM\" \/>\n<meta name=\"twitter:site\" content=\"@AnaxisAM\" \/>\n<meta name=\"twitter:label1\" content=\"\u00c9crit par\" \/>\n\t<meta name=\"twitter:data1\" content=\"Anaxis AM\" \/>\n\t<meta name=\"twitter:label2\" content=\"Dur\u00e9e de lecture estim\u00e9e\" \/>\n\t<meta name=\"twitter:data2\" content=\"1 minute\" \/>\n<script type=\"application\/ld+json\" class=\"yoast-schema-graph\">{\"@context\":\"https:\/\/schema.org\",\"@graph\":[{\"@type\":\"Article\",\"@id\":\"https:\/\/anaxis-am.com\/fr\/nouvelle-video-anaxis-pour-un-monde-plus-juste-et-plus-responsable\/#article\",\"isPartOf\":{\"@id\":\"https:\/\/anaxis-am.com\/fr\/nouvelle-video-anaxis-pour-un-monde-plus-juste-et-plus-responsable\/\"},\"author\":{\"name\":\"Anaxis AM\",\"@id\":\"https:\/\/anaxis-am.com\/fr\/#\/schema\/person\/8a0db0d83a76d63be8b28d8f9c61ad8b\"},\"headline\":\"Nouvelle vid\u00e9o Anaxis \/ Pour un monde plus juste et plus responsable\",\"datePublished\":\"2025-04-02T15:10:13+00:00\",\"mainEntityOfPage\":{\"@id\":\"https:\/\/anaxis-am.com\/fr\/nouvelle-video-anaxis-pour-un-monde-plus-juste-et-plus-responsable\/\"},\"wordCount\":96,\"publisher\":{\"@id\":\"https:\/\/anaxis-am.com\/fr\/#organization\"},\"articleSection\":[\"Soci\u00e9t\u00e9\"],\"inLanguage\":\"fr-FR\"},{\"@type\":\"WebPage\",\"@id\":\"https:\/\/anaxis-am.com\/fr\/nouvelle-video-anaxis-pour-un-monde-plus-juste-et-plus-responsable\/\",\"url\":\"https:\/\/anaxis-am.com\/fr\/nouvelle-video-anaxis-pour-un-monde-plus-juste-et-plus-responsable\/\",\"name\":\"Nouvelle vid\u00e9o Anaxis \/ Pour un monde plus juste et plus responsable - Anaxis AM\",\"isPartOf\":{\"@id\":\"https:\/\/anaxis-am.com\/fr\/#website\"},\"datePublished\":\"2025-04-02T15:10:13+00:00\",\"description\":\"Retrouvez la derni\u00e8re vid\u00e9o d\u2019Anaxis Asset Management autour de notre engagement pour un monde plus juste et plus responsable\",\"breadcrumb\":{\"@id\":\"https:\/\/anaxis-am.com\/fr\/nouvelle-video-anaxis-pour-un-monde-plus-juste-et-plus-responsable\/#breadcrumb\"},\"inLanguage\":\"fr-FR\",\"potentialAction\":[{\"@type\":\"ReadAction\",\"target\":[\"https:\/\/anaxis-am.com\/fr\/nouvelle-video-anaxis-pour-un-monde-plus-juste-et-plus-responsable\/\"]}]},{\"@type\":\"BreadcrumbList\",\"@id\":\"https:\/\/anaxis-am.com\/fr\/nouvelle-video-anaxis-pour-un-monde-plus-juste-et-plus-responsable\/#breadcrumb\",\"itemListElement\":[{\"@type\":\"ListItem\",\"position\":1,\"name\":\"Accueil\",\"item\":\"https:\/\/anaxis-am.com\/fr\/\"},{\"@type\":\"ListItem\",\"position\":2,\"name\":\"Nouvelle vid\u00e9o Anaxis \/ Pour un monde plus juste et plus responsable\"}]},{\"@type\":\"WebSite\",\"@id\":\"https:\/\/anaxis-am.com\/fr\/#website\",\"url\":\"https:\/\/anaxis-am.com\/fr\/\",\"name\":\"Anaxis AM\",\"description\":\"Gestion d&#039;obligations corporate\",\"publisher\":{\"@id\":\"https:\/\/anaxis-am.com\/fr\/#organization\"},\"potentialAction\":[{\"@type\":\"SearchAction\",\"target\":{\"@type\":\"EntryPoint\",\"urlTemplate\":\"https:\/\/anaxis-am.com\/fr\/?s={search_term_string}\"},\"query-input\":{\"@type\":\"PropertyValueSpecification\",\"valueRequired\":true,\"valueName\":\"search_term_string\"}}],\"inLanguage\":\"fr-FR\"},{\"@type\":\"Organization\",\"@id\":\"https:\/\/anaxis-am.com\/fr\/#organization\",\"name\":\"Anaxis AM\",\"url\":\"https:\/\/anaxis-am.com\/fr\/\",\"logo\":{\"@type\":\"ImageObject\",\"inLanguage\":\"fr-FR\",\"@id\":\"https:\/\/anaxis-am.com\/fr\/#\/schema\/logo\/image\/\",\"url\":\"https:\/\/anaxis-am.com\/wp-content\/uploads\/2023\/03\/logotype_02_noir.svg\",\"contentUrl\":\"https:\/\/anaxis-am.com\/wp-content\/uploads\/2023\/03\/logotype_02_noir.svg\",\"width\":198,\"height\":107,\"caption\":\"Anaxis AM\"},\"image\":{\"@id\":\"https:\/\/anaxis-am.com\/fr\/#\/schema\/logo\/image\/\"},\"sameAs\":[\"https:\/\/x.com\/AnaxisAM\",\"https:\/\/linkedin.com\/company\/anaxis-am\"]},{\"@type\":\"Person\",\"@id\":\"https:\/\/anaxis-am.com\/fr\/#\/schema\/person\/8a0db0d83a76d63be8b28d8f9c61ad8b\",\"name\":\"Anaxis AM\",\"image\":{\"@type\":\"ImageObject\",\"inLanguage\":\"fr-FR\",\"@id\":\"https:\/\/anaxis-am.com\/fr\/#\/schema\/person\/image\/\",\"url\":\"https:\/\/secure.gravatar.com\/avatar\/9b2b1e71fb4cd0618bc19bc8834e65c991cd8dddc53838d094f6cfb94e23a13c?s=96&d=mm&r=g\",\"contentUrl\":\"https:\/\/secure.gravatar.com\/avatar\/9b2b1e71fb4cd0618bc19bc8834e65c991cd8dddc53838d094f6cfb94e23a13c?s=96&d=mm&r=g\",\"caption\":\"Anaxis AM\"},\"url\":\"https:\/\/anaxis-am.com\/fr\/author\/thibault-danquigny\/\"}]}<\/script>\n<!-- \/ Yoast SEO plugin. -->","yoast_head_json":{"title":"Nouvelle vid\u00e9o Anaxis \/ Pour un monde plus juste et plus responsable - Anaxis AM","description":"Retrouvez la derni\u00e8re vid\u00e9o d\u2019Anaxis Asset Management autour de notre engagement pour un monde plus juste et plus responsable","robots":{"index":"index","follow":"follow","max-snippet":"max-snippet:-1","max-image-preview":"max-image-preview:large","max-video-preview":"max-video-preview:-1"},"canonical":"https:\/\/anaxis-am.com\/fr\/nouvelle-video-anaxis-pour-un-monde-plus-juste-et-plus-responsable\/","og_locale":"fr_FR","og_type":"article","og_title":"Nouvelle vid\u00e9o Anaxis \/ Pour un monde plus juste et plus responsable - Anaxis AM","og_description":"Retrouvez la derni\u00e8re vid\u00e9o d\u2019Anaxis Asset Management autour de notre engagement pour un monde plus juste et plus responsable","og_url":"https:\/\/anaxis-am.com\/fr\/nouvelle-video-anaxis-pour-un-monde-plus-juste-et-plus-responsable\/","og_site_name":"Anaxis AM","article_published_time":"2025-04-02T15:10:13+00:00","author":"Anaxis AM","twitter_card":"summary_large_image","twitter_creator":"@AnaxisAM","twitter_site":"@AnaxisAM","twitter_misc":{"\u00c9crit par":"Anaxis AM","Dur\u00e9e de lecture estim\u00e9e":"1 minute"},"schema":{"@context":"https:\/\/schema.org","@graph":[{"@type":"Article","@id":"https:\/\/anaxis-am.com\/fr\/nouvelle-video-anaxis-pour-un-monde-plus-juste-et-plus-responsable\/#article","isPartOf":{"@id":"https:\/\/anaxis-am.com\/fr\/nouvelle-video-anaxis-pour-un-monde-plus-juste-et-plus-responsable\/"},"author":{"name":"Anaxis AM","@id":"https:\/\/anaxis-am.com\/fr\/#\/schema\/person\/8a0db0d83a76d63be8b28d8f9c61ad8b"},"headline":"Nouvelle vid\u00e9o Anaxis \/ Pour un monde plus juste et plus responsable","datePublished":"2025-04-02T15:10:13+00:00","mainEntityOfPage":{"@id":"https:\/\/anaxis-am.com\/fr\/nouvelle-video-anaxis-pour-un-monde-plus-juste-et-plus-responsable\/"},"wordCount":96,"publisher":{"@id":"https:\/\/anaxis-am.com\/fr\/#organization"},"articleSection":["Soci\u00e9t\u00e9"],"inLanguage":"fr-FR"},{"@type":"WebPage","@id":"https:\/\/anaxis-am.com\/fr\/nouvelle-video-anaxis-pour-un-monde-plus-juste-et-plus-responsable\/","url":"https:\/\/anaxis-am.com\/fr\/nouvelle-video-anaxis-pour-un-monde-plus-juste-et-plus-responsable\/","name":"Nouvelle vid\u00e9o Anaxis \/ Pour un monde plus juste et plus responsable - Anaxis AM","isPartOf":{"@id":"https:\/\/anaxis-am.com\/fr\/#website"},"datePublished":"2025-04-02T15:10:13+00:00","description":"Retrouvez la derni\u00e8re vid\u00e9o d\u2019Anaxis Asset Management autour de notre engagement pour un monde plus juste et plus responsable","breadcrumb":{"@id":"https:\/\/anaxis-am.com\/fr\/nouvelle-video-anaxis-pour-un-monde-plus-juste-et-plus-responsable\/#breadcrumb"},"inLanguage":"fr-FR","potentialAction":[{"@type":"ReadAction","target":["https:\/\/anaxis-am.com\/fr\/nouvelle-video-anaxis-pour-un-monde-plus-juste-et-plus-responsable\/"]}]},{"@type":"BreadcrumbList","@id":"https:\/\/anaxis-am.com\/fr\/nouvelle-video-anaxis-pour-un-monde-plus-juste-et-plus-responsable\/#breadcrumb","itemListElement":[{"@type":"ListItem","position":1,"name":"Accueil","item":"https:\/\/anaxis-am.com\/fr\/"},{"@type":"ListItem","position":2,"name":"Nouvelle vid\u00e9o Anaxis \/ Pour un monde plus juste et plus responsable"}]},{"@type":"WebSite","@id":"https:\/\/anaxis-am.com\/fr\/#website","url":"https:\/\/anaxis-am.com\/fr\/","name":"Anaxis AM","description":"Gestion d&#039;obligations corporate","publisher":{"@id":"https:\/\/anaxis-am.com\/fr\/#organization"},"potentialAction":[{"@type":"SearchAction","target":{"@type":"EntryPoint","urlTemplate":"https:\/\/anaxis-am.com\/fr\/?s={search_term_string}"},"query-input":{"@type":"PropertyValueSpecification","valueRequired":true,"valueName":"search_term_string"}}],"inLanguage":"fr-FR"},{"@type":"Organization","@id":"https:\/\/anaxis-am.com\/fr\/#organization","name":"Anaxis AM","url":"https:\/\/anaxis-am.com\/fr\/","logo":{"@type":"ImageObject","inLanguage":"fr-FR","@id":"https:\/\/anaxis-am.com\/fr\/#\/schema\/logo\/image\/","url":"https:\/\/anaxis-am.com\/wp-content\/uploads\/2023\/03\/logotype_02_noir.svg","contentUrl":"https:\/\/anaxis-am.com\/wp-content\/uploads\/2023\/03\/logotype_02_noir.svg","width":198,"height":107,"caption":"Anaxis AM"},"image":{"@id":"https:\/\/anaxis-am.com\/fr\/#\/schema\/logo\/image\/"},"sameAs":["https:\/\/x.com\/AnaxisAM","https:\/\/linkedin.com\/company\/anaxis-am"]},{"@type":"Person","@id":"https:\/\/anaxis-am.com\/fr\/#\/schema\/person\/8a0db0d83a76d63be8b28d8f9c61ad8b","name":"Anaxis AM","image":{"@type":"ImageObject","inLanguage":"fr-FR","@id":"https:\/\/anaxis-am.com\/fr\/#\/schema\/person\/image\/","url":"https:\/\/secure.gravatar.com\/avatar\/9b2b1e71fb4cd0618bc19bc8834e65c991cd8dddc53838d094f6cfb94e23a13c?s=96&d=mm&r=g","contentUrl":"https:\/\/secure.gravatar.com\/avatar\/9b2b1e71fb4cd0618bc19bc8834e65c991cd8dddc53838d094f6cfb94e23a13c?s=96&d=mm&r=g","caption":"Anaxis AM"},"url":"https:\/\/anaxis-am.com\/fr\/author\/thibault-danquigny\/"}]}},"_links":{"self":[{"href":"https:\/\/anaxis-am.com\/fr\/wp-json\/wp\/v2\/posts\/17475","targetHints":{"allow":["GET"]}}],"collection":[{"href":"https:\/\/anaxis-am.com\/fr\/wp-json\/wp\/v2\/posts"}],"about":[{"href":"https:\/\/anaxis-am.com\/fr\/wp-json\/wp\/v2\/types\/post"}],"author":[{"embeddable":true,"href":"https:\/\/anaxis-am.com\/fr\/wp-json\/wp\/v2\/users\/2"}],"replies":[{"embeddable":true,"href":"https:\/\/anaxis-am.com\/fr\/wp-json\/wp\/v2\/comments?post=17475"}],"version-history":[{"count":1,"href":"https:\/\/anaxis-am.com\/fr\/wp-json\/wp\/v2\/posts\/17475\/revisions"}],"predecessor-version":[{"id":17484,"href":"https:\/\/anaxis-am.com\/fr\/wp-json\/wp\/v2\/posts\/17475\/revisions\/17484"}],"wp:attachment":[{"href":"https:\/\/anaxis-am.com\/fr\/wp-json\/wp\/v2\/media?parent=17475"}],"wp:term":[{"taxonomy":"category","embeddable":true,"href":"https:\/\/anaxis-am.com\/fr\/wp-json\/wp\/v2\/categories?post=17475"},{"taxonomy":"post_tag","embeddable":true,"href":"https:\/\/anaxis-am.com\/fr\/wp-json\/wp\/v2\/tags?post=17475"}],"curies":[{"name":"wp","href":"https:\/\/api.w.org\/{rel}","templated":true}]}}