{"id":16790,"date":"2024-09-13T13:44:26","date_gmt":"2024-09-13T12:44:26","guid":{"rendered":"https:\/\/anaxis-am.com\/?p=16790"},"modified":"2024-09-13T13:44:52","modified_gmt":"2024-09-13T12:44:52","slug":"anaxis-short-duration-reference-sur-suravenir-vie-plus","status":"publish","type":"post","link":"https:\/\/anaxis-am.com\/fr\/anaxis-short-duration-reference-sur-suravenir-vie-plus\/","title":{"rendered":"Anaxis Short Duration r\u00e9f\u00e9renc\u00e9 chez Suravenir \/ Vie Plus"},"content":{"rendered":"\n<h3 class=\"wp-block-heading\">Anaxis Short Duration disponible chez un nouvel acteur <\/h3>\n\n\n\n<p>Nous avons le plaisir d\u2019annoncer qu\u2019Anaxis Short Duration, fonds obligataire corporate \u00e0 duration courte d\u2019Anaxis AM, est d\u00e9sormais r\u00e9f\u00e9renc\u00e9 par Suravenir \/ Vie Plus. Cet acteur incontournable s\u2019ajoute \u00e0 une liste d\u2019assureurs et de distributeurs de premier plan aupr\u00e8s desquels ce fonds est \u00e9galement disponible : Alpheys, Nortia, Spirica, UAF LIFE Patrimoine, AG2R LA MONDIALE et AEP &#8211; Assurance Epargne Pension.<\/p>\n\n\n\n<p>Le fonds Anaxis Short Duration est particuli\u00e8rement adapt\u00e9 dans l\u2019environnement actuel de par sa faible volatilit\u00e9 et sa capacit\u00e9 \u00e0 g\u00e9n\u00e9rer de la performance dans tout contexte de march\u00e9.<\/p>\n\n\n\n<p><a href=\"https:\/\/anaxis-am.com\/fr\/fonds\/anaxis-short-duration\/\"><mark style=\"background-color:rgba(0, 0, 0, 0)\" class=\"has-inline-color has-vivid-cyan-blue-color\">Retrouvez davantage d\u2019informations sur le fonds en cliquant ici<\/mark><\/a><\/p>\n\n\n\n<div style=\"height:30px\" aria-hidden=\"true\" class=\"wp-block-spacer\"><\/div>\n\n\n<div class=\"wp-block-image is-style-default\">\n<figure class=\"aligncenter size-large\"><img fetchpriority=\"high\" decoding=\"async\" width=\"1024\" height=\"768\" src=\"https:\/\/anaxis-am.com\/wp-content\/uploads\/2024\/09\/Suravenir-FR-1024x768.jpg\" alt=\"\" class=\"wp-image-16791\" srcset=\"https:\/\/anaxis-am.com\/wp-content\/uploads\/2024\/09\/Suravenir-FR-1024x768.jpg 1024w, https:\/\/anaxis-am.com\/wp-content\/uploads\/2024\/09\/Suravenir-FR-300x225.jpg 300w, https:\/\/anaxis-am.com\/wp-content\/uploads\/2024\/09\/Suravenir-FR-768x576.jpg 768w, https:\/\/anaxis-am.com\/wp-content\/uploads\/2024\/09\/Suravenir-FR-1536x1152.jpg 1536w, https:\/\/anaxis-am.com\/wp-content\/uploads\/2024\/09\/Suravenir-FR.jpg 1600w\" sizes=\"(max-width: 1024px) 100vw, 1024px\" \/><\/figure>\n<\/div>","protected":false},"excerpt":{"rendered":"<p>Nous avons le plaisir d\u2019annoncer qu\u2019Anaxis Short Duration, fonds obligataire corporate \u00e0 duration courte d\u2019Anaxis AM, est d\u00e9sormais r\u00e9f\u00e9renc\u00e9 par Suravenir \/ Vie Plus. Cet acteur incontournable s\u2019ajoute \u00e0 une liste d\u2019assureurs et de distributeurs de premier plan aupr\u00e8s desquels ce fonds est \u00e9galement disponible.<\/p>\n","protected":false},"author":2,"featured_media":0,"comment_status":"closed","ping_status":"closed","sticky":false,"template":"elementor_theme","format":"standard","meta":{"footnotes":""},"categories":[12],"tags":[],"class_list":["post-16790","post","type-post","status-publish","format-standard","hentry","category-fonds"],"acf":[],"yoast_head":"<!-- This site is optimized with the Yoast SEO plugin v25.1 - https:\/\/yoast.com\/wordpress\/plugins\/seo\/ -->\n<title>Anaxis Short Duration r\u00e9f\u00e9renc\u00e9 chez Suravenir \/ Vie Plus - Anaxis AM<\/title>\n<meta name=\"description\" content=\"Anaxis Short Duration d\u00e9sormais r\u00e9f\u00e9renc\u00e9 par Suravenir \/ Vie Plus, qui s&#039;ajoute \u00e0 une liste grandissante de plateformes offrant ce fonds.\" \/>\n<meta name=\"robots\" content=\"index, follow, max-snippet:-1, max-image-preview:large, max-video-preview:-1\" \/>\n<link rel=\"canonical\" href=\"https:\/\/anaxis-am.com\/fr\/anaxis-short-duration-reference-sur-suravenir-vie-plus\/\" \/>\n<meta property=\"og:locale\" content=\"fr_FR\" \/>\n<meta property=\"og:type\" content=\"article\" \/>\n<meta property=\"og:title\" content=\"Anaxis Short Duration r\u00e9f\u00e9renc\u00e9 chez Suravenir \/ Vie Plus - Anaxis AM\" \/>\n<meta property=\"og:description\" content=\"Anaxis Short Duration d\u00e9sormais r\u00e9f\u00e9renc\u00e9 par Suravenir \/ Vie Plus, qui s&#039;ajoute \u00e0 une liste grandissante de plateformes offrant ce fonds.\" \/>\n<meta property=\"og:url\" content=\"https:\/\/anaxis-am.com\/fr\/anaxis-short-duration-reference-sur-suravenir-vie-plus\/\" \/>\n<meta property=\"og:site_name\" content=\"Anaxis AM\" \/>\n<meta property=\"article:published_time\" content=\"2024-09-13T12:44:26+00:00\" \/>\n<meta property=\"article:modified_time\" content=\"2024-09-13T12:44:52+00:00\" \/>\n<meta property=\"og:image\" content=\"https:\/\/anaxis-am.com\/wp-content\/uploads\/2024\/09\/Suravenir-FR-1024x768.jpg\" \/>\n<meta name=\"author\" content=\"Anaxis AM\" \/>\n<meta name=\"twitter:card\" content=\"summary_large_image\" \/>\n<meta name=\"twitter:creator\" content=\"@AnaxisAM\" \/>\n<meta name=\"twitter:site\" content=\"@AnaxisAM\" \/>\n<meta name=\"twitter:label1\" content=\"\u00c9crit par\" \/>\n\t<meta name=\"twitter:data1\" content=\"Anaxis AM\" \/>\n\t<meta name=\"twitter:label2\" content=\"Dur\u00e9e de lecture estim\u00e9e\" \/>\n\t<meta name=\"twitter:data2\" content=\"1 minute\" \/>\n<script type=\"application\/ld+json\" class=\"yoast-schema-graph\">{\"@context\":\"https:\/\/schema.org\",\"@graph\":[{\"@type\":\"Article\",\"@id\":\"https:\/\/anaxis-am.com\/fr\/anaxis-short-duration-reference-sur-suravenir-vie-plus\/#article\",\"isPartOf\":{\"@id\":\"https:\/\/anaxis-am.com\/fr\/anaxis-short-duration-reference-sur-suravenir-vie-plus\/\"},\"author\":{\"name\":\"Anaxis AM\",\"@id\":\"https:\/\/anaxis-am.com\/fr\/#\/schema\/person\/8a0db0d83a76d63be8b28d8f9c61ad8b\"},\"headline\":\"Anaxis Short Duration r\u00e9f\u00e9renc\u00e9 chez Suravenir \/ Vie Plus\",\"datePublished\":\"2024-09-13T12:44:26+00:00\",\"dateModified\":\"2024-09-13T12:44:52+00:00\",\"mainEntityOfPage\":{\"@id\":\"https:\/\/anaxis-am.com\/fr\/anaxis-short-duration-reference-sur-suravenir-vie-plus\/\"},\"wordCount\":127,\"publisher\":{\"@id\":\"https:\/\/anaxis-am.com\/fr\/#organization\"},\"image\":{\"@id\":\"https:\/\/anaxis-am.com\/fr\/anaxis-short-duration-reference-sur-suravenir-vie-plus\/#primaryimage\"},\"thumbnailUrl\":\"https:\/\/anaxis-am.com\/wp-content\/uploads\/2024\/09\/Suravenir-FR-1024x768.jpg\",\"articleSection\":[\"Fonds\"],\"inLanguage\":\"fr-FR\"},{\"@type\":\"WebPage\",\"@id\":\"https:\/\/anaxis-am.com\/fr\/anaxis-short-duration-reference-sur-suravenir-vie-plus\/\",\"url\":\"https:\/\/anaxis-am.com\/fr\/anaxis-short-duration-reference-sur-suravenir-vie-plus\/\",\"name\":\"Anaxis Short Duration r\u00e9f\u00e9renc\u00e9 chez Suravenir \/ Vie Plus - Anaxis AM\",\"isPartOf\":{\"@id\":\"https:\/\/anaxis-am.com\/fr\/#website\"},\"primaryImageOfPage\":{\"@id\":\"https:\/\/anaxis-am.com\/fr\/anaxis-short-duration-reference-sur-suravenir-vie-plus\/#primaryimage\"},\"image\":{\"@id\":\"https:\/\/anaxis-am.com\/fr\/anaxis-short-duration-reference-sur-suravenir-vie-plus\/#primaryimage\"},\"thumbnailUrl\":\"https:\/\/anaxis-am.com\/wp-content\/uploads\/2024\/09\/Suravenir-FR-1024x768.jpg\",\"datePublished\":\"2024-09-13T12:44:26+00:00\",\"dateModified\":\"2024-09-13T12:44:52+00:00\",\"description\":\"Anaxis Short Duration d\u00e9sormais r\u00e9f\u00e9renc\u00e9 par Suravenir \/ Vie Plus, qui s'ajoute \u00e0 une liste grandissante de plateformes offrant ce fonds.\",\"breadcrumb\":{\"@id\":\"https:\/\/anaxis-am.com\/fr\/anaxis-short-duration-reference-sur-suravenir-vie-plus\/#breadcrumb\"},\"inLanguage\":\"fr-FR\",\"potentialAction\":[{\"@type\":\"ReadAction\",\"target\":[\"https:\/\/anaxis-am.com\/fr\/anaxis-short-duration-reference-sur-suravenir-vie-plus\/\"]}]},{\"@type\":\"ImageObject\",\"inLanguage\":\"fr-FR\",\"@id\":\"https:\/\/anaxis-am.com\/fr\/anaxis-short-duration-reference-sur-suravenir-vie-plus\/#primaryimage\",\"url\":\"https:\/\/anaxis-am.com\/wp-content\/uploads\/2024\/09\/Suravenir-FR-1024x768.jpg\",\"contentUrl\":\"https:\/\/anaxis-am.com\/wp-content\/uploads\/2024\/09\/Suravenir-FR-1024x768.jpg\"},{\"@type\":\"BreadcrumbList\",\"@id\":\"https:\/\/anaxis-am.com\/fr\/anaxis-short-duration-reference-sur-suravenir-vie-plus\/#breadcrumb\",\"itemListElement\":[{\"@type\":\"ListItem\",\"position\":1,\"name\":\"Accueil\",\"item\":\"https:\/\/anaxis-am.com\/fr\/\"},{\"@type\":\"ListItem\",\"position\":2,\"name\":\"Anaxis Short Duration r\u00e9f\u00e9renc\u00e9 chez Suravenir \/ Vie Plus\"}]},{\"@type\":\"WebSite\",\"@id\":\"https:\/\/anaxis-am.com\/fr\/#website\",\"url\":\"https:\/\/anaxis-am.com\/fr\/\",\"name\":\"Anaxis AM\",\"description\":\"Gestion d&#039;obligations corporate\",\"publisher\":{\"@id\":\"https:\/\/anaxis-am.com\/fr\/#organization\"},\"potentialAction\":[{\"@type\":\"SearchAction\",\"target\":{\"@type\":\"EntryPoint\",\"urlTemplate\":\"https:\/\/anaxis-am.com\/fr\/?s={search_term_string}\"},\"query-input\":{\"@type\":\"PropertyValueSpecification\",\"valueRequired\":true,\"valueName\":\"search_term_string\"}}],\"inLanguage\":\"fr-FR\"},{\"@type\":\"Organization\",\"@id\":\"https:\/\/anaxis-am.com\/fr\/#organization\",\"name\":\"Anaxis AM\",\"url\":\"https:\/\/anaxis-am.com\/fr\/\",\"logo\":{\"@type\":\"ImageObject\",\"inLanguage\":\"fr-FR\",\"@id\":\"https:\/\/anaxis-am.com\/fr\/#\/schema\/logo\/image\/\",\"url\":\"https:\/\/anaxis-am.com\/wp-content\/uploads\/2023\/03\/logotype_02_noir.svg\",\"contentUrl\":\"https:\/\/anaxis-am.com\/wp-content\/uploads\/2023\/03\/logotype_02_noir.svg\",\"width\":198,\"height\":107,\"caption\":\"Anaxis AM\"},\"image\":{\"@id\":\"https:\/\/anaxis-am.com\/fr\/#\/schema\/logo\/image\/\"},\"sameAs\":[\"https:\/\/x.com\/AnaxisAM\",\"https:\/\/linkedin.com\/company\/anaxis-am\"]},{\"@type\":\"Person\",\"@id\":\"https:\/\/anaxis-am.com\/fr\/#\/schema\/person\/8a0db0d83a76d63be8b28d8f9c61ad8b\",\"name\":\"Anaxis AM\",\"image\":{\"@type\":\"ImageObject\",\"inLanguage\":\"fr-FR\",\"@id\":\"https:\/\/anaxis-am.com\/fr\/#\/schema\/person\/image\/\",\"url\":\"https:\/\/secure.gravatar.com\/avatar\/9b2b1e71fb4cd0618bc19bc8834e65c991cd8dddc53838d094f6cfb94e23a13c?s=96&d=mm&r=g\",\"contentUrl\":\"https:\/\/secure.gravatar.com\/avatar\/9b2b1e71fb4cd0618bc19bc8834e65c991cd8dddc53838d094f6cfb94e23a13c?s=96&d=mm&r=g\",\"caption\":\"Anaxis AM\"},\"url\":\"https:\/\/anaxis-am.com\/fr\/author\/thibault-danquigny\/\"}]}<\/script>\n<!-- \/ Yoast SEO plugin. -->","yoast_head_json":{"title":"Anaxis Short Duration r\u00e9f\u00e9renc\u00e9 chez Suravenir \/ Vie Plus - Anaxis AM","description":"Anaxis Short Duration d\u00e9sormais r\u00e9f\u00e9renc\u00e9 par Suravenir \/ Vie Plus, qui s'ajoute \u00e0 une liste grandissante de plateformes offrant ce fonds.","robots":{"index":"index","follow":"follow","max-snippet":"max-snippet:-1","max-image-preview":"max-image-preview:large","max-video-preview":"max-video-preview:-1"},"canonical":"https:\/\/anaxis-am.com\/fr\/anaxis-short-duration-reference-sur-suravenir-vie-plus\/","og_locale":"fr_FR","og_type":"article","og_title":"Anaxis Short Duration r\u00e9f\u00e9renc\u00e9 chez Suravenir \/ Vie Plus - Anaxis AM","og_description":"Anaxis Short Duration d\u00e9sormais r\u00e9f\u00e9renc\u00e9 par Suravenir \/ Vie Plus, qui s'ajoute \u00e0 une liste grandissante de plateformes offrant ce fonds.","og_url":"https:\/\/anaxis-am.com\/fr\/anaxis-short-duration-reference-sur-suravenir-vie-plus\/","og_site_name":"Anaxis AM","article_published_time":"2024-09-13T12:44:26+00:00","article_modified_time":"2024-09-13T12:44:52+00:00","og_image":[{"url":"https:\/\/anaxis-am.com\/wp-content\/uploads\/2024\/09\/Suravenir-FR-1024x768.jpg","type":"","width":"","height":""}],"author":"Anaxis AM","twitter_card":"summary_large_image","twitter_creator":"@AnaxisAM","twitter_site":"@AnaxisAM","twitter_misc":{"\u00c9crit par":"Anaxis AM","Dur\u00e9e de lecture estim\u00e9e":"1 minute"},"schema":{"@context":"https:\/\/schema.org","@graph":[{"@type":"Article","@id":"https:\/\/anaxis-am.com\/fr\/anaxis-short-duration-reference-sur-suravenir-vie-plus\/#article","isPartOf":{"@id":"https:\/\/anaxis-am.com\/fr\/anaxis-short-duration-reference-sur-suravenir-vie-plus\/"},"author":{"name":"Anaxis AM","@id":"https:\/\/anaxis-am.com\/fr\/#\/schema\/person\/8a0db0d83a76d63be8b28d8f9c61ad8b"},"headline":"Anaxis Short Duration r\u00e9f\u00e9renc\u00e9 chez Suravenir \/ Vie Plus","datePublished":"2024-09-13T12:44:26+00:00","dateModified":"2024-09-13T12:44:52+00:00","mainEntityOfPage":{"@id":"https:\/\/anaxis-am.com\/fr\/anaxis-short-duration-reference-sur-suravenir-vie-plus\/"},"wordCount":127,"publisher":{"@id":"https:\/\/anaxis-am.com\/fr\/#organization"},"image":{"@id":"https:\/\/anaxis-am.com\/fr\/anaxis-short-duration-reference-sur-suravenir-vie-plus\/#primaryimage"},"thumbnailUrl":"https:\/\/anaxis-am.com\/wp-content\/uploads\/2024\/09\/Suravenir-FR-1024x768.jpg","articleSection":["Fonds"],"inLanguage":"fr-FR"},{"@type":"WebPage","@id":"https:\/\/anaxis-am.com\/fr\/anaxis-short-duration-reference-sur-suravenir-vie-plus\/","url":"https:\/\/anaxis-am.com\/fr\/anaxis-short-duration-reference-sur-suravenir-vie-plus\/","name":"Anaxis Short Duration r\u00e9f\u00e9renc\u00e9 chez Suravenir \/ Vie Plus - Anaxis AM","isPartOf":{"@id":"https:\/\/anaxis-am.com\/fr\/#website"},"primaryImageOfPage":{"@id":"https:\/\/anaxis-am.com\/fr\/anaxis-short-duration-reference-sur-suravenir-vie-plus\/#primaryimage"},"image":{"@id":"https:\/\/anaxis-am.com\/fr\/anaxis-short-duration-reference-sur-suravenir-vie-plus\/#primaryimage"},"thumbnailUrl":"https:\/\/anaxis-am.com\/wp-content\/uploads\/2024\/09\/Suravenir-FR-1024x768.jpg","datePublished":"2024-09-13T12:44:26+00:00","dateModified":"2024-09-13T12:44:52+00:00","description":"Anaxis Short Duration d\u00e9sormais r\u00e9f\u00e9renc\u00e9 par Suravenir \/ Vie Plus, qui s'ajoute \u00e0 une liste grandissante de plateformes offrant ce fonds.","breadcrumb":{"@id":"https:\/\/anaxis-am.com\/fr\/anaxis-short-duration-reference-sur-suravenir-vie-plus\/#breadcrumb"},"inLanguage":"fr-FR","potentialAction":[{"@type":"ReadAction","target":["https:\/\/anaxis-am.com\/fr\/anaxis-short-duration-reference-sur-suravenir-vie-plus\/"]}]},{"@type":"ImageObject","inLanguage":"fr-FR","@id":"https:\/\/anaxis-am.com\/fr\/anaxis-short-duration-reference-sur-suravenir-vie-plus\/#primaryimage","url":"https:\/\/anaxis-am.com\/wp-content\/uploads\/2024\/09\/Suravenir-FR-1024x768.jpg","contentUrl":"https:\/\/anaxis-am.com\/wp-content\/uploads\/2024\/09\/Suravenir-FR-1024x768.jpg"},{"@type":"BreadcrumbList","@id":"https:\/\/anaxis-am.com\/fr\/anaxis-short-duration-reference-sur-suravenir-vie-plus\/#breadcrumb","itemListElement":[{"@type":"ListItem","position":1,"name":"Accueil","item":"https:\/\/anaxis-am.com\/fr\/"},{"@type":"ListItem","position":2,"name":"Anaxis Short Duration r\u00e9f\u00e9renc\u00e9 chez Suravenir \/ Vie Plus"}]},{"@type":"WebSite","@id":"https:\/\/anaxis-am.com\/fr\/#website","url":"https:\/\/anaxis-am.com\/fr\/","name":"Anaxis AM","description":"Gestion d&#039;obligations corporate","publisher":{"@id":"https:\/\/anaxis-am.com\/fr\/#organization"},"potentialAction":[{"@type":"SearchAction","target":{"@type":"EntryPoint","urlTemplate":"https:\/\/anaxis-am.com\/fr\/?s={search_term_string}"},"query-input":{"@type":"PropertyValueSpecification","valueRequired":true,"valueName":"search_term_string"}}],"inLanguage":"fr-FR"},{"@type":"Organization","@id":"https:\/\/anaxis-am.com\/fr\/#organization","name":"Anaxis AM","url":"https:\/\/anaxis-am.com\/fr\/","logo":{"@type":"ImageObject","inLanguage":"fr-FR","@id":"https:\/\/anaxis-am.com\/fr\/#\/schema\/logo\/image\/","url":"https:\/\/anaxis-am.com\/wp-content\/uploads\/2023\/03\/logotype_02_noir.svg","contentUrl":"https:\/\/anaxis-am.com\/wp-content\/uploads\/2023\/03\/logotype_02_noir.svg","width":198,"height":107,"caption":"Anaxis AM"},"image":{"@id":"https:\/\/anaxis-am.com\/fr\/#\/schema\/logo\/image\/"},"sameAs":["https:\/\/x.com\/AnaxisAM","https:\/\/linkedin.com\/company\/anaxis-am"]},{"@type":"Person","@id":"https:\/\/anaxis-am.com\/fr\/#\/schema\/person\/8a0db0d83a76d63be8b28d8f9c61ad8b","name":"Anaxis AM","image":{"@type":"ImageObject","inLanguage":"fr-FR","@id":"https:\/\/anaxis-am.com\/fr\/#\/schema\/person\/image\/","url":"https:\/\/secure.gravatar.com\/avatar\/9b2b1e71fb4cd0618bc19bc8834e65c991cd8dddc53838d094f6cfb94e23a13c?s=96&d=mm&r=g","contentUrl":"https:\/\/secure.gravatar.com\/avatar\/9b2b1e71fb4cd0618bc19bc8834e65c991cd8dddc53838d094f6cfb94e23a13c?s=96&d=mm&r=g","caption":"Anaxis AM"},"url":"https:\/\/anaxis-am.com\/fr\/author\/thibault-danquigny\/"}]}},"_links":{"self":[{"href":"https:\/\/anaxis-am.com\/fr\/wp-json\/wp\/v2\/posts\/16790","targetHints":{"allow":["GET"]}}],"collection":[{"href":"https:\/\/anaxis-am.com\/fr\/wp-json\/wp\/v2\/posts"}],"about":[{"href":"https:\/\/anaxis-am.com\/fr\/wp-json\/wp\/v2\/types\/post"}],"author":[{"embeddable":true,"href":"https:\/\/anaxis-am.com\/fr\/wp-json\/wp\/v2\/users\/2"}],"replies":[{"embeddable":true,"href":"https:\/\/anaxis-am.com\/fr\/wp-json\/wp\/v2\/comments?post=16790"}],"version-history":[{"count":2,"href":"https:\/\/anaxis-am.com\/fr\/wp-json\/wp\/v2\/posts\/16790\/revisions"}],"predecessor-version":[{"id":16796,"href":"https:\/\/anaxis-am.com\/fr\/wp-json\/wp\/v2\/posts\/16790\/revisions\/16796"}],"wp:attachment":[{"href":"https:\/\/anaxis-am.com\/fr\/wp-json\/wp\/v2\/media?parent=16790"}],"wp:term":[{"taxonomy":"category","embeddable":true,"href":"https:\/\/anaxis-am.com\/fr\/wp-json\/wp\/v2\/categories?post=16790"},{"taxonomy":"post_tag","embeddable":true,"href":"https:\/\/anaxis-am.com\/fr\/wp-json\/wp\/v2\/tags?post=16790"}],"curies":[{"name":"wp","href":"https:\/\/api.w.org\/{rel}","templated":true}]}}