{"id":12688,"date":"2020-12-23T17:01:00","date_gmt":"2020-12-23T15:01:00","guid":{"rendered":"http:\/\/www.clgj9277.odns.fr\/?p=12688"},"modified":"2023-11-23T17:03:04","modified_gmt":"2023-11-23T15:03:04","slug":"anaxis-apporte-son-soutien-a-la-lettre-de-liigcc","status":"publish","type":"post","link":"https:\/\/anaxis-am.com\/fr\/anaxis-apporte-son-soutien-a-la-lettre-de-liigcc\/","title":{"rendered":"Anaxis apporte son soutien \u00e0 la lettre de l&rsquo;IIGCC"},"content":{"rendered":"\n<p>Cette lettre a \u00e9t\u00e9 envoy\u00e9e au Conseil europ\u00e9en par l&rsquo;IIGCC et concerne la modernisation du Trait\u00e9 de la charte sur l&rsquo;\u00e9nergie. Elle demande que ce trait\u00e9 soit compatible avec l&rsquo;ambition europ\u00e9enne de z\u00e9ro \u00e9mission nette, en retirant les mentions qui obligeraient les Etats \u00e0 couvrir les investissements \u00e9trangers dans les \u00e9nergies fossiles rendus non-profitables \u00e0 cause des politiques nationales sur le climat.<\/p>\n\n\n\n<p><a href=\"https:\/\/www.iigcc.org\/\" target=\"_blank\" rel=\"noreferrer noopener\"><mark style=\"background-color:rgba(0, 0, 0, 0)\" class=\"has-inline-color has-vivid-cyan-blue-color\">Site de l&rsquo;IIGCC<\/mark><\/a><\/p>\n","protected":false},"excerpt":{"rendered":"<p>Cette lettre demande que le Trait\u00e9 de la charte sur l&rsquo;\u00e9nergie soit compatible avec l&rsquo;ambition europ\u00e9enne de z\u00e9ro \u00e9mission nette, en retirant les mentions qui obligeraient les Etats \u00e0 couvrir les investissements \u00e9trangers dans les \u00e9nergies fossiles rendus non-profitables \u00e0 cause des politiques nationales sur le climat.<\/p>\n","protected":false},"author":2,"featured_media":0,"comment_status":"closed","ping_status":"open","sticky":false,"template":"elementor_theme","format":"standard","meta":{"footnotes":""},"categories":[9],"tags":[],"class_list":["post-12688","post","type-post","status-publish","format-standard","hentry","category-politique-esg"],"acf":[],"yoast_head":"<!-- This site is optimized with the Yoast SEO plugin v25.1 - https:\/\/yoast.com\/wordpress\/plugins\/seo\/ -->\n<title>Anaxis apporte son soutien \u00e0 la lettre de l&#039;IIGCC - Anaxis AM<\/title>\n<meta name=\"robots\" content=\"index, follow, max-snippet:-1, max-image-preview:large, max-video-preview:-1\" \/>\n<link rel=\"canonical\" href=\"https:\/\/anaxis-am.com\/fr\/anaxis-apporte-son-soutien-a-la-lettre-de-liigcc\/\" \/>\n<meta property=\"og:locale\" content=\"fr_FR\" \/>\n<meta property=\"og:type\" content=\"article\" \/>\n<meta property=\"og:title\" content=\"Anaxis apporte son soutien \u00e0 la lettre de l&#039;IIGCC - Anaxis AM\" \/>\n<meta property=\"og:description\" content=\"Cette lettre demande que le Trait\u00e9 de la charte sur l&#039;\u00e9nergie soit compatible avec l&#039;ambition europ\u00e9enne de z\u00e9ro \u00e9mission nette, en retirant les mentions qui obligeraient les Etats \u00e0 couvrir les investissements \u00e9trangers dans les \u00e9nergies fossiles rendus non-profitables \u00e0 cause des politiques nationales sur le climat.\" \/>\n<meta property=\"og:url\" content=\"https:\/\/anaxis-am.com\/fr\/anaxis-apporte-son-soutien-a-la-lettre-de-liigcc\/\" \/>\n<meta property=\"og:site_name\" content=\"Anaxis AM\" \/>\n<meta property=\"article:published_time\" content=\"2020-12-23T15:01:00+00:00\" \/>\n<meta property=\"article:modified_time\" content=\"2023-11-23T15:03:04+00:00\" \/>\n<meta name=\"author\" content=\"Anaxis AM\" \/>\n<meta name=\"twitter:card\" content=\"summary_large_image\" \/>\n<meta name=\"twitter:creator\" content=\"@AnaxisAM\" \/>\n<meta name=\"twitter:site\" content=\"@AnaxisAM\" \/>\n<meta name=\"twitter:label1\" content=\"\u00c9crit par\" \/>\n\t<meta name=\"twitter:data1\" content=\"Anaxis AM\" \/>\n<script type=\"application\/ld+json\" class=\"yoast-schema-graph\">{\"@context\":\"https:\/\/schema.org\",\"@graph\":[{\"@type\":\"Article\",\"@id\":\"https:\/\/anaxis-am.com\/fr\/anaxis-apporte-son-soutien-a-la-lettre-de-liigcc\/#article\",\"isPartOf\":{\"@id\":\"https:\/\/anaxis-am.com\/fr\/anaxis-apporte-son-soutien-a-la-lettre-de-liigcc\/\"},\"author\":{\"name\":\"Anaxis AM\",\"@id\":\"https:\/\/anaxis-am.com\/fr\/#\/schema\/person\/8a0db0d83a76d63be8b28d8f9c61ad8b\"},\"headline\":\"Anaxis apporte son soutien \u00e0 la lettre de l&rsquo;IIGCC\",\"datePublished\":\"2020-12-23T15:01:00+00:00\",\"dateModified\":\"2023-11-23T15:03:04+00:00\",\"mainEntityOfPage\":{\"@id\":\"https:\/\/anaxis-am.com\/fr\/anaxis-apporte-son-soutien-a-la-lettre-de-liigcc\/\"},\"wordCount\":76,\"publisher\":{\"@id\":\"https:\/\/anaxis-am.com\/fr\/#organization\"},\"articleSection\":[\"Politique ESG\"],\"inLanguage\":\"fr-FR\"},{\"@type\":\"WebPage\",\"@id\":\"https:\/\/anaxis-am.com\/fr\/anaxis-apporte-son-soutien-a-la-lettre-de-liigcc\/\",\"url\":\"https:\/\/anaxis-am.com\/fr\/anaxis-apporte-son-soutien-a-la-lettre-de-liigcc\/\",\"name\":\"Anaxis apporte son soutien \u00e0 la lettre de l'IIGCC - Anaxis AM\",\"isPartOf\":{\"@id\":\"https:\/\/anaxis-am.com\/fr\/#website\"},\"datePublished\":\"2020-12-23T15:01:00+00:00\",\"dateModified\":\"2023-11-23T15:03:04+00:00\",\"breadcrumb\":{\"@id\":\"https:\/\/anaxis-am.com\/fr\/anaxis-apporte-son-soutien-a-la-lettre-de-liigcc\/#breadcrumb\"},\"inLanguage\":\"fr-FR\",\"potentialAction\":[{\"@type\":\"ReadAction\",\"target\":[\"https:\/\/anaxis-am.com\/fr\/anaxis-apporte-son-soutien-a-la-lettre-de-liigcc\/\"]}]},{\"@type\":\"BreadcrumbList\",\"@id\":\"https:\/\/anaxis-am.com\/fr\/anaxis-apporte-son-soutien-a-la-lettre-de-liigcc\/#breadcrumb\",\"itemListElement\":[{\"@type\":\"ListItem\",\"position\":1,\"name\":\"Accueil\",\"item\":\"https:\/\/anaxis-am.com\/fr\/\"},{\"@type\":\"ListItem\",\"position\":2,\"name\":\"Anaxis apporte son soutien \u00e0 la lettre de l&rsquo;IIGCC\"}]},{\"@type\":\"WebSite\",\"@id\":\"https:\/\/anaxis-am.com\/fr\/#website\",\"url\":\"https:\/\/anaxis-am.com\/fr\/\",\"name\":\"Anaxis AM\",\"description\":\"Gestion d&#039;obligations corporate\",\"publisher\":{\"@id\":\"https:\/\/anaxis-am.com\/fr\/#organization\"},\"potentialAction\":[{\"@type\":\"SearchAction\",\"target\":{\"@type\":\"EntryPoint\",\"urlTemplate\":\"https:\/\/anaxis-am.com\/fr\/?s={search_term_string}\"},\"query-input\":{\"@type\":\"PropertyValueSpecification\",\"valueRequired\":true,\"valueName\":\"search_term_string\"}}],\"inLanguage\":\"fr-FR\"},{\"@type\":\"Organization\",\"@id\":\"https:\/\/anaxis-am.com\/fr\/#organization\",\"name\":\"Anaxis AM\",\"url\":\"https:\/\/anaxis-am.com\/fr\/\",\"logo\":{\"@type\":\"ImageObject\",\"inLanguage\":\"fr-FR\",\"@id\":\"https:\/\/anaxis-am.com\/fr\/#\/schema\/logo\/image\/\",\"url\":\"https:\/\/anaxis-am.com\/wp-content\/uploads\/2023\/03\/logotype_02_noir.svg\",\"contentUrl\":\"https:\/\/anaxis-am.com\/wp-content\/uploads\/2023\/03\/logotype_02_noir.svg\",\"width\":198,\"height\":107,\"caption\":\"Anaxis AM\"},\"image\":{\"@id\":\"https:\/\/anaxis-am.com\/fr\/#\/schema\/logo\/image\/\"},\"sameAs\":[\"https:\/\/x.com\/AnaxisAM\",\"https:\/\/linkedin.com\/company\/anaxis-am\"]},{\"@type\":\"Person\",\"@id\":\"https:\/\/anaxis-am.com\/fr\/#\/schema\/person\/8a0db0d83a76d63be8b28d8f9c61ad8b\",\"name\":\"Anaxis AM\",\"image\":{\"@type\":\"ImageObject\",\"inLanguage\":\"fr-FR\",\"@id\":\"https:\/\/anaxis-am.com\/fr\/#\/schema\/person\/image\/\",\"url\":\"https:\/\/secure.gravatar.com\/avatar\/9b2b1e71fb4cd0618bc19bc8834e65c991cd8dddc53838d094f6cfb94e23a13c?s=96&d=mm&r=g\",\"contentUrl\":\"https:\/\/secure.gravatar.com\/avatar\/9b2b1e71fb4cd0618bc19bc8834e65c991cd8dddc53838d094f6cfb94e23a13c?s=96&d=mm&r=g\",\"caption\":\"Anaxis AM\"},\"url\":\"https:\/\/anaxis-am.com\/fr\/author\/thibault-danquigny\/\"}]}<\/script>\n<!-- \/ Yoast SEO plugin. -->","yoast_head_json":{"title":"Anaxis apporte son soutien \u00e0 la lettre de l'IIGCC - Anaxis AM","robots":{"index":"index","follow":"follow","max-snippet":"max-snippet:-1","max-image-preview":"max-image-preview:large","max-video-preview":"max-video-preview:-1"},"canonical":"https:\/\/anaxis-am.com\/fr\/anaxis-apporte-son-soutien-a-la-lettre-de-liigcc\/","og_locale":"fr_FR","og_type":"article","og_title":"Anaxis apporte son soutien \u00e0 la lettre de l'IIGCC - Anaxis AM","og_description":"Cette lettre demande que le Trait\u00e9 de la charte sur l'\u00e9nergie soit compatible avec l'ambition europ\u00e9enne de z\u00e9ro \u00e9mission nette, en retirant les mentions qui obligeraient les Etats \u00e0 couvrir les investissements \u00e9trangers dans les \u00e9nergies fossiles rendus non-profitables \u00e0 cause des politiques nationales sur le climat.","og_url":"https:\/\/anaxis-am.com\/fr\/anaxis-apporte-son-soutien-a-la-lettre-de-liigcc\/","og_site_name":"Anaxis AM","article_published_time":"2020-12-23T15:01:00+00:00","article_modified_time":"2023-11-23T15:03:04+00:00","author":"Anaxis AM","twitter_card":"summary_large_image","twitter_creator":"@AnaxisAM","twitter_site":"@AnaxisAM","twitter_misc":{"\u00c9crit par":"Anaxis AM"},"schema":{"@context":"https:\/\/schema.org","@graph":[{"@type":"Article","@id":"https:\/\/anaxis-am.com\/fr\/anaxis-apporte-son-soutien-a-la-lettre-de-liigcc\/#article","isPartOf":{"@id":"https:\/\/anaxis-am.com\/fr\/anaxis-apporte-son-soutien-a-la-lettre-de-liigcc\/"},"author":{"name":"Anaxis AM","@id":"https:\/\/anaxis-am.com\/fr\/#\/schema\/person\/8a0db0d83a76d63be8b28d8f9c61ad8b"},"headline":"Anaxis apporte son soutien \u00e0 la lettre de l&rsquo;IIGCC","datePublished":"2020-12-23T15:01:00+00:00","dateModified":"2023-11-23T15:03:04+00:00","mainEntityOfPage":{"@id":"https:\/\/anaxis-am.com\/fr\/anaxis-apporte-son-soutien-a-la-lettre-de-liigcc\/"},"wordCount":76,"publisher":{"@id":"https:\/\/anaxis-am.com\/fr\/#organization"},"articleSection":["Politique ESG"],"inLanguage":"fr-FR"},{"@type":"WebPage","@id":"https:\/\/anaxis-am.com\/fr\/anaxis-apporte-son-soutien-a-la-lettre-de-liigcc\/","url":"https:\/\/anaxis-am.com\/fr\/anaxis-apporte-son-soutien-a-la-lettre-de-liigcc\/","name":"Anaxis apporte son soutien \u00e0 la lettre de l'IIGCC - Anaxis AM","isPartOf":{"@id":"https:\/\/anaxis-am.com\/fr\/#website"},"datePublished":"2020-12-23T15:01:00+00:00","dateModified":"2023-11-23T15:03:04+00:00","breadcrumb":{"@id":"https:\/\/anaxis-am.com\/fr\/anaxis-apporte-son-soutien-a-la-lettre-de-liigcc\/#breadcrumb"},"inLanguage":"fr-FR","potentialAction":[{"@type":"ReadAction","target":["https:\/\/anaxis-am.com\/fr\/anaxis-apporte-son-soutien-a-la-lettre-de-liigcc\/"]}]},{"@type":"BreadcrumbList","@id":"https:\/\/anaxis-am.com\/fr\/anaxis-apporte-son-soutien-a-la-lettre-de-liigcc\/#breadcrumb","itemListElement":[{"@type":"ListItem","position":1,"name":"Accueil","item":"https:\/\/anaxis-am.com\/fr\/"},{"@type":"ListItem","position":2,"name":"Anaxis apporte son soutien \u00e0 la lettre de l&rsquo;IIGCC"}]},{"@type":"WebSite","@id":"https:\/\/anaxis-am.com\/fr\/#website","url":"https:\/\/anaxis-am.com\/fr\/","name":"Anaxis AM","description":"Gestion d&#039;obligations corporate","publisher":{"@id":"https:\/\/anaxis-am.com\/fr\/#organization"},"potentialAction":[{"@type":"SearchAction","target":{"@type":"EntryPoint","urlTemplate":"https:\/\/anaxis-am.com\/fr\/?s={search_term_string}"},"query-input":{"@type":"PropertyValueSpecification","valueRequired":true,"valueName":"search_term_string"}}],"inLanguage":"fr-FR"},{"@type":"Organization","@id":"https:\/\/anaxis-am.com\/fr\/#organization","name":"Anaxis AM","url":"https:\/\/anaxis-am.com\/fr\/","logo":{"@type":"ImageObject","inLanguage":"fr-FR","@id":"https:\/\/anaxis-am.com\/fr\/#\/schema\/logo\/image\/","url":"https:\/\/anaxis-am.com\/wp-content\/uploads\/2023\/03\/logotype_02_noir.svg","contentUrl":"https:\/\/anaxis-am.com\/wp-content\/uploads\/2023\/03\/logotype_02_noir.svg","width":198,"height":107,"caption":"Anaxis AM"},"image":{"@id":"https:\/\/anaxis-am.com\/fr\/#\/schema\/logo\/image\/"},"sameAs":["https:\/\/x.com\/AnaxisAM","https:\/\/linkedin.com\/company\/anaxis-am"]},{"@type":"Person","@id":"https:\/\/anaxis-am.com\/fr\/#\/schema\/person\/8a0db0d83a76d63be8b28d8f9c61ad8b","name":"Anaxis AM","image":{"@type":"ImageObject","inLanguage":"fr-FR","@id":"https:\/\/anaxis-am.com\/fr\/#\/schema\/person\/image\/","url":"https:\/\/secure.gravatar.com\/avatar\/9b2b1e71fb4cd0618bc19bc8834e65c991cd8dddc53838d094f6cfb94e23a13c?s=96&d=mm&r=g","contentUrl":"https:\/\/secure.gravatar.com\/avatar\/9b2b1e71fb4cd0618bc19bc8834e65c991cd8dddc53838d094f6cfb94e23a13c?s=96&d=mm&r=g","caption":"Anaxis AM"},"url":"https:\/\/anaxis-am.com\/fr\/author\/thibault-danquigny\/"}]}},"_links":{"self":[{"href":"https:\/\/anaxis-am.com\/fr\/wp-json\/wp\/v2\/posts\/12688","targetHints":{"allow":["GET"]}}],"collection":[{"href":"https:\/\/anaxis-am.com\/fr\/wp-json\/wp\/v2\/posts"}],"about":[{"href":"https:\/\/anaxis-am.com\/fr\/wp-json\/wp\/v2\/types\/post"}],"author":[{"embeddable":true,"href":"https:\/\/anaxis-am.com\/fr\/wp-json\/wp\/v2\/users\/2"}],"replies":[{"embeddable":true,"href":"https:\/\/anaxis-am.com\/fr\/wp-json\/wp\/v2\/comments?post=12688"}],"version-history":[{"count":1,"href":"https:\/\/anaxis-am.com\/fr\/wp-json\/wp\/v2\/posts\/12688\/revisions"}],"predecessor-version":[{"id":12689,"href":"https:\/\/anaxis-am.com\/fr\/wp-json\/wp\/v2\/posts\/12688\/revisions\/12689"}],"wp:attachment":[{"href":"https:\/\/anaxis-am.com\/fr\/wp-json\/wp\/v2\/media?parent=12688"}],"wp:term":[{"taxonomy":"category","embeddable":true,"href":"https:\/\/anaxis-am.com\/fr\/wp-json\/wp\/v2\/categories?post=12688"},{"taxonomy":"post_tag","embeddable":true,"href":"https:\/\/anaxis-am.com\/fr\/wp-json\/wp\/v2\/tags?post=12688"}],"curies":[{"name":"wp","href":"https:\/\/api.w.org\/{rel}","templated":true}]}}