{"id":12253,"date":"2023-09-15T18:15:00","date_gmt":"2023-09-15T16:15:00","guid":{"rendered":"http:\/\/www.clgj9277.odns.fr\/?p=12253"},"modified":"2023-11-17T18:23:38","modified_gmt":"2023-11-17T16:23:38","slug":"credit-corporate-monthly-update-septembre-2023","status":"publish","type":"post","link":"https:\/\/anaxis-am.com\/fr\/credit-corporate-monthly-update-septembre-2023\/","title":{"rendered":"Credit Corporate Monthly Update &#8211; Septembre 2023"},"content":{"rendered":"\n<p>Le Credit Corporate Monthly Update d&rsquo;Anaxis pour le mois de septembre 2023 est d\u00e9sormais disponible. En voici les \u00e9l\u00e9ments cl\u00e9s :<\/p>\n\n\n\n<ul class=\"wp-block-list\">\n<li>Commentaire mensuel<\/li>\n\n\n\n<li>Entreprises en vue du mois (Standard Profil, Fage International et Georgia Capital)<\/li>\n\n\n\n<li>Principales nouvelles \u00e9missions sur le march\u00e9 primaire<\/li>\n\n\n\n<li>Publications de notation<\/li>\n\n\n\n<li>\u00c9v\u00e9nements macro-\u00e9conomiques du mois<\/li>\n\n\n\n<li>Indices de march\u00e9<\/li>\n\n\n\n<li>Chiffres de l\u2019inflation<\/li>\n\n\n\n<li>Spreads des obligations d\u2019entreprises<\/li>\n<\/ul>\n\n\n\n<p><\/p>\n\n\n\n<p><\/p>\n\n\n\n<div data-wp-interactive=\"core\/file\" class=\"wp-block-file\"><object data-wp-bind--hidden=\"!state.hasPdfPreview\" hidden class=\"wp-block-file__embed\" data=\"https:\/\/www.anaxis-am.com\/wp-content\/uploads\/2023\/11\/Anaxis-AM-Corporate-Credit-2309-FR.pdf\" type=\"application\/pdf\" style=\"width:100%;height:600px\" aria-label=\"Contenu embarqu\u00e9 Anaxis Credit Corporate Monthly Update - Septembre 2023.\"><\/object><a id=\"wp-block-file--media-68950a73-113d-4a5f-8e52-7593c18805b3\" href=\"https:\/\/www.anaxis-am.com\/wp-content\/uploads\/2023\/11\/Anaxis-AM-Corporate-Credit-2309-FR.pdf\" target=\"_blank\" rel=\"noreferrer noopener\">Anaxis Credit Corporate Monthly Update &#8211; Septembre 2023<\/a><a href=\"https:\/\/www.anaxis-am.com\/wp-content\/uploads\/2023\/11\/Anaxis-AM-Corporate-Credit-2309-FR.pdf\" class=\"wp-block-file__button wp-element-button\" download aria-describedby=\"wp-block-file--media-68950a73-113d-4a5f-8e52-7593c18805b3\">T\u00e9l\u00e9charger<\/a><\/div>\n","protected":false},"excerpt":{"rendered":"<p>L&rsquo;Europe reste confront\u00e9e \u00e0 un mix d\u00e9favorable entre faible croissance et pressions inflationnistes persistantes. Une<br \/>\nsituation \u00e0 deux vitesses se dessine cependant. Des pays comme la France et l\u2019Espagne b\u00e9n\u00e9ficient d\u2019une reprise, alors que<br \/>\nla plus grande \u00e9conomie de la zone,<\/p>\n","protected":false},"author":2,"featured_media":0,"comment_status":"closed","ping_status":"closed","sticky":false,"template":"elementor_theme","format":"standard","meta":{"footnotes":""},"categories":[54],"tags":[],"class_list":["post-12253","post","type-post","status-publish","format-standard","hentry","category-lettre-de-marche"],"acf":[],"yoast_head":"<!-- This site is optimized with the Yoast SEO plugin v25.1 - https:\/\/yoast.com\/wordpress\/plugins\/seo\/ -->\n<title>Credit Corporate Monthly Update - Septembre 2023 - Anaxis AM<\/title>\n<meta name=\"robots\" content=\"index, follow, max-snippet:-1, max-image-preview:large, max-video-preview:-1\" \/>\n<link rel=\"canonical\" href=\"https:\/\/anaxis-am.com\/fr\/credit-corporate-monthly-update-septembre-2023\/\" \/>\n<meta property=\"og:locale\" content=\"fr_FR\" \/>\n<meta property=\"og:type\" content=\"article\" \/>\n<meta property=\"og:title\" content=\"Credit Corporate Monthly Update - Septembre 2023 - Anaxis AM\" \/>\n<meta property=\"og:description\" content=\"L&#039;Europe reste confront\u00e9e \u00e0 un mix d\u00e9favorable entre faible croissance et pressions inflationnistes persistantes. Une situation \u00e0 deux vitesses se dessine cependant. Des pays comme la France et l\u2019Espagne b\u00e9n\u00e9ficient d\u2019une reprise, alors que la plus grande \u00e9conomie de la zone,\" \/>\n<meta property=\"og:url\" content=\"https:\/\/anaxis-am.com\/fr\/credit-corporate-monthly-update-septembre-2023\/\" \/>\n<meta property=\"og:site_name\" content=\"Anaxis AM\" \/>\n<meta property=\"article:published_time\" content=\"2023-09-15T16:15:00+00:00\" \/>\n<meta property=\"article:modified_time\" content=\"2023-11-17T16:23:38+00:00\" \/>\n<meta name=\"author\" content=\"Anaxis AM\" \/>\n<meta name=\"twitter:card\" content=\"summary_large_image\" \/>\n<meta name=\"twitter:creator\" content=\"@AnaxisAM\" \/>\n<meta name=\"twitter:site\" content=\"@AnaxisAM\" \/>\n<meta name=\"twitter:label1\" content=\"\u00c9crit par\" \/>\n\t<meta name=\"twitter:data1\" content=\"Anaxis AM\" \/>\n<script type=\"application\/ld+json\" class=\"yoast-schema-graph\">{\"@context\":\"https:\/\/schema.org\",\"@graph\":[{\"@type\":\"Article\",\"@id\":\"https:\/\/anaxis-am.com\/fr\/credit-corporate-monthly-update-septembre-2023\/#article\",\"isPartOf\":{\"@id\":\"https:\/\/anaxis-am.com\/fr\/credit-corporate-monthly-update-septembre-2023\/\"},\"author\":{\"name\":\"Anaxis AM\",\"@id\":\"https:\/\/anaxis-am.com\/fr\/#\/schema\/person\/8a0db0d83a76d63be8b28d8f9c61ad8b\"},\"headline\":\"Credit Corporate Monthly Update &#8211; Septembre 2023\",\"datePublished\":\"2023-09-15T16:15:00+00:00\",\"dateModified\":\"2023-11-17T16:23:38+00:00\",\"mainEntityOfPage\":{\"@id\":\"https:\/\/anaxis-am.com\/fr\/credit-corporate-monthly-update-septembre-2023\/\"},\"wordCount\":80,\"publisher\":{\"@id\":\"https:\/\/anaxis-am.com\/fr\/#organization\"},\"articleSection\":[\"Lettre de march\u00e9\"],\"inLanguage\":\"fr-FR\"},{\"@type\":\"WebPage\",\"@id\":\"https:\/\/anaxis-am.com\/fr\/credit-corporate-monthly-update-septembre-2023\/\",\"url\":\"https:\/\/anaxis-am.com\/fr\/credit-corporate-monthly-update-septembre-2023\/\",\"name\":\"Credit Corporate Monthly Update - Septembre 2023 - Anaxis AM\",\"isPartOf\":{\"@id\":\"https:\/\/anaxis-am.com\/fr\/#website\"},\"datePublished\":\"2023-09-15T16:15:00+00:00\",\"dateModified\":\"2023-11-17T16:23:38+00:00\",\"breadcrumb\":{\"@id\":\"https:\/\/anaxis-am.com\/fr\/credit-corporate-monthly-update-septembre-2023\/#breadcrumb\"},\"inLanguage\":\"fr-FR\",\"potentialAction\":[{\"@type\":\"ReadAction\",\"target\":[\"https:\/\/anaxis-am.com\/fr\/credit-corporate-monthly-update-septembre-2023\/\"]}]},{\"@type\":\"BreadcrumbList\",\"@id\":\"https:\/\/anaxis-am.com\/fr\/credit-corporate-monthly-update-septembre-2023\/#breadcrumb\",\"itemListElement\":[{\"@type\":\"ListItem\",\"position\":1,\"name\":\"Accueil\",\"item\":\"https:\/\/anaxis-am.com\/fr\/\"},{\"@type\":\"ListItem\",\"position\":2,\"name\":\"Credit Corporate Monthly Update &#8211; Septembre 2023\"}]},{\"@type\":\"WebSite\",\"@id\":\"https:\/\/anaxis-am.com\/fr\/#website\",\"url\":\"https:\/\/anaxis-am.com\/fr\/\",\"name\":\"Anaxis AM\",\"description\":\"Gestion d&#039;obligations corporate\",\"publisher\":{\"@id\":\"https:\/\/anaxis-am.com\/fr\/#organization\"},\"potentialAction\":[{\"@type\":\"SearchAction\",\"target\":{\"@type\":\"EntryPoint\",\"urlTemplate\":\"https:\/\/anaxis-am.com\/fr\/?s={search_term_string}\"},\"query-input\":{\"@type\":\"PropertyValueSpecification\",\"valueRequired\":true,\"valueName\":\"search_term_string\"}}],\"inLanguage\":\"fr-FR\"},{\"@type\":\"Organization\",\"@id\":\"https:\/\/anaxis-am.com\/fr\/#organization\",\"name\":\"Anaxis AM\",\"url\":\"https:\/\/anaxis-am.com\/fr\/\",\"logo\":{\"@type\":\"ImageObject\",\"inLanguage\":\"fr-FR\",\"@id\":\"https:\/\/anaxis-am.com\/fr\/#\/schema\/logo\/image\/\",\"url\":\"https:\/\/anaxis-am.com\/wp-content\/uploads\/2023\/03\/logotype_02_noir.svg\",\"contentUrl\":\"https:\/\/anaxis-am.com\/wp-content\/uploads\/2023\/03\/logotype_02_noir.svg\",\"width\":198,\"height\":107,\"caption\":\"Anaxis AM\"},\"image\":{\"@id\":\"https:\/\/anaxis-am.com\/fr\/#\/schema\/logo\/image\/\"},\"sameAs\":[\"https:\/\/x.com\/AnaxisAM\",\"https:\/\/linkedin.com\/company\/anaxis-am\"]},{\"@type\":\"Person\",\"@id\":\"https:\/\/anaxis-am.com\/fr\/#\/schema\/person\/8a0db0d83a76d63be8b28d8f9c61ad8b\",\"name\":\"Anaxis AM\",\"image\":{\"@type\":\"ImageObject\",\"inLanguage\":\"fr-FR\",\"@id\":\"https:\/\/anaxis-am.com\/fr\/#\/schema\/person\/image\/\",\"url\":\"https:\/\/secure.gravatar.com\/avatar\/9b2b1e71fb4cd0618bc19bc8834e65c991cd8dddc53838d094f6cfb94e23a13c?s=96&d=mm&r=g\",\"contentUrl\":\"https:\/\/secure.gravatar.com\/avatar\/9b2b1e71fb4cd0618bc19bc8834e65c991cd8dddc53838d094f6cfb94e23a13c?s=96&d=mm&r=g\",\"caption\":\"Anaxis AM\"},\"url\":\"https:\/\/anaxis-am.com\/fr\/author\/thibault-danquigny\/\"}]}<\/script>\n<!-- \/ Yoast SEO plugin. -->","yoast_head_json":{"title":"Credit Corporate Monthly Update - Septembre 2023 - Anaxis AM","robots":{"index":"index","follow":"follow","max-snippet":"max-snippet:-1","max-image-preview":"max-image-preview:large","max-video-preview":"max-video-preview:-1"},"canonical":"https:\/\/anaxis-am.com\/fr\/credit-corporate-monthly-update-septembre-2023\/","og_locale":"fr_FR","og_type":"article","og_title":"Credit Corporate Monthly Update - Septembre 2023 - Anaxis AM","og_description":"L'Europe reste confront\u00e9e \u00e0 un mix d\u00e9favorable entre faible croissance et pressions inflationnistes persistantes. Une situation \u00e0 deux vitesses se dessine cependant. Des pays comme la France et l\u2019Espagne b\u00e9n\u00e9ficient d\u2019une reprise, alors que la plus grande \u00e9conomie de la zone,","og_url":"https:\/\/anaxis-am.com\/fr\/credit-corporate-monthly-update-septembre-2023\/","og_site_name":"Anaxis AM","article_published_time":"2023-09-15T16:15:00+00:00","article_modified_time":"2023-11-17T16:23:38+00:00","author":"Anaxis AM","twitter_card":"summary_large_image","twitter_creator":"@AnaxisAM","twitter_site":"@AnaxisAM","twitter_misc":{"\u00c9crit par":"Anaxis AM"},"schema":{"@context":"https:\/\/schema.org","@graph":[{"@type":"Article","@id":"https:\/\/anaxis-am.com\/fr\/credit-corporate-monthly-update-septembre-2023\/#article","isPartOf":{"@id":"https:\/\/anaxis-am.com\/fr\/credit-corporate-monthly-update-septembre-2023\/"},"author":{"name":"Anaxis AM","@id":"https:\/\/anaxis-am.com\/fr\/#\/schema\/person\/8a0db0d83a76d63be8b28d8f9c61ad8b"},"headline":"Credit Corporate Monthly Update &#8211; Septembre 2023","datePublished":"2023-09-15T16:15:00+00:00","dateModified":"2023-11-17T16:23:38+00:00","mainEntityOfPage":{"@id":"https:\/\/anaxis-am.com\/fr\/credit-corporate-monthly-update-septembre-2023\/"},"wordCount":80,"publisher":{"@id":"https:\/\/anaxis-am.com\/fr\/#organization"},"articleSection":["Lettre de march\u00e9"],"inLanguage":"fr-FR"},{"@type":"WebPage","@id":"https:\/\/anaxis-am.com\/fr\/credit-corporate-monthly-update-septembre-2023\/","url":"https:\/\/anaxis-am.com\/fr\/credit-corporate-monthly-update-septembre-2023\/","name":"Credit Corporate Monthly Update - Septembre 2023 - Anaxis AM","isPartOf":{"@id":"https:\/\/anaxis-am.com\/fr\/#website"},"datePublished":"2023-09-15T16:15:00+00:00","dateModified":"2023-11-17T16:23:38+00:00","breadcrumb":{"@id":"https:\/\/anaxis-am.com\/fr\/credit-corporate-monthly-update-septembre-2023\/#breadcrumb"},"inLanguage":"fr-FR","potentialAction":[{"@type":"ReadAction","target":["https:\/\/anaxis-am.com\/fr\/credit-corporate-monthly-update-septembre-2023\/"]}]},{"@type":"BreadcrumbList","@id":"https:\/\/anaxis-am.com\/fr\/credit-corporate-monthly-update-septembre-2023\/#breadcrumb","itemListElement":[{"@type":"ListItem","position":1,"name":"Accueil","item":"https:\/\/anaxis-am.com\/fr\/"},{"@type":"ListItem","position":2,"name":"Credit Corporate Monthly Update &#8211; Septembre 2023"}]},{"@type":"WebSite","@id":"https:\/\/anaxis-am.com\/fr\/#website","url":"https:\/\/anaxis-am.com\/fr\/","name":"Anaxis AM","description":"Gestion d&#039;obligations corporate","publisher":{"@id":"https:\/\/anaxis-am.com\/fr\/#organization"},"potentialAction":[{"@type":"SearchAction","target":{"@type":"EntryPoint","urlTemplate":"https:\/\/anaxis-am.com\/fr\/?s={search_term_string}"},"query-input":{"@type":"PropertyValueSpecification","valueRequired":true,"valueName":"search_term_string"}}],"inLanguage":"fr-FR"},{"@type":"Organization","@id":"https:\/\/anaxis-am.com\/fr\/#organization","name":"Anaxis AM","url":"https:\/\/anaxis-am.com\/fr\/","logo":{"@type":"ImageObject","inLanguage":"fr-FR","@id":"https:\/\/anaxis-am.com\/fr\/#\/schema\/logo\/image\/","url":"https:\/\/anaxis-am.com\/wp-content\/uploads\/2023\/03\/logotype_02_noir.svg","contentUrl":"https:\/\/anaxis-am.com\/wp-content\/uploads\/2023\/03\/logotype_02_noir.svg","width":198,"height":107,"caption":"Anaxis AM"},"image":{"@id":"https:\/\/anaxis-am.com\/fr\/#\/schema\/logo\/image\/"},"sameAs":["https:\/\/x.com\/AnaxisAM","https:\/\/linkedin.com\/company\/anaxis-am"]},{"@type":"Person","@id":"https:\/\/anaxis-am.com\/fr\/#\/schema\/person\/8a0db0d83a76d63be8b28d8f9c61ad8b","name":"Anaxis AM","image":{"@type":"ImageObject","inLanguage":"fr-FR","@id":"https:\/\/anaxis-am.com\/fr\/#\/schema\/person\/image\/","url":"https:\/\/secure.gravatar.com\/avatar\/9b2b1e71fb4cd0618bc19bc8834e65c991cd8dddc53838d094f6cfb94e23a13c?s=96&d=mm&r=g","contentUrl":"https:\/\/secure.gravatar.com\/avatar\/9b2b1e71fb4cd0618bc19bc8834e65c991cd8dddc53838d094f6cfb94e23a13c?s=96&d=mm&r=g","caption":"Anaxis AM"},"url":"https:\/\/anaxis-am.com\/fr\/author\/thibault-danquigny\/"}]}},"_links":{"self":[{"href":"https:\/\/anaxis-am.com\/fr\/wp-json\/wp\/v2\/posts\/12253","targetHints":{"allow":["GET"]}}],"collection":[{"href":"https:\/\/anaxis-am.com\/fr\/wp-json\/wp\/v2\/posts"}],"about":[{"href":"https:\/\/anaxis-am.com\/fr\/wp-json\/wp\/v2\/types\/post"}],"author":[{"embeddable":true,"href":"https:\/\/anaxis-am.com\/fr\/wp-json\/wp\/v2\/users\/2"}],"replies":[{"embeddable":true,"href":"https:\/\/anaxis-am.com\/fr\/wp-json\/wp\/v2\/comments?post=12253"}],"version-history":[{"count":1,"href":"https:\/\/anaxis-am.com\/fr\/wp-json\/wp\/v2\/posts\/12253\/revisions"}],"predecessor-version":[{"id":12258,"href":"https:\/\/anaxis-am.com\/fr\/wp-json\/wp\/v2\/posts\/12253\/revisions\/12258"}],"wp:attachment":[{"href":"https:\/\/anaxis-am.com\/fr\/wp-json\/wp\/v2\/media?parent=12253"}],"wp:term":[{"taxonomy":"category","embeddable":true,"href":"https:\/\/anaxis-am.com\/fr\/wp-json\/wp\/v2\/categories?post=12253"},{"taxonomy":"post_tag","embeddable":true,"href":"https:\/\/anaxis-am.com\/fr\/wp-json\/wp\/v2\/tags?post=12253"}],"curies":[{"name":"wp","href":"https:\/\/api.w.org\/{rel}","templated":true}]}}