{"id":11029,"date":"2023-09-26T12:19:00","date_gmt":"2023-09-26T10:19:00","guid":{"rendered":"http:\/\/www.clgj9277.odns.fr\/?p=11029"},"modified":"2023-10-27T15:05:36","modified_gmt":"2023-10-27T13:05:36","slug":"webinaire-quel-positionnement-obligataire-privilegier-dans-un-contexte-stagflationniste","status":"publish","type":"post","link":"https:\/\/anaxis-am.com\/fr\/webinaire-quel-positionnement-obligataire-privilegier-dans-un-contexte-stagflationniste\/","title":{"rendered":"Webinaire \/ Quel positionnement obligataire privil\u00e9gier dans un contexte stagflationniste ?"},"content":{"rendered":"\n<p>Anaxis AM a le plaisir de vous inviter pour son webinaire :<\/p>\n\n\n\n<p><strong>Quel positionnement obligataire privil\u00e9gier dans un contexte stagflationniste ?<br>Anaxis Short Duration &amp; Anaxis Income Advantage<\/strong><\/p>\n\n\n\n<p>Le mardi 10 octobre \u00e0 15h<br>Dur\u00e9e : 30 minutes<\/p>\n\n\n\n<p>Inscription :\u00a0<a rel=\"noreferrer noopener\" href=\"https:\/\/form.jotform.com\/AnaxisAM\/inscription-webinaire-anaxis-10-oct\" target=\"_blank\"><mark style=\"background-color:rgba(0, 0, 0, 0)\" class=\"has-inline-color has-vivid-cyan-blue-color\">cliquez sur ce lien pour acc\u00e9der au formulaire<\/mark><\/a><br>ou par email \u00e0 info@anaxis-am.com<\/p>\n\n\n\n<p>Jean-Julien Goettmann, associ\u00e9 fondateur d&rsquo;Anaxis AM, Thibault Destr\u00e9s, directeur de la gestion obligataire, et Maximilien Vedie, g\u00e9rant obligataire, pr\u00e9senteront le positionnement d&rsquo;Anaxis pour cette fin d&rsquo;ann\u00e9e 2023, dans un environnement menac\u00e9 par la stagflation.<\/p>\n\n\n\n<h4 class=\"wp-block-heading\">Un environnement stagflationniste<\/h4>\n\n\n\n<p>Dans un contexte d&rsquo;inflation persistante, de tensions g\u00e9opolitiques grandissantes et de croissance atone, les march\u00e9s obligataires ont retrouv\u00e9 de l&rsquo;attrait gr\u00e2ce \u00e0 un portage cons\u00e9quent. Apr\u00e8s quarante ans de resserrement, les taux se sont envol\u00e9s ces deux derni\u00e8res ann\u00e9es, port\u00e9s par l&rsquo;action des banques centrales pour lutter contre l&rsquo;inflation. Dans le m\u00eame temps, les primes de cr\u00e9dit se sont \u00e9cart\u00e9es \u00e0 mesure que nos \u00e9conomies ralentissaient.<\/p>\n\n\n\n<h4 class=\"wp-block-heading\">Un positionnement adapt\u00e9 chez Anaxis<\/h4>\n\n\n\n<p>La duration, le risque de cr\u00e9dit, l&rsquo;allocation sectorielle et g\u00e9ographique sont autant de param\u00e8tres sur lesquels l&rsquo;investissement obligataire peut varier. Nous vous d\u00e9taillerons le positionnement qu&rsquo;Anaxis privil\u00e9gie en cette fin 2023, notamment \u00e0 travers deux fonds phares de notre gamme, Anaxis Short Duration et Anaxis Income Advantage.<\/p>\n\n\n\n<div style=\"height:20px\" aria-hidden=\"true\" class=\"wp-block-spacer\"><\/div>\n\n\n<div class=\"wp-block-image\">\n<figure class=\"aligncenter size-large\"><img fetchpriority=\"high\" decoding=\"async\" width=\"1024\" height=\"576\" src=\"https:\/\/www.anaxis-am.com\/wp-content\/uploads\/2023\/10\/Visuel-Linkedin-231010-FR-1024x576.jpg\" alt=\"\" class=\"wp-image-11030\" srcset=\"https:\/\/anaxis-am.com\/wp-content\/uploads\/2023\/10\/Visuel-Linkedin-231010-FR-1024x576.jpg 1024w, https:\/\/anaxis-am.com\/wp-content\/uploads\/2023\/10\/Visuel-Linkedin-231010-FR-300x169.jpg 300w, https:\/\/anaxis-am.com\/wp-content\/uploads\/2023\/10\/Visuel-Linkedin-231010-FR-768x432.jpg 768w, https:\/\/anaxis-am.com\/wp-content\/uploads\/2023\/10\/Visuel-Linkedin-231010-FR-1536x864.jpg 1536w, https:\/\/anaxis-am.com\/wp-content\/uploads\/2023\/10\/Visuel-Linkedin-231010-FR.jpg 1600w\" sizes=\"(max-width: 1024px) 100vw, 1024px\" \/><\/figure>\n<\/div>","protected":false},"excerpt":{"rendered":"<p>Anaxis AM a le plaisir de vous inviter pour son webinaire : Quel positionnement obligataire privil\u00e9gier dans un contexte stagflationniste ? Anaxis Short Duration &#038; Anaxis Income Advantage. Jean-Julien Goettmann, associ\u00e9 fondateur d&rsquo;Anaxis AM, Thibault Destr\u00e9s, directeur de la gestion obligataire, et Maximilien Vedie, g\u00e9rant obligataire, pr\u00e9senteront le positionnement d&rsquo;Anaxis<\/p>\n","protected":false},"author":1,"featured_media":0,"comment_status":"closed","ping_status":"closed","sticky":false,"template":"elementor_theme","format":"standard","meta":{"footnotes":""},"categories":[7],"tags":[],"class_list":["post-11029","post","type-post","status-publish","format-standard","hentry","category-evenements"],"acf":[],"yoast_head":"<!-- This site is optimized with the Yoast SEO plugin v25.1 - https:\/\/yoast.com\/wordpress\/plugins\/seo\/ -->\n<title>Webinaire \/ Quel positionnement obligataire privil\u00e9gier dans un contexte stagflationniste ? - Anaxis AM<\/title>\n<meta name=\"robots\" content=\"index, follow, max-snippet:-1, max-image-preview:large, max-video-preview:-1\" \/>\n<link rel=\"canonical\" href=\"https:\/\/anaxis-am.com\/fr\/webinaire-quel-positionnement-obligataire-privilegier-dans-un-contexte-stagflationniste\/\" \/>\n<meta property=\"og:locale\" content=\"fr_FR\" \/>\n<meta property=\"og:type\" content=\"article\" \/>\n<meta property=\"og:title\" content=\"Webinaire \/ Quel positionnement obligataire privil\u00e9gier dans un contexte stagflationniste ? - Anaxis AM\" \/>\n<meta property=\"og:description\" content=\"Anaxis AM a le plaisir de vous inviter pour son webinaire : Quel positionnement obligataire privil\u00e9gier dans un contexte stagflationniste ? Anaxis Short Duration &amp; Anaxis Income Advantage. Jean-Julien Goettmann, associ\u00e9 fondateur d&#039;Anaxis AM, Thibault Destr\u00e9s, directeur de la gestion obligataire, et Maximilien Vedie, g\u00e9rant obligataire, pr\u00e9senteront le positionnement d&#039;Anaxis\" \/>\n<meta property=\"og:url\" content=\"https:\/\/anaxis-am.com\/fr\/webinaire-quel-positionnement-obligataire-privilegier-dans-un-contexte-stagflationniste\/\" \/>\n<meta property=\"og:site_name\" content=\"Anaxis AM\" \/>\n<meta property=\"article:published_time\" content=\"2023-09-26T10:19:00+00:00\" \/>\n<meta property=\"article:modified_time\" content=\"2023-10-27T13:05:36+00:00\" \/>\n<meta property=\"og:image\" content=\"https:\/\/www.anaxis-am.com\/wp-content\/uploads\/2023\/10\/Visuel-Linkedin-231010-FR-1024x576.jpg\" \/>\n<meta name=\"author\" content=\"AnaxisAM\" \/>\n<meta name=\"twitter:card\" content=\"summary_large_image\" \/>\n<meta name=\"twitter:creator\" content=\"@AnaxisAM\" \/>\n<meta name=\"twitter:site\" content=\"@AnaxisAM\" \/>\n<meta name=\"twitter:label1\" content=\"\u00c9crit par\" \/>\n\t<meta name=\"twitter:data1\" content=\"AnaxisAM\" \/>\n\t<meta name=\"twitter:label2\" content=\"Dur\u00e9e de lecture estim\u00e9e\" \/>\n\t<meta name=\"twitter:data2\" content=\"1 minute\" \/>\n<script type=\"application\/ld+json\" class=\"yoast-schema-graph\">{\"@context\":\"https:\/\/schema.org\",\"@graph\":[{\"@type\":\"Article\",\"@id\":\"https:\/\/anaxis-am.com\/fr\/webinaire-quel-positionnement-obligataire-privilegier-dans-un-contexte-stagflationniste\/#article\",\"isPartOf\":{\"@id\":\"https:\/\/anaxis-am.com\/fr\/webinaire-quel-positionnement-obligataire-privilegier-dans-un-contexte-stagflationniste\/\"},\"author\":{\"name\":\"AnaxisAM\",\"@id\":\"https:\/\/anaxis-am.com\/fr\/#\/schema\/person\/3693d39385f248475b195921abd32f5b\"},\"headline\":\"Webinaire \/ Quel positionnement obligataire privil\u00e9gier dans un contexte stagflationniste ?\",\"datePublished\":\"2023-09-26T10:19:00+00:00\",\"dateModified\":\"2023-10-27T13:05:36+00:00\",\"mainEntityOfPage\":{\"@id\":\"https:\/\/anaxis-am.com\/fr\/webinaire-quel-positionnement-obligataire-privilegier-dans-un-contexte-stagflationniste\/\"},\"wordCount\":230,\"publisher\":{\"@id\":\"https:\/\/anaxis-am.com\/fr\/#organization\"},\"image\":{\"@id\":\"https:\/\/anaxis-am.com\/fr\/webinaire-quel-positionnement-obligataire-privilegier-dans-un-contexte-stagflationniste\/#primaryimage\"},\"thumbnailUrl\":\"https:\/\/www.anaxis-am.com\/wp-content\/uploads\/2023\/10\/Visuel-Linkedin-231010-FR-1024x576.jpg\",\"articleSection\":[\"\u00c9v\u00e9nements\"],\"inLanguage\":\"fr-FR\"},{\"@type\":\"WebPage\",\"@id\":\"https:\/\/anaxis-am.com\/fr\/webinaire-quel-positionnement-obligataire-privilegier-dans-un-contexte-stagflationniste\/\",\"url\":\"https:\/\/anaxis-am.com\/fr\/webinaire-quel-positionnement-obligataire-privilegier-dans-un-contexte-stagflationniste\/\",\"name\":\"Webinaire \/ Quel positionnement obligataire privil\u00e9gier dans un contexte stagflationniste ? - Anaxis AM\",\"isPartOf\":{\"@id\":\"https:\/\/anaxis-am.com\/fr\/#website\"},\"primaryImageOfPage\":{\"@id\":\"https:\/\/anaxis-am.com\/fr\/webinaire-quel-positionnement-obligataire-privilegier-dans-un-contexte-stagflationniste\/#primaryimage\"},\"image\":{\"@id\":\"https:\/\/anaxis-am.com\/fr\/webinaire-quel-positionnement-obligataire-privilegier-dans-un-contexte-stagflationniste\/#primaryimage\"},\"thumbnailUrl\":\"https:\/\/www.anaxis-am.com\/wp-content\/uploads\/2023\/10\/Visuel-Linkedin-231010-FR-1024x576.jpg\",\"datePublished\":\"2023-09-26T10:19:00+00:00\",\"dateModified\":\"2023-10-27T13:05:36+00:00\",\"breadcrumb\":{\"@id\":\"https:\/\/anaxis-am.com\/fr\/webinaire-quel-positionnement-obligataire-privilegier-dans-un-contexte-stagflationniste\/#breadcrumb\"},\"inLanguage\":\"fr-FR\",\"potentialAction\":[{\"@type\":\"ReadAction\",\"target\":[\"https:\/\/anaxis-am.com\/fr\/webinaire-quel-positionnement-obligataire-privilegier-dans-un-contexte-stagflationniste\/\"]}]},{\"@type\":\"ImageObject\",\"inLanguage\":\"fr-FR\",\"@id\":\"https:\/\/anaxis-am.com\/fr\/webinaire-quel-positionnement-obligataire-privilegier-dans-un-contexte-stagflationniste\/#primaryimage\",\"url\":\"https:\/\/www.anaxis-am.com\/wp-content\/uploads\/2023\/10\/Visuel-Linkedin-231010-FR-1024x576.jpg\",\"contentUrl\":\"https:\/\/www.anaxis-am.com\/wp-content\/uploads\/2023\/10\/Visuel-Linkedin-231010-FR-1024x576.jpg\"},{\"@type\":\"BreadcrumbList\",\"@id\":\"https:\/\/anaxis-am.com\/fr\/webinaire-quel-positionnement-obligataire-privilegier-dans-un-contexte-stagflationniste\/#breadcrumb\",\"itemListElement\":[{\"@type\":\"ListItem\",\"position\":1,\"name\":\"Accueil\",\"item\":\"https:\/\/anaxis-am.com\/fr\/\"},{\"@type\":\"ListItem\",\"position\":2,\"name\":\"Webinaire \/ Quel positionnement obligataire privil\u00e9gier dans un contexte stagflationniste ?\"}]},{\"@type\":\"WebSite\",\"@id\":\"https:\/\/anaxis-am.com\/fr\/#website\",\"url\":\"https:\/\/anaxis-am.com\/fr\/\",\"name\":\"Anaxis AM\",\"description\":\"Gestion d&#039;obligations corporate\",\"publisher\":{\"@id\":\"https:\/\/anaxis-am.com\/fr\/#organization\"},\"potentialAction\":[{\"@type\":\"SearchAction\",\"target\":{\"@type\":\"EntryPoint\",\"urlTemplate\":\"https:\/\/anaxis-am.com\/fr\/?s={search_term_string}\"},\"query-input\":{\"@type\":\"PropertyValueSpecification\",\"valueRequired\":true,\"valueName\":\"search_term_string\"}}],\"inLanguage\":\"fr-FR\"},{\"@type\":\"Organization\",\"@id\":\"https:\/\/anaxis-am.com\/fr\/#organization\",\"name\":\"Anaxis AM\",\"url\":\"https:\/\/anaxis-am.com\/fr\/\",\"logo\":{\"@type\":\"ImageObject\",\"inLanguage\":\"fr-FR\",\"@id\":\"https:\/\/anaxis-am.com\/fr\/#\/schema\/logo\/image\/\",\"url\":\"https:\/\/anaxis-am.com\/wp-content\/uploads\/2023\/03\/logotype_02_noir.svg\",\"contentUrl\":\"https:\/\/anaxis-am.com\/wp-content\/uploads\/2023\/03\/logotype_02_noir.svg\",\"width\":198,\"height\":107,\"caption\":\"Anaxis AM\"},\"image\":{\"@id\":\"https:\/\/anaxis-am.com\/fr\/#\/schema\/logo\/image\/\"},\"sameAs\":[\"https:\/\/x.com\/AnaxisAM\",\"https:\/\/linkedin.com\/company\/anaxis-am\"]},{\"@type\":\"Person\",\"@id\":\"https:\/\/anaxis-am.com\/fr\/#\/schema\/person\/3693d39385f248475b195921abd32f5b\",\"name\":\"AnaxisAM\",\"image\":{\"@type\":\"ImageObject\",\"inLanguage\":\"fr-FR\",\"@id\":\"https:\/\/anaxis-am.com\/fr\/#\/schema\/person\/image\/\",\"url\":\"https:\/\/secure.gravatar.com\/avatar\/86a9ab440a4eb7e6d9a3e117ee323254c980a8336bfd51cc939d2f01313c7f69?s=96&d=mm&r=g\",\"contentUrl\":\"https:\/\/secure.gravatar.com\/avatar\/86a9ab440a4eb7e6d9a3e117ee323254c980a8336bfd51cc939d2f01313c7f69?s=96&d=mm&r=g\",\"caption\":\"AnaxisAM\"},\"sameAs\":[\"https:\/\/www.anaxis-am.com\"],\"url\":\"https:\/\/anaxis-am.com\/fr\/author\/anaxisam\/\"}]}<\/script>\n<!-- \/ Yoast SEO plugin. -->","yoast_head_json":{"title":"Webinaire \/ Quel positionnement obligataire privil\u00e9gier dans un contexte stagflationniste ? - Anaxis AM","robots":{"index":"index","follow":"follow","max-snippet":"max-snippet:-1","max-image-preview":"max-image-preview:large","max-video-preview":"max-video-preview:-1"},"canonical":"https:\/\/anaxis-am.com\/fr\/webinaire-quel-positionnement-obligataire-privilegier-dans-un-contexte-stagflationniste\/","og_locale":"fr_FR","og_type":"article","og_title":"Webinaire \/ Quel positionnement obligataire privil\u00e9gier dans un contexte stagflationniste ? - Anaxis AM","og_description":"Anaxis AM a le plaisir de vous inviter pour son webinaire : Quel positionnement obligataire privil\u00e9gier dans un contexte stagflationniste ? Anaxis Short Duration & Anaxis Income Advantage. Jean-Julien Goettmann, associ\u00e9 fondateur d'Anaxis AM, Thibault Destr\u00e9s, directeur de la gestion obligataire, et Maximilien Vedie, g\u00e9rant obligataire, pr\u00e9senteront le positionnement d'Anaxis","og_url":"https:\/\/anaxis-am.com\/fr\/webinaire-quel-positionnement-obligataire-privilegier-dans-un-contexte-stagflationniste\/","og_site_name":"Anaxis AM","article_published_time":"2023-09-26T10:19:00+00:00","article_modified_time":"2023-10-27T13:05:36+00:00","og_image":[{"url":"https:\/\/www.anaxis-am.com\/wp-content\/uploads\/2023\/10\/Visuel-Linkedin-231010-FR-1024x576.jpg","type":"","width":"","height":""}],"author":"AnaxisAM","twitter_card":"summary_large_image","twitter_creator":"@AnaxisAM","twitter_site":"@AnaxisAM","twitter_misc":{"\u00c9crit par":"AnaxisAM","Dur\u00e9e de lecture estim\u00e9e":"1 minute"},"schema":{"@context":"https:\/\/schema.org","@graph":[{"@type":"Article","@id":"https:\/\/anaxis-am.com\/fr\/webinaire-quel-positionnement-obligataire-privilegier-dans-un-contexte-stagflationniste\/#article","isPartOf":{"@id":"https:\/\/anaxis-am.com\/fr\/webinaire-quel-positionnement-obligataire-privilegier-dans-un-contexte-stagflationniste\/"},"author":{"name":"AnaxisAM","@id":"https:\/\/anaxis-am.com\/fr\/#\/schema\/person\/3693d39385f248475b195921abd32f5b"},"headline":"Webinaire \/ Quel positionnement obligataire privil\u00e9gier dans un contexte stagflationniste ?","datePublished":"2023-09-26T10:19:00+00:00","dateModified":"2023-10-27T13:05:36+00:00","mainEntityOfPage":{"@id":"https:\/\/anaxis-am.com\/fr\/webinaire-quel-positionnement-obligataire-privilegier-dans-un-contexte-stagflationniste\/"},"wordCount":230,"publisher":{"@id":"https:\/\/anaxis-am.com\/fr\/#organization"},"image":{"@id":"https:\/\/anaxis-am.com\/fr\/webinaire-quel-positionnement-obligataire-privilegier-dans-un-contexte-stagflationniste\/#primaryimage"},"thumbnailUrl":"https:\/\/www.anaxis-am.com\/wp-content\/uploads\/2023\/10\/Visuel-Linkedin-231010-FR-1024x576.jpg","articleSection":["\u00c9v\u00e9nements"],"inLanguage":"fr-FR"},{"@type":"WebPage","@id":"https:\/\/anaxis-am.com\/fr\/webinaire-quel-positionnement-obligataire-privilegier-dans-un-contexte-stagflationniste\/","url":"https:\/\/anaxis-am.com\/fr\/webinaire-quel-positionnement-obligataire-privilegier-dans-un-contexte-stagflationniste\/","name":"Webinaire \/ Quel positionnement obligataire privil\u00e9gier dans un contexte stagflationniste ? - Anaxis AM","isPartOf":{"@id":"https:\/\/anaxis-am.com\/fr\/#website"},"primaryImageOfPage":{"@id":"https:\/\/anaxis-am.com\/fr\/webinaire-quel-positionnement-obligataire-privilegier-dans-un-contexte-stagflationniste\/#primaryimage"},"image":{"@id":"https:\/\/anaxis-am.com\/fr\/webinaire-quel-positionnement-obligataire-privilegier-dans-un-contexte-stagflationniste\/#primaryimage"},"thumbnailUrl":"https:\/\/www.anaxis-am.com\/wp-content\/uploads\/2023\/10\/Visuel-Linkedin-231010-FR-1024x576.jpg","datePublished":"2023-09-26T10:19:00+00:00","dateModified":"2023-10-27T13:05:36+00:00","breadcrumb":{"@id":"https:\/\/anaxis-am.com\/fr\/webinaire-quel-positionnement-obligataire-privilegier-dans-un-contexte-stagflationniste\/#breadcrumb"},"inLanguage":"fr-FR","potentialAction":[{"@type":"ReadAction","target":["https:\/\/anaxis-am.com\/fr\/webinaire-quel-positionnement-obligataire-privilegier-dans-un-contexte-stagflationniste\/"]}]},{"@type":"ImageObject","inLanguage":"fr-FR","@id":"https:\/\/anaxis-am.com\/fr\/webinaire-quel-positionnement-obligataire-privilegier-dans-un-contexte-stagflationniste\/#primaryimage","url":"https:\/\/www.anaxis-am.com\/wp-content\/uploads\/2023\/10\/Visuel-Linkedin-231010-FR-1024x576.jpg","contentUrl":"https:\/\/www.anaxis-am.com\/wp-content\/uploads\/2023\/10\/Visuel-Linkedin-231010-FR-1024x576.jpg"},{"@type":"BreadcrumbList","@id":"https:\/\/anaxis-am.com\/fr\/webinaire-quel-positionnement-obligataire-privilegier-dans-un-contexte-stagflationniste\/#breadcrumb","itemListElement":[{"@type":"ListItem","position":1,"name":"Accueil","item":"https:\/\/anaxis-am.com\/fr\/"},{"@type":"ListItem","position":2,"name":"Webinaire \/ Quel positionnement obligataire privil\u00e9gier dans un contexte stagflationniste ?"}]},{"@type":"WebSite","@id":"https:\/\/anaxis-am.com\/fr\/#website","url":"https:\/\/anaxis-am.com\/fr\/","name":"Anaxis AM","description":"Gestion d&#039;obligations corporate","publisher":{"@id":"https:\/\/anaxis-am.com\/fr\/#organization"},"potentialAction":[{"@type":"SearchAction","target":{"@type":"EntryPoint","urlTemplate":"https:\/\/anaxis-am.com\/fr\/?s={search_term_string}"},"query-input":{"@type":"PropertyValueSpecification","valueRequired":true,"valueName":"search_term_string"}}],"inLanguage":"fr-FR"},{"@type":"Organization","@id":"https:\/\/anaxis-am.com\/fr\/#organization","name":"Anaxis AM","url":"https:\/\/anaxis-am.com\/fr\/","logo":{"@type":"ImageObject","inLanguage":"fr-FR","@id":"https:\/\/anaxis-am.com\/fr\/#\/schema\/logo\/image\/","url":"https:\/\/anaxis-am.com\/wp-content\/uploads\/2023\/03\/logotype_02_noir.svg","contentUrl":"https:\/\/anaxis-am.com\/wp-content\/uploads\/2023\/03\/logotype_02_noir.svg","width":198,"height":107,"caption":"Anaxis AM"},"image":{"@id":"https:\/\/anaxis-am.com\/fr\/#\/schema\/logo\/image\/"},"sameAs":["https:\/\/x.com\/AnaxisAM","https:\/\/linkedin.com\/company\/anaxis-am"]},{"@type":"Person","@id":"https:\/\/anaxis-am.com\/fr\/#\/schema\/person\/3693d39385f248475b195921abd32f5b","name":"AnaxisAM","image":{"@type":"ImageObject","inLanguage":"fr-FR","@id":"https:\/\/anaxis-am.com\/fr\/#\/schema\/person\/image\/","url":"https:\/\/secure.gravatar.com\/avatar\/86a9ab440a4eb7e6d9a3e117ee323254c980a8336bfd51cc939d2f01313c7f69?s=96&d=mm&r=g","contentUrl":"https:\/\/secure.gravatar.com\/avatar\/86a9ab440a4eb7e6d9a3e117ee323254c980a8336bfd51cc939d2f01313c7f69?s=96&d=mm&r=g","caption":"AnaxisAM"},"sameAs":["https:\/\/www.anaxis-am.com"],"url":"https:\/\/anaxis-am.com\/fr\/author\/anaxisam\/"}]}},"_links":{"self":[{"href":"https:\/\/anaxis-am.com\/fr\/wp-json\/wp\/v2\/posts\/11029","targetHints":{"allow":["GET"]}}],"collection":[{"href":"https:\/\/anaxis-am.com\/fr\/wp-json\/wp\/v2\/posts"}],"about":[{"href":"https:\/\/anaxis-am.com\/fr\/wp-json\/wp\/v2\/types\/post"}],"author":[{"embeddable":true,"href":"https:\/\/anaxis-am.com\/fr\/wp-json\/wp\/v2\/users\/1"}],"replies":[{"embeddable":true,"href":"https:\/\/anaxis-am.com\/fr\/wp-json\/wp\/v2\/comments?post=11029"}],"version-history":[{"count":3,"href":"https:\/\/anaxis-am.com\/fr\/wp-json\/wp\/v2\/posts\/11029\/revisions"}],"predecessor-version":[{"id":11064,"href":"https:\/\/anaxis-am.com\/fr\/wp-json\/wp\/v2\/posts\/11029\/revisions\/11064"}],"wp:attachment":[{"href":"https:\/\/anaxis-am.com\/fr\/wp-json\/wp\/v2\/media?parent=11029"}],"wp:term":[{"taxonomy":"category","embeddable":true,"href":"https:\/\/anaxis-am.com\/fr\/wp-json\/wp\/v2\/categories?post=11029"},{"taxonomy":"post_tag","embeddable":true,"href":"https:\/\/anaxis-am.com\/fr\/wp-json\/wp\/v2\/tags?post=11029"}],"curies":[{"name":"wp","href":"https:\/\/api.w.org\/{rel}","templated":true}]}}