{"id":12659,"date":"2020-09-15T14:43:22","date_gmt":"2020-09-15T12:43:22","guid":{"rendered":"http:\/\/www.clgj9277.odns.fr\/target-2030\/"},"modified":"2023-11-23T16:46:54","modified_gmt":"2023-11-23T14:46:54","slug":"target-2030","status":"publish","type":"post","link":"https:\/\/anaxis-am.com\/en\/target-2030\/","title":{"rendered":"Target 2030"},"content":{"rendered":"\n<h3 class=\"wp-block-heading\">A necessary ambition<\/h3>\n\n\n\n<p>The European Union is preparing to set new objectives for reducing greenhouse gas emissions by 2030. Ursula von der Leyden, President of the Commission, is expected to announce them tomorrow in a critical State of the Union address.<\/p>\n\n\n\n<p>As a management company committed to climate transition, we support these additional efforts and support the demand of the IIGCC, of which we are a member, to reduce emissions by at least 55% by 2030 (compared to 1990 levels).<\/p>\n\n\n\n<p>We share the analysis that these efforts are essential for European competitiveness and growth and a sustainable economic rebound after the COVID-19 crisis, from which we are still suffering grave consequences.<\/p>\n\n\n\n<p>The objective suggested by the IIGCC is based on a report available at the following address: <a href=\"https:\/\/iigcc.us3.list-manage.com\/track\/click?u=1030c224ebb35f29a9dd89464&amp;id=cda236467d&amp;e=5f6500a161\" target=\"_blank\" rel=\"noreferrer noopener\"><mark style=\"background-color:rgba(0, 0, 0, 0)\" class=\"has-inline-color has-vivid-cyan-blue-color\">IIGCC_Report<\/mark><\/a>. This ambitious objective is necessary to limit global warming to 1.5\u00b0C. It must be seen as a crucial step towards the carbon neutrality targeted for 2050, following the recommendations of the IPCC (International Panel on Climate Change, under the aegis of the United Nations) and the European Green Deal plan. This step will provide additional visibility to the financial world and will guide far-reaching decisions for our shared future.<\/p>\n\n\n\n<h3 class=\"wp-block-heading\">A realistic ambition<\/h3>\n\n\n\n<p>Achieving the target of 55% by 2030 is possible with the wider use of mature technologies and accelerating the time to market of those under development. It is even possible to improve the target by combining new technologies and changing our behaviour in favour of a more modest lifestyle.<\/p>\n\n\n\n<p>The rapid development of renewable energies and the improvement of energy efficiency appear to be two powerful levers for European policies and two sources of sustainable economic growth. These efforts offer attractive profit prospects for investors while promoting employment.<\/p>\n\n\n\n<h3 class=\"wp-block-heading\">A committed manager and investor<\/h3>\n\n\n\n<p>Anaxis has implemented a voluntary policy to reduce the carbon intensity of its bond portfolios, which implies a gradual exit from the fossil fuel sector. The CO2 intensity of our management has been reduced by 24% in one year. We have no coal investments, and the other segments concerned represent less than 3% of assets under management.<\/p>\n\n\n\n<p>To go further, Anaxis has set a target of reducing the intensity of its portfolios by 7.5% per year between 2018 and 2028.<\/p>\n\n\n\n<p>Reacting to the European Commission\u2019s project and the IIGCC\u2019s initiative, Pierre Giai-Levra, President of Anaxis Asset Management, stated:<\/p>\n\n\n\n<p>\u201c<em>It is important for policymakers to know that their most ambitious decisions regarding ecological transition are supported by a large group of investors and managers. Setting a clear 10-year target will mark a milestone in the economic history of the Old Continent. For many of us, this objective carries more hope than constraints.\u201d<\/em><\/p>\n\n\n\n<div style=\"height:30px\" aria-hidden=\"true\" class=\"wp-block-spacer\"><\/div>\n\n\n<div class=\"wp-block-image is-style-rounded\">\n<figure class=\"aligncenter size-large\"><img fetchpriority=\"high\" decoding=\"async\" width=\"1024\" height=\"427\" src=\"https:\/\/www.anaxis-am.com\/wp-content\/uploads\/2023\/10\/Objectif-2030-Final-bis-1024x427.jpg\" alt=\"\" class=\"wp-image-10641\" srcset=\"https:\/\/anaxis-am.com\/wp-content\/uploads\/2023\/10\/Objectif-2030-Final-bis-1024x427.jpg 1024w, https:\/\/anaxis-am.com\/wp-content\/uploads\/2023\/10\/Objectif-2030-Final-bis-300x125.jpg 300w, https:\/\/anaxis-am.com\/wp-content\/uploads\/2023\/10\/Objectif-2030-Final-bis-768x320.jpg 768w, https:\/\/anaxis-am.com\/wp-content\/uploads\/2023\/10\/Objectif-2030-Final-bis.jpg 1200w\" sizes=\"(max-width: 1024px) 100vw, 1024px\" \/><\/figure>\n<\/div>","protected":false},"excerpt":{"rendered":"<p>The European Union is preparing to set new objectives for reducing greenhouse gas emissions by 2030. Ursula von der Leyden, President of the Commission, is expected to announce them tomorrow in a critical State of the Union address. En tant que soci\u00e9t\u00e9 de gestion engag\u00e9e en faveur de la transition climatique, nous soutenons ces efforts suppl\u00e9mentaires.<\/p>\n","protected":false},"author":1,"featured_media":0,"comment_status":"closed","ping_status":"open","sticky":false,"template":"elementor_theme","format":"standard","meta":{"footnotes":""},"categories":[76],"tags":[],"class_list":["post-12659","post","type-post","status-publish","format-standard","hentry","category-esg-policy"],"acf":[],"yoast_head":"<!-- This site is optimized with the Yoast SEO plugin v25.1 - https:\/\/yoast.com\/wordpress\/plugins\/seo\/ -->\n<title>Target 2030 - Anaxis AM<\/title>\n<meta name=\"robots\" content=\"index, follow, max-snippet:-1, max-image-preview:large, max-video-preview:-1\" \/>\n<link rel=\"canonical\" href=\"https:\/\/anaxis-am.com\/en\/target-2030\/\" \/>\n<meta property=\"og:locale\" content=\"en_US\" \/>\n<meta property=\"og:type\" content=\"article\" \/>\n<meta property=\"og:title\" content=\"Target 2030 - Anaxis AM\" \/>\n<meta property=\"og:description\" content=\"The European Union is preparing to set new objectives for reducing greenhouse gas emissions by 2030. Ursula von der Leyden, President of the Commission, is expected to announce them tomorrow in a critical State of the Union address. En tant que soci\u00e9t\u00e9 de gestion engag\u00e9e en faveur de la transition climatique, nous soutenons ces efforts suppl\u00e9mentaires.\" \/>\n<meta property=\"og:url\" content=\"https:\/\/anaxis-am.com\/en\/target-2030\/\" \/>\n<meta property=\"og:site_name\" content=\"Anaxis AM\" \/>\n<meta property=\"article:published_time\" content=\"2020-09-15T12:43:22+00:00\" \/>\n<meta property=\"article:modified_time\" content=\"2023-11-23T14:46:54+00:00\" \/>\n<meta property=\"og:image\" content=\"https:\/\/www.anaxis-am.com\/wp-content\/uploads\/2023\/10\/Objectif-2030-Final-bis-1024x427.jpg\" \/>\n<meta name=\"author\" content=\"AnaxisAM\" \/>\n<meta name=\"twitter:card\" content=\"summary_large_image\" \/>\n<meta name=\"twitter:creator\" content=\"@AnaxisAM\" \/>\n<meta name=\"twitter:site\" content=\"@AnaxisAM\" \/>\n<meta name=\"twitter:label1\" content=\"Written by\" \/>\n\t<meta name=\"twitter:data1\" content=\"AnaxisAM\" \/>\n\t<meta name=\"twitter:label2\" content=\"Est. reading time\" \/>\n\t<meta name=\"twitter:data2\" content=\"2 minutes\" \/>\n<script type=\"application\/ld+json\" class=\"yoast-schema-graph\">{\"@context\":\"https:\/\/schema.org\",\"@graph\":[{\"@type\":\"Article\",\"@id\":\"https:\/\/anaxis-am.com\/en\/target-2030\/#article\",\"isPartOf\":{\"@id\":\"https:\/\/anaxis-am.com\/en\/target-2030\/\"},\"author\":{\"name\":\"AnaxisAM\",\"@id\":\"https:\/\/anaxis-am.com\/fr\/#\/schema\/person\/3693d39385f248475b195921abd32f5b\"},\"headline\":\"Target 2030\",\"datePublished\":\"2020-09-15T12:43:22+00:00\",\"dateModified\":\"2023-11-23T14:46:54+00:00\",\"mainEntityOfPage\":{\"@id\":\"https:\/\/anaxis-am.com\/en\/target-2030\/\"},\"wordCount\":436,\"publisher\":{\"@id\":\"https:\/\/anaxis-am.com\/fr\/#organization\"},\"image\":{\"@id\":\"https:\/\/anaxis-am.com\/en\/target-2030\/#primaryimage\"},\"thumbnailUrl\":\"https:\/\/www.anaxis-am.com\/wp-content\/uploads\/2023\/10\/Objectif-2030-Final-bis-1024x427.jpg\",\"articleSection\":[\"ESG Policy\"],\"inLanguage\":\"en-US\"},{\"@type\":\"WebPage\",\"@id\":\"https:\/\/anaxis-am.com\/en\/target-2030\/\",\"url\":\"https:\/\/anaxis-am.com\/en\/target-2030\/\",\"name\":\"Target 2030 - Anaxis AM\",\"isPartOf\":{\"@id\":\"https:\/\/anaxis-am.com\/fr\/#website\"},\"primaryImageOfPage\":{\"@id\":\"https:\/\/anaxis-am.com\/en\/target-2030\/#primaryimage\"},\"image\":{\"@id\":\"https:\/\/anaxis-am.com\/en\/target-2030\/#primaryimage\"},\"thumbnailUrl\":\"https:\/\/www.anaxis-am.com\/wp-content\/uploads\/2023\/10\/Objectif-2030-Final-bis-1024x427.jpg\",\"datePublished\":\"2020-09-15T12:43:22+00:00\",\"dateModified\":\"2023-11-23T14:46:54+00:00\",\"breadcrumb\":{\"@id\":\"https:\/\/anaxis-am.com\/en\/target-2030\/#breadcrumb\"},\"inLanguage\":\"en-US\",\"potentialAction\":[{\"@type\":\"ReadAction\",\"target\":[\"https:\/\/anaxis-am.com\/en\/target-2030\/\"]}]},{\"@type\":\"ImageObject\",\"inLanguage\":\"en-US\",\"@id\":\"https:\/\/anaxis-am.com\/en\/target-2030\/#primaryimage\",\"url\":\"https:\/\/www.anaxis-am.com\/wp-content\/uploads\/2023\/10\/Objectif-2030-Final-bis-1024x427.jpg\",\"contentUrl\":\"https:\/\/www.anaxis-am.com\/wp-content\/uploads\/2023\/10\/Objectif-2030-Final-bis-1024x427.jpg\"},{\"@type\":\"BreadcrumbList\",\"@id\":\"https:\/\/anaxis-am.com\/en\/target-2030\/#breadcrumb\",\"itemListElement\":[{\"@type\":\"ListItem\",\"position\":1,\"name\":\"Accueil\",\"item\":\"https:\/\/anaxis-am.com\/en\/\"},{\"@type\":\"ListItem\",\"position\":2,\"name\":\"Target 2030\"}]},{\"@type\":\"WebSite\",\"@id\":\"https:\/\/anaxis-am.com\/fr\/#website\",\"url\":\"https:\/\/anaxis-am.com\/fr\/\",\"name\":\"Anaxis AM\",\"description\":\"Gestion d&#039;obligations corporate\",\"publisher\":{\"@id\":\"https:\/\/anaxis-am.com\/fr\/#organization\"},\"potentialAction\":[{\"@type\":\"SearchAction\",\"target\":{\"@type\":\"EntryPoint\",\"urlTemplate\":\"https:\/\/anaxis-am.com\/fr\/?s={search_term_string}\"},\"query-input\":{\"@type\":\"PropertyValueSpecification\",\"valueRequired\":true,\"valueName\":\"search_term_string\"}}],\"inLanguage\":\"en-US\"},{\"@type\":\"Organization\",\"@id\":\"https:\/\/anaxis-am.com\/fr\/#organization\",\"name\":\"Anaxis AM\",\"url\":\"https:\/\/anaxis-am.com\/fr\/\",\"logo\":{\"@type\":\"ImageObject\",\"inLanguage\":\"en-US\",\"@id\":\"https:\/\/anaxis-am.com\/fr\/#\/schema\/logo\/image\/\",\"url\":\"https:\/\/anaxis-am.com\/wp-content\/uploads\/2023\/03\/logotype_02_noir.svg\",\"contentUrl\":\"https:\/\/anaxis-am.com\/wp-content\/uploads\/2023\/03\/logotype_02_noir.svg\",\"width\":198,\"height\":107,\"caption\":\"Anaxis AM\"},\"image\":{\"@id\":\"https:\/\/anaxis-am.com\/fr\/#\/schema\/logo\/image\/\"},\"sameAs\":[\"https:\/\/x.com\/AnaxisAM\",\"https:\/\/linkedin.com\/company\/anaxis-am\"]},{\"@type\":\"Person\",\"@id\":\"https:\/\/anaxis-am.com\/fr\/#\/schema\/person\/3693d39385f248475b195921abd32f5b\",\"name\":\"AnaxisAM\",\"image\":{\"@type\":\"ImageObject\",\"inLanguage\":\"en-US\",\"@id\":\"https:\/\/anaxis-am.com\/fr\/#\/schema\/person\/image\/\",\"url\":\"https:\/\/secure.gravatar.com\/avatar\/86a9ab440a4eb7e6d9a3e117ee323254c980a8336bfd51cc939d2f01313c7f69?s=96&d=mm&r=g\",\"contentUrl\":\"https:\/\/secure.gravatar.com\/avatar\/86a9ab440a4eb7e6d9a3e117ee323254c980a8336bfd51cc939d2f01313c7f69?s=96&d=mm&r=g\",\"caption\":\"AnaxisAM\"},\"sameAs\":[\"https:\/\/www.anaxis-am.com\"],\"url\":\"https:\/\/anaxis-am.com\/en\/author\/anaxisam\/\"}]}<\/script>\n<!-- \/ Yoast SEO plugin. -->","yoast_head_json":{"title":"Target 2030 - Anaxis AM","robots":{"index":"index","follow":"follow","max-snippet":"max-snippet:-1","max-image-preview":"max-image-preview:large","max-video-preview":"max-video-preview:-1"},"canonical":"https:\/\/anaxis-am.com\/en\/target-2030\/","og_locale":"en_US","og_type":"article","og_title":"Target 2030 - Anaxis AM","og_description":"The European Union is preparing to set new objectives for reducing greenhouse gas emissions by 2030. Ursula von der Leyden, President of the Commission, is expected to announce them tomorrow in a critical State of the Union address. En tant que soci\u00e9t\u00e9 de gestion engag\u00e9e en faveur de la transition climatique, nous soutenons ces efforts suppl\u00e9mentaires.","og_url":"https:\/\/anaxis-am.com\/en\/target-2030\/","og_site_name":"Anaxis AM","article_published_time":"2020-09-15T12:43:22+00:00","article_modified_time":"2023-11-23T14:46:54+00:00","og_image":[{"url":"https:\/\/www.anaxis-am.com\/wp-content\/uploads\/2023\/10\/Objectif-2030-Final-bis-1024x427.jpg","type":"","width":"","height":""}],"author":"AnaxisAM","twitter_card":"summary_large_image","twitter_creator":"@AnaxisAM","twitter_site":"@AnaxisAM","twitter_misc":{"Written by":"AnaxisAM","Est. reading time":"2 minutes"},"schema":{"@context":"https:\/\/schema.org","@graph":[{"@type":"Article","@id":"https:\/\/anaxis-am.com\/en\/target-2030\/#article","isPartOf":{"@id":"https:\/\/anaxis-am.com\/en\/target-2030\/"},"author":{"name":"AnaxisAM","@id":"https:\/\/anaxis-am.com\/fr\/#\/schema\/person\/3693d39385f248475b195921abd32f5b"},"headline":"Target 2030","datePublished":"2020-09-15T12:43:22+00:00","dateModified":"2023-11-23T14:46:54+00:00","mainEntityOfPage":{"@id":"https:\/\/anaxis-am.com\/en\/target-2030\/"},"wordCount":436,"publisher":{"@id":"https:\/\/anaxis-am.com\/fr\/#organization"},"image":{"@id":"https:\/\/anaxis-am.com\/en\/target-2030\/#primaryimage"},"thumbnailUrl":"https:\/\/www.anaxis-am.com\/wp-content\/uploads\/2023\/10\/Objectif-2030-Final-bis-1024x427.jpg","articleSection":["ESG Policy"],"inLanguage":"en-US"},{"@type":"WebPage","@id":"https:\/\/anaxis-am.com\/en\/target-2030\/","url":"https:\/\/anaxis-am.com\/en\/target-2030\/","name":"Target 2030 - Anaxis AM","isPartOf":{"@id":"https:\/\/anaxis-am.com\/fr\/#website"},"primaryImageOfPage":{"@id":"https:\/\/anaxis-am.com\/en\/target-2030\/#primaryimage"},"image":{"@id":"https:\/\/anaxis-am.com\/en\/target-2030\/#primaryimage"},"thumbnailUrl":"https:\/\/www.anaxis-am.com\/wp-content\/uploads\/2023\/10\/Objectif-2030-Final-bis-1024x427.jpg","datePublished":"2020-09-15T12:43:22+00:00","dateModified":"2023-11-23T14:46:54+00:00","breadcrumb":{"@id":"https:\/\/anaxis-am.com\/en\/target-2030\/#breadcrumb"},"inLanguage":"en-US","potentialAction":[{"@type":"ReadAction","target":["https:\/\/anaxis-am.com\/en\/target-2030\/"]}]},{"@type":"ImageObject","inLanguage":"en-US","@id":"https:\/\/anaxis-am.com\/en\/target-2030\/#primaryimage","url":"https:\/\/www.anaxis-am.com\/wp-content\/uploads\/2023\/10\/Objectif-2030-Final-bis-1024x427.jpg","contentUrl":"https:\/\/www.anaxis-am.com\/wp-content\/uploads\/2023\/10\/Objectif-2030-Final-bis-1024x427.jpg"},{"@type":"BreadcrumbList","@id":"https:\/\/anaxis-am.com\/en\/target-2030\/#breadcrumb","itemListElement":[{"@type":"ListItem","position":1,"name":"Accueil","item":"https:\/\/anaxis-am.com\/en\/"},{"@type":"ListItem","position":2,"name":"Target 2030"}]},{"@type":"WebSite","@id":"https:\/\/anaxis-am.com\/fr\/#website","url":"https:\/\/anaxis-am.com\/fr\/","name":"Anaxis AM","description":"Gestion d&#039;obligations corporate","publisher":{"@id":"https:\/\/anaxis-am.com\/fr\/#organization"},"potentialAction":[{"@type":"SearchAction","target":{"@type":"EntryPoint","urlTemplate":"https:\/\/anaxis-am.com\/fr\/?s={search_term_string}"},"query-input":{"@type":"PropertyValueSpecification","valueRequired":true,"valueName":"search_term_string"}}],"inLanguage":"en-US"},{"@type":"Organization","@id":"https:\/\/anaxis-am.com\/fr\/#organization","name":"Anaxis AM","url":"https:\/\/anaxis-am.com\/fr\/","logo":{"@type":"ImageObject","inLanguage":"en-US","@id":"https:\/\/anaxis-am.com\/fr\/#\/schema\/logo\/image\/","url":"https:\/\/anaxis-am.com\/wp-content\/uploads\/2023\/03\/logotype_02_noir.svg","contentUrl":"https:\/\/anaxis-am.com\/wp-content\/uploads\/2023\/03\/logotype_02_noir.svg","width":198,"height":107,"caption":"Anaxis AM"},"image":{"@id":"https:\/\/anaxis-am.com\/fr\/#\/schema\/logo\/image\/"},"sameAs":["https:\/\/x.com\/AnaxisAM","https:\/\/linkedin.com\/company\/anaxis-am"]},{"@type":"Person","@id":"https:\/\/anaxis-am.com\/fr\/#\/schema\/person\/3693d39385f248475b195921abd32f5b","name":"AnaxisAM","image":{"@type":"ImageObject","inLanguage":"en-US","@id":"https:\/\/anaxis-am.com\/fr\/#\/schema\/person\/image\/","url":"https:\/\/secure.gravatar.com\/avatar\/86a9ab440a4eb7e6d9a3e117ee323254c980a8336bfd51cc939d2f01313c7f69?s=96&d=mm&r=g","contentUrl":"https:\/\/secure.gravatar.com\/avatar\/86a9ab440a4eb7e6d9a3e117ee323254c980a8336bfd51cc939d2f01313c7f69?s=96&d=mm&r=g","caption":"AnaxisAM"},"sameAs":["https:\/\/www.anaxis-am.com"],"url":"https:\/\/anaxis-am.com\/en\/author\/anaxisam\/"}]}},"_links":{"self":[{"href":"https:\/\/anaxis-am.com\/en\/wp-json\/wp\/v2\/posts\/12659","targetHints":{"allow":["GET"]}}],"collection":[{"href":"https:\/\/anaxis-am.com\/en\/wp-json\/wp\/v2\/posts"}],"about":[{"href":"https:\/\/anaxis-am.com\/en\/wp-json\/wp\/v2\/types\/post"}],"author":[{"embeddable":true,"href":"https:\/\/anaxis-am.com\/en\/wp-json\/wp\/v2\/users\/1"}],"replies":[{"embeddable":true,"href":"https:\/\/anaxis-am.com\/en\/wp-json\/wp\/v2\/comments?post=12659"}],"version-history":[{"count":2,"href":"https:\/\/anaxis-am.com\/en\/wp-json\/wp\/v2\/posts\/12659\/revisions"}],"predecessor-version":[{"id":12675,"href":"https:\/\/anaxis-am.com\/en\/wp-json\/wp\/v2\/posts\/12659\/revisions\/12675"}],"wp:attachment":[{"href":"https:\/\/anaxis-am.com\/en\/wp-json\/wp\/v2\/media?parent=12659"}],"wp:term":[{"taxonomy":"category","embeddable":true,"href":"https:\/\/anaxis-am.com\/en\/wp-json\/wp\/v2\/categories?post=12659"},{"taxonomy":"post_tag","embeddable":true,"href":"https:\/\/anaxis-am.com\/en\/wp-json\/wp\/v2\/tags?post=12659"}],"curies":[{"name":"wp","href":"https:\/\/api.w.org\/{rel}","templated":true}]}}