{"id":18821,"date":"2026-01-09T13:37:01","date_gmt":"2026-01-09T12:37:01","guid":{"rendered":"https:\/\/anaxis-am.com\/das-team-von-anaxis-am-wuenscht-ihnen-ein-frohes-neues-jahr-2026\/"},"modified":"2026-01-12T14:00:36","modified_gmt":"2026-01-12T13:00:36","slug":"das-team-von-anaxis-am-wuenscht-ihnen-ein-frohes-neues-jahr-2026","status":"publish","type":"post","link":"https:\/\/anaxis-am.com\/de\/das-team-von-anaxis-am-wuenscht-ihnen-ein-frohes-neues-jahr-2026\/","title":{"rendered":"Das Team von Anaxis AM w\u00fcnscht Ihnen ein frohes neues Jahr 2026!"},"content":{"rendered":"\n<p>\ud83d\udcc8 Das Jahr 2025 war f\u00fcr Anaxis von einem wichtigen Meilenstein gepr\u00e4gt: dem \u00dcberschreiten der Marke von einer Milliarde Euro an verwaltetem Verm\u00f6gen. Dieses Wachstum ist sowohl auf unsere Managementkompetenz zur\u00fcckzuf\u00fchren, die sich in soliden Wertentwicklungen aller unserer Fonds widerspiegelt, als auch wie in den letzten Jahren auf starke Mittelzufl\u00fcsse. Wir m\u00f6chten unseren Partnern und Kunden ganz herzlich f\u00fcr ihr Vertrauen danken.   <\/p>\n\n\n\n<h4 class=\"wp-block-heading\">St\u00e4rkung des Produktangebots und Wachstum der verwalteten Verm\u00f6gen<\/h4>\n\n\n\n<p>\ud83d\udca1 Was unser Angebot betrifft, so hatten wir das Vergn\u00fcgen, eine neue Laufzeit innerhalb unserer Palette von Laufzeitfonds einzuf\u00fchren, den Diversified Bond Opp. 2029. Unser aktiv verwalteter Fonds Anaxis Income Advantage verzeichnete eine sehr positive Entwicklung und konnte sein verwaltetes Verm\u00f6gen in den letzten 18 Monaten verdoppeln. Auf kommerzieller Ebene haben wir unsere Pr\u00e4senz in unseren Schl\u00fcsselm\u00e4rkten durch zahlreiche Veranstaltungen und Treffen mit unseren Partnern weiter ausgebaut.  <\/p>\n\n\n\n<h4 class=\"wp-block-heading\">Ein nachhaltig starkes Engagement f\u00fcr ESG<\/h4>\n\n\n\n<p>\ud83c\udf33 Im Hinblick auf nachhaltiges Investieren haben wir die CO2-Intensit\u00e4t unserer Portfolios weiter reduziert. Wir setzen uns weiterhin f\u00fcr eine nachhaltigere Welt ein, durch unser gemeinsames Engagement und unsere Partnerschaft mit der Epic Foundation, die wir finanziell durch ihre Vielfalt an Vereinigungen zur Erhaltung der Umwelt und zuk\u00fcnftiger Generationen unterst\u00fctzen. Im Hinblick auf die Verbesserung unseres Ansatzes lag der Schwerpunkt auf Biodiversit\u00e4ts- und Klimarisiken. Durch unsere Teilnahme an \u201eTime to Change\u201d sowie unseren gemeinsam mit Af2i organisierten Workshop konnten wir unseren nachhaltigen Kreditansatz n\u00e4her vorstellen.    <\/p>\n\n\n\n<h4 class=\"wp-block-heading\">2026 \u2013 unseren Werten treu<\/h4>\n\n\n\n<p>\u23e9\ufe0f Getreu unseren Werten gehen wir mit denselben Leitprinzipien in das Jahr 2026: robuste und diversifizierte Portfolios in einem Umfeld, in dem die Anleihem\u00e4rkte attraktive Renditen bieten, ein Team, das Ihnen jederzeit zur Verf\u00fcgung steht, und ein aufrichtiges und ehrgeiziges Engagement f\u00fcr ESG-Themen, um gemeinsam weiterhin eine sorgenfreie Zukunft aufzubauen. <\/p>\n\n\n\n<div style=\"height:30px\" aria-hidden=\"true\" class=\"wp-block-spacer\"><\/div>\n\n\n\n<figure class=\"wp-block-image size-large\"><img fetchpriority=\"high\" decoding=\"async\" width=\"960\" height=\"1024\" src=\"https:\/\/anaxis-am.com\/wp-content\/uploads\/2026\/01\/Carte-de-voeux-ter-DE-960x1024.jpg\" alt=\"\" class=\"wp-image-18830\" srcset=\"https:\/\/anaxis-am.com\/wp-content\/uploads\/2026\/01\/Carte-de-voeux-ter-DE-960x1024.jpg 960w, https:\/\/anaxis-am.com\/wp-content\/uploads\/2026\/01\/Carte-de-voeux-ter-DE-281x300.jpg 281w, https:\/\/anaxis-am.com\/wp-content\/uploads\/2026\/01\/Carte-de-voeux-ter-DE-768x819.jpg 768w, https:\/\/anaxis-am.com\/wp-content\/uploads\/2026\/01\/Carte-de-voeux-ter-DE-1440x1536.jpg 1440w, https:\/\/anaxis-am.com\/wp-content\/uploads\/2026\/01\/Carte-de-voeux-ter-DE.jpg 1875w\" sizes=\"(max-width: 960px) 100vw, 960px\" \/><\/figure>\n\n\n\n<p><\/p>\n","protected":false},"excerpt":{"rendered":"<p>Das Jahr 2025 war f\u00fcr Anaxis von einem wichtigen Meilenstein gepr\u00e4gt: dem \u00dcberschreiten der Marke von einer Milliarde Euro an verwaltetem Verm\u00f6gen. Dieses Wachstum ist sowohl auf unsere Managementkompetenz zur\u00fcckzuf\u00fchren, die sich in soliden Wertentwicklungen aller unserer Fonds widerspiegelt  <\/p>\n","protected":false},"author":2,"featured_media":0,"comment_status":"closed","ping_status":"closed","sticky":false,"template":"elementor_theme","format":"standard","meta":{"footnotes":""},"categories":[],"tags":[],"class_list":["post-18821","post","type-post","status-publish","format-standard","hentry"],"acf":[],"yoast_head":"<!-- This site is optimized with the Yoast SEO plugin v25.1 - https:\/\/yoast.com\/wordpress\/plugins\/seo\/ -->\n<title>Das Team von Anaxis AM w\u00fcnscht Ihnen ein frohes neues Jahr 2026! - Anaxis AM<\/title>\n<meta name=\"description\" content=\"Das Jahr 2025 war f\u00fcr Anaxis von einem wichtigen Meilenstein gepr\u00e4gt: dem \u00dcberschreiten der Marke von einer Milliarde Euro an verwaltetem Verm\u00f6gen. Dieses Wachstum ist sowohl auf unsere Managementkompetenz zur\u00fcckzuf\u00fchren, die sich in soliden Wertentwicklungen aller unserer Fonds widerspiegelt.\" \/>\n<meta name=\"robots\" content=\"index, follow, max-snippet:-1, max-image-preview:large, max-video-preview:-1\" \/>\n<link rel=\"canonical\" href=\"https:\/\/anaxis-am.com\/de\/das-team-von-anaxis-am-wuenscht-ihnen-ein-frohes-neues-jahr-2026\/\" \/>\n<meta property=\"og:locale\" content=\"de_DE\" \/>\n<meta property=\"og:type\" content=\"article\" \/>\n<meta property=\"og:title\" content=\"Das Team von Anaxis AM w\u00fcnscht Ihnen ein frohes neues Jahr 2026! - Anaxis AM\" \/>\n<meta property=\"og:description\" content=\"Das Jahr 2025 war f\u00fcr Anaxis von einem wichtigen Meilenstein gepr\u00e4gt: dem \u00dcberschreiten der Marke von einer Milliarde Euro an verwaltetem Verm\u00f6gen. Dieses Wachstum ist sowohl auf unsere Managementkompetenz zur\u00fcckzuf\u00fchren, die sich in soliden Wertentwicklungen aller unserer Fonds widerspiegelt.\" \/>\n<meta property=\"og:url\" content=\"https:\/\/anaxis-am.com\/de\/das-team-von-anaxis-am-wuenscht-ihnen-ein-frohes-neues-jahr-2026\/\" \/>\n<meta property=\"og:site_name\" content=\"Anaxis AM\" \/>\n<meta property=\"article:published_time\" content=\"2026-01-09T12:37:01+00:00\" \/>\n<meta property=\"article:modified_time\" content=\"2026-01-12T13:00:36+00:00\" \/>\n<meta property=\"og:image\" content=\"https:\/\/anaxis-am.com\/wp-content\/uploads\/2026\/01\/Carte-de-voeux-ter-DE.jpg\" \/>\n\t<meta property=\"og:image:width\" content=\"1875\" \/>\n\t<meta property=\"og:image:height\" content=\"2000\" \/>\n\t<meta property=\"og:image:type\" content=\"image\/jpeg\" \/>\n<meta name=\"author\" content=\"Anaxis AM\" \/>\n<meta name=\"twitter:card\" content=\"summary_large_image\" \/>\n<meta name=\"twitter:creator\" content=\"@AnaxisAM\" \/>\n<meta name=\"twitter:site\" content=\"@AnaxisAM\" \/>\n<meta name=\"twitter:label1\" content=\"Verfasst von\" \/>\n\t<meta name=\"twitter:data1\" content=\"Anaxis AM\" \/>\n\t<meta name=\"twitter:label2\" content=\"Gesch\u00e4tzte Lesezeit\" \/>\n\t<meta name=\"twitter:data2\" content=\"2\u00a0Minuten\" \/>\n<script type=\"application\/ld+json\" class=\"yoast-schema-graph\">{\"@context\":\"https:\/\/schema.org\",\"@graph\":[{\"@type\":\"Article\",\"@id\":\"https:\/\/anaxis-am.com\/de\/das-team-von-anaxis-am-wuenscht-ihnen-ein-frohes-neues-jahr-2026\/#article\",\"isPartOf\":{\"@id\":\"https:\/\/anaxis-am.com\/de\/das-team-von-anaxis-am-wuenscht-ihnen-ein-frohes-neues-jahr-2026\/\"},\"author\":{\"name\":\"Anaxis AM\",\"@id\":\"https:\/\/anaxis-am.com\/fr\/#\/schema\/person\/8a0db0d83a76d63be8b28d8f9c61ad8b\"},\"headline\":\"Das Team von Anaxis AM w\u00fcnscht Ihnen ein frohes neues Jahr 2026!\",\"datePublished\":\"2026-01-09T12:37:01+00:00\",\"dateModified\":\"2026-01-12T13:00:36+00:00\",\"mainEntityOfPage\":{\"@id\":\"https:\/\/anaxis-am.com\/de\/das-team-von-anaxis-am-wuenscht-ihnen-ein-frohes-neues-jahr-2026\/\"},\"wordCount\":313,\"publisher\":{\"@id\":\"https:\/\/anaxis-am.com\/fr\/#organization\"},\"image\":{\"@id\":\"https:\/\/anaxis-am.com\/de\/das-team-von-anaxis-am-wuenscht-ihnen-ein-frohes-neues-jahr-2026\/#primaryimage\"},\"thumbnailUrl\":\"https:\/\/anaxis-am.com\/wp-content\/uploads\/2026\/01\/Carte-de-voeux-ter-DE-960x1024.jpg\",\"inLanguage\":\"de\"},{\"@type\":\"WebPage\",\"@id\":\"https:\/\/anaxis-am.com\/de\/das-team-von-anaxis-am-wuenscht-ihnen-ein-frohes-neues-jahr-2026\/\",\"url\":\"https:\/\/anaxis-am.com\/de\/das-team-von-anaxis-am-wuenscht-ihnen-ein-frohes-neues-jahr-2026\/\",\"name\":\"Das Team von Anaxis AM w\u00fcnscht Ihnen ein frohes neues Jahr 2026! - Anaxis AM\",\"isPartOf\":{\"@id\":\"https:\/\/anaxis-am.com\/fr\/#website\"},\"primaryImageOfPage\":{\"@id\":\"https:\/\/anaxis-am.com\/de\/das-team-von-anaxis-am-wuenscht-ihnen-ein-frohes-neues-jahr-2026\/#primaryimage\"},\"image\":{\"@id\":\"https:\/\/anaxis-am.com\/de\/das-team-von-anaxis-am-wuenscht-ihnen-ein-frohes-neues-jahr-2026\/#primaryimage\"},\"thumbnailUrl\":\"https:\/\/anaxis-am.com\/wp-content\/uploads\/2026\/01\/Carte-de-voeux-ter-DE-960x1024.jpg\",\"datePublished\":\"2026-01-09T12:37:01+00:00\",\"dateModified\":\"2026-01-12T13:00:36+00:00\",\"description\":\"Das Jahr 2025 war f\u00fcr Anaxis von einem wichtigen Meilenstein gepr\u00e4gt: dem \u00dcberschreiten der Marke von einer Milliarde Euro an verwaltetem Verm\u00f6gen. Dieses Wachstum ist sowohl auf unsere Managementkompetenz zur\u00fcckzuf\u00fchren, die sich in soliden Wertentwicklungen aller unserer Fonds widerspiegelt.\",\"breadcrumb\":{\"@id\":\"https:\/\/anaxis-am.com\/de\/das-team-von-anaxis-am-wuenscht-ihnen-ein-frohes-neues-jahr-2026\/#breadcrumb\"},\"inLanguage\":\"de\",\"potentialAction\":[{\"@type\":\"ReadAction\",\"target\":[\"https:\/\/anaxis-am.com\/de\/das-team-von-anaxis-am-wuenscht-ihnen-ein-frohes-neues-jahr-2026\/\"]}]},{\"@type\":\"ImageObject\",\"inLanguage\":\"de\",\"@id\":\"https:\/\/anaxis-am.com\/de\/das-team-von-anaxis-am-wuenscht-ihnen-ein-frohes-neues-jahr-2026\/#primaryimage\",\"url\":\"https:\/\/anaxis-am.com\/wp-content\/uploads\/2026\/01\/Carte-de-voeux-ter-DE-960x1024.jpg\",\"contentUrl\":\"https:\/\/anaxis-am.com\/wp-content\/uploads\/2026\/01\/Carte-de-voeux-ter-DE-960x1024.jpg\"},{\"@type\":\"BreadcrumbList\",\"@id\":\"https:\/\/anaxis-am.com\/de\/das-team-von-anaxis-am-wuenscht-ihnen-ein-frohes-neues-jahr-2026\/#breadcrumb\",\"itemListElement\":[{\"@type\":\"ListItem\",\"position\":1,\"name\":\"Accueil\",\"item\":\"https:\/\/anaxis-am.com\/de\/\"},{\"@type\":\"ListItem\",\"position\":2,\"name\":\"Das Team von Anaxis AM w\u00fcnscht Ihnen ein frohes neues Jahr 2026!\"}]},{\"@type\":\"WebSite\",\"@id\":\"https:\/\/anaxis-am.com\/fr\/#website\",\"url\":\"https:\/\/anaxis-am.com\/fr\/\",\"name\":\"Anaxis AM\",\"description\":\"Gestion d&#039;obligations corporate\",\"publisher\":{\"@id\":\"https:\/\/anaxis-am.com\/fr\/#organization\"},\"potentialAction\":[{\"@type\":\"SearchAction\",\"target\":{\"@type\":\"EntryPoint\",\"urlTemplate\":\"https:\/\/anaxis-am.com\/fr\/?s={search_term_string}\"},\"query-input\":{\"@type\":\"PropertyValueSpecification\",\"valueRequired\":true,\"valueName\":\"search_term_string\"}}],\"inLanguage\":\"de\"},{\"@type\":\"Organization\",\"@id\":\"https:\/\/anaxis-am.com\/fr\/#organization\",\"name\":\"Anaxis AM\",\"url\":\"https:\/\/anaxis-am.com\/fr\/\",\"logo\":{\"@type\":\"ImageObject\",\"inLanguage\":\"de\",\"@id\":\"https:\/\/anaxis-am.com\/fr\/#\/schema\/logo\/image\/\",\"url\":\"https:\/\/anaxis-am.com\/wp-content\/uploads\/2023\/03\/logotype_02_noir.svg\",\"contentUrl\":\"https:\/\/anaxis-am.com\/wp-content\/uploads\/2023\/03\/logotype_02_noir.svg\",\"width\":198,\"height\":107,\"caption\":\"Anaxis AM\"},\"image\":{\"@id\":\"https:\/\/anaxis-am.com\/fr\/#\/schema\/logo\/image\/\"},\"sameAs\":[\"https:\/\/x.com\/AnaxisAM\",\"https:\/\/linkedin.com\/company\/anaxis-am\"]},{\"@type\":\"Person\",\"@id\":\"https:\/\/anaxis-am.com\/fr\/#\/schema\/person\/8a0db0d83a76d63be8b28d8f9c61ad8b\",\"name\":\"Anaxis AM\",\"image\":{\"@type\":\"ImageObject\",\"inLanguage\":\"de\",\"@id\":\"https:\/\/anaxis-am.com\/fr\/#\/schema\/person\/image\/\",\"url\":\"https:\/\/secure.gravatar.com\/avatar\/9b2b1e71fb4cd0618bc19bc8834e65c991cd8dddc53838d094f6cfb94e23a13c?s=96&d=mm&r=g\",\"contentUrl\":\"https:\/\/secure.gravatar.com\/avatar\/9b2b1e71fb4cd0618bc19bc8834e65c991cd8dddc53838d094f6cfb94e23a13c?s=96&d=mm&r=g\",\"caption\":\"Anaxis AM\"},\"url\":\"https:\/\/anaxis-am.com\/de\/author\/thibault-danquigny\/\"}]}<\/script>\n<!-- \/ Yoast SEO plugin. -->","yoast_head_json":{"title":"Das Team von Anaxis AM w\u00fcnscht Ihnen ein frohes neues Jahr 2026! - Anaxis AM","description":"Das Jahr 2025 war f\u00fcr Anaxis von einem wichtigen Meilenstein gepr\u00e4gt: dem \u00dcberschreiten der Marke von einer Milliarde Euro an verwaltetem Verm\u00f6gen. Dieses Wachstum ist sowohl auf unsere Managementkompetenz zur\u00fcckzuf\u00fchren, die sich in soliden Wertentwicklungen aller unserer Fonds widerspiegelt.","robots":{"index":"index","follow":"follow","max-snippet":"max-snippet:-1","max-image-preview":"max-image-preview:large","max-video-preview":"max-video-preview:-1"},"canonical":"https:\/\/anaxis-am.com\/de\/das-team-von-anaxis-am-wuenscht-ihnen-ein-frohes-neues-jahr-2026\/","og_locale":"de_DE","og_type":"article","og_title":"Das Team von Anaxis AM w\u00fcnscht Ihnen ein frohes neues Jahr 2026! - Anaxis AM","og_description":"Das Jahr 2025 war f\u00fcr Anaxis von einem wichtigen Meilenstein gepr\u00e4gt: dem \u00dcberschreiten der Marke von einer Milliarde Euro an verwaltetem Verm\u00f6gen. Dieses Wachstum ist sowohl auf unsere Managementkompetenz zur\u00fcckzuf\u00fchren, die sich in soliden Wertentwicklungen aller unserer Fonds widerspiegelt.","og_url":"https:\/\/anaxis-am.com\/de\/das-team-von-anaxis-am-wuenscht-ihnen-ein-frohes-neues-jahr-2026\/","og_site_name":"Anaxis AM","article_published_time":"2026-01-09T12:37:01+00:00","article_modified_time":"2026-01-12T13:00:36+00:00","og_image":[{"width":1875,"height":2000,"url":"https:\/\/anaxis-am.com\/wp-content\/uploads\/2026\/01\/Carte-de-voeux-ter-DE.jpg","type":"image\/jpeg"}],"author":"Anaxis AM","twitter_card":"summary_large_image","twitter_creator":"@AnaxisAM","twitter_site":"@AnaxisAM","twitter_misc":{"Verfasst von":"Anaxis AM","Gesch\u00e4tzte Lesezeit":"2\u00a0Minuten"},"schema":{"@context":"https:\/\/schema.org","@graph":[{"@type":"Article","@id":"https:\/\/anaxis-am.com\/de\/das-team-von-anaxis-am-wuenscht-ihnen-ein-frohes-neues-jahr-2026\/#article","isPartOf":{"@id":"https:\/\/anaxis-am.com\/de\/das-team-von-anaxis-am-wuenscht-ihnen-ein-frohes-neues-jahr-2026\/"},"author":{"name":"Anaxis AM","@id":"https:\/\/anaxis-am.com\/fr\/#\/schema\/person\/8a0db0d83a76d63be8b28d8f9c61ad8b"},"headline":"Das Team von Anaxis AM w\u00fcnscht Ihnen ein frohes neues Jahr 2026!","datePublished":"2026-01-09T12:37:01+00:00","dateModified":"2026-01-12T13:00:36+00:00","mainEntityOfPage":{"@id":"https:\/\/anaxis-am.com\/de\/das-team-von-anaxis-am-wuenscht-ihnen-ein-frohes-neues-jahr-2026\/"},"wordCount":313,"publisher":{"@id":"https:\/\/anaxis-am.com\/fr\/#organization"},"image":{"@id":"https:\/\/anaxis-am.com\/de\/das-team-von-anaxis-am-wuenscht-ihnen-ein-frohes-neues-jahr-2026\/#primaryimage"},"thumbnailUrl":"https:\/\/anaxis-am.com\/wp-content\/uploads\/2026\/01\/Carte-de-voeux-ter-DE-960x1024.jpg","inLanguage":"de"},{"@type":"WebPage","@id":"https:\/\/anaxis-am.com\/de\/das-team-von-anaxis-am-wuenscht-ihnen-ein-frohes-neues-jahr-2026\/","url":"https:\/\/anaxis-am.com\/de\/das-team-von-anaxis-am-wuenscht-ihnen-ein-frohes-neues-jahr-2026\/","name":"Das Team von Anaxis AM w\u00fcnscht Ihnen ein frohes neues Jahr 2026! - Anaxis AM","isPartOf":{"@id":"https:\/\/anaxis-am.com\/fr\/#website"},"primaryImageOfPage":{"@id":"https:\/\/anaxis-am.com\/de\/das-team-von-anaxis-am-wuenscht-ihnen-ein-frohes-neues-jahr-2026\/#primaryimage"},"image":{"@id":"https:\/\/anaxis-am.com\/de\/das-team-von-anaxis-am-wuenscht-ihnen-ein-frohes-neues-jahr-2026\/#primaryimage"},"thumbnailUrl":"https:\/\/anaxis-am.com\/wp-content\/uploads\/2026\/01\/Carte-de-voeux-ter-DE-960x1024.jpg","datePublished":"2026-01-09T12:37:01+00:00","dateModified":"2026-01-12T13:00:36+00:00","description":"Das Jahr 2025 war f\u00fcr Anaxis von einem wichtigen Meilenstein gepr\u00e4gt: dem \u00dcberschreiten der Marke von einer Milliarde Euro an verwaltetem Verm\u00f6gen. Dieses Wachstum ist sowohl auf unsere Managementkompetenz zur\u00fcckzuf\u00fchren, die sich in soliden Wertentwicklungen aller unserer Fonds widerspiegelt.","breadcrumb":{"@id":"https:\/\/anaxis-am.com\/de\/das-team-von-anaxis-am-wuenscht-ihnen-ein-frohes-neues-jahr-2026\/#breadcrumb"},"inLanguage":"de","potentialAction":[{"@type":"ReadAction","target":["https:\/\/anaxis-am.com\/de\/das-team-von-anaxis-am-wuenscht-ihnen-ein-frohes-neues-jahr-2026\/"]}]},{"@type":"ImageObject","inLanguage":"de","@id":"https:\/\/anaxis-am.com\/de\/das-team-von-anaxis-am-wuenscht-ihnen-ein-frohes-neues-jahr-2026\/#primaryimage","url":"https:\/\/anaxis-am.com\/wp-content\/uploads\/2026\/01\/Carte-de-voeux-ter-DE-960x1024.jpg","contentUrl":"https:\/\/anaxis-am.com\/wp-content\/uploads\/2026\/01\/Carte-de-voeux-ter-DE-960x1024.jpg"},{"@type":"BreadcrumbList","@id":"https:\/\/anaxis-am.com\/de\/das-team-von-anaxis-am-wuenscht-ihnen-ein-frohes-neues-jahr-2026\/#breadcrumb","itemListElement":[{"@type":"ListItem","position":1,"name":"Accueil","item":"https:\/\/anaxis-am.com\/de\/"},{"@type":"ListItem","position":2,"name":"Das Team von Anaxis AM w\u00fcnscht Ihnen ein frohes neues Jahr 2026!"}]},{"@type":"WebSite","@id":"https:\/\/anaxis-am.com\/fr\/#website","url":"https:\/\/anaxis-am.com\/fr\/","name":"Anaxis AM","description":"Gestion d&#039;obligations corporate","publisher":{"@id":"https:\/\/anaxis-am.com\/fr\/#organization"},"potentialAction":[{"@type":"SearchAction","target":{"@type":"EntryPoint","urlTemplate":"https:\/\/anaxis-am.com\/fr\/?s={search_term_string}"},"query-input":{"@type":"PropertyValueSpecification","valueRequired":true,"valueName":"search_term_string"}}],"inLanguage":"de"},{"@type":"Organization","@id":"https:\/\/anaxis-am.com\/fr\/#organization","name":"Anaxis AM","url":"https:\/\/anaxis-am.com\/fr\/","logo":{"@type":"ImageObject","inLanguage":"de","@id":"https:\/\/anaxis-am.com\/fr\/#\/schema\/logo\/image\/","url":"https:\/\/anaxis-am.com\/wp-content\/uploads\/2023\/03\/logotype_02_noir.svg","contentUrl":"https:\/\/anaxis-am.com\/wp-content\/uploads\/2023\/03\/logotype_02_noir.svg","width":198,"height":107,"caption":"Anaxis AM"},"image":{"@id":"https:\/\/anaxis-am.com\/fr\/#\/schema\/logo\/image\/"},"sameAs":["https:\/\/x.com\/AnaxisAM","https:\/\/linkedin.com\/company\/anaxis-am"]},{"@type":"Person","@id":"https:\/\/anaxis-am.com\/fr\/#\/schema\/person\/8a0db0d83a76d63be8b28d8f9c61ad8b","name":"Anaxis AM","image":{"@type":"ImageObject","inLanguage":"de","@id":"https:\/\/anaxis-am.com\/fr\/#\/schema\/person\/image\/","url":"https:\/\/secure.gravatar.com\/avatar\/9b2b1e71fb4cd0618bc19bc8834e65c991cd8dddc53838d094f6cfb94e23a13c?s=96&d=mm&r=g","contentUrl":"https:\/\/secure.gravatar.com\/avatar\/9b2b1e71fb4cd0618bc19bc8834e65c991cd8dddc53838d094f6cfb94e23a13c?s=96&d=mm&r=g","caption":"Anaxis AM"},"url":"https:\/\/anaxis-am.com\/de\/author\/thibault-danquigny\/"}]}},"_links":{"self":[{"href":"https:\/\/anaxis-am.com\/de\/wp-json\/wp\/v2\/posts\/18821","targetHints":{"allow":["GET"]}}],"collection":[{"href":"https:\/\/anaxis-am.com\/de\/wp-json\/wp\/v2\/posts"}],"about":[{"href":"https:\/\/anaxis-am.com\/de\/wp-json\/wp\/v2\/types\/post"}],"author":[{"embeddable":true,"href":"https:\/\/anaxis-am.com\/de\/wp-json\/wp\/v2\/users\/2"}],"replies":[{"embeddable":true,"href":"https:\/\/anaxis-am.com\/de\/wp-json\/wp\/v2\/comments?post=18821"}],"version-history":[{"count":2,"href":"https:\/\/anaxis-am.com\/de\/wp-json\/wp\/v2\/posts\/18821\/revisions"}],"predecessor-version":[{"id":18834,"href":"https:\/\/anaxis-am.com\/de\/wp-json\/wp\/v2\/posts\/18821\/revisions\/18834"}],"wp:attachment":[{"href":"https:\/\/anaxis-am.com\/de\/wp-json\/wp\/v2\/media?parent=18821"}],"wp:term":[{"taxonomy":"category","embeddable":true,"href":"https:\/\/anaxis-am.com\/de\/wp-json\/wp\/v2\/categories?post=18821"},{"taxonomy":"post_tag","embeddable":true,"href":"https:\/\/anaxis-am.com\/de\/wp-json\/wp\/v2\/tags?post=18821"}],"curies":[{"name":"wp","href":"https:\/\/api.w.org\/{rel}","templated":true}]}}