{"id":18779,"date":"2025-12-23T14:34:05","date_gmt":"2025-12-23T13:34:05","guid":{"rendered":"https:\/\/anaxis-am.com\/webinar-welche-aussichten-fuer-die-anleihemaerkte-in-2026\/"},"modified":"2025-12-23T14:49:47","modified_gmt":"2025-12-23T13:49:47","slug":"webinar-welche-aussichten-fuer-die-anleihemaerkte-in-2026","status":"publish","type":"post","link":"https:\/\/anaxis-am.com\/de\/webinar-welche-aussichten-fuer-die-anleihemaerkte-in-2026\/","title":{"rendered":"Webinar \/ Welche Aussichten f\u00fcr die Anleihem\u00e4rkte in 2026 ?"},"content":{"rendered":"\n<p>ANAXIS AM freut sich, Sie zum folgenden Webinar einzuladen:<\/p>\n\n<p><strong>Welche Aussichten f\u00fcr die Anleihem\u00e4rkte in 2026 ? Unsere Positionierung und beste Opportunit\u00e4ten  <\/strong><\/p>\n\n<p>Am Donnerstag, den 22. Januar 2026 um 11:00 Uhr<br\/>Duration: 30 minutes \u2013 Sprache: Englisch<\/p>\n\n<h4 class=\"wp-block-heading\"><strong>Anmeldung<\/strong><\/h4>\n\n<ul class=\"wp-block-list\">\n<li>Folgen Sie diesem Link zur Anmeldung: <a href=\"https:\/\/anaxis-am.lpages.co\/anaxis-webinar-registration-22-january-2026\/\" target=\"_blank\" rel=\"noreferrer noopener\"><mark style=\"background-color:rgba(0, 0, 0, 0)\" class=\"has-inline-color has-vivid-cyan-blue-color\"><strong>HIER ZUR ANMELDUNG<\/strong><\/mark><\/a><\/li>\n\n\n\n<li>Oder unter info@anaxis-am.com<\/li>\n<\/ul>\n\n<p><\/p>\n\n<p><em>In diesem Webinar werden wir u.a. folgende Themen ansprechen:<\/em><\/p>\n\n<p>\u27a1\ufe0f <strong>Zins und Inflation:<\/strong> Welche Auswirkungen hat die Geldpolitik der Zentralbanken?<\/p>\n\n<p>\u27a1\ufe0f <strong>Unternehmensanleihen:<\/strong> Wie entwickeln sich die Fundamentaldaten der Unternehmen?<\/p>\n\n<p>\u27a1\ufe0f <strong>Spreads:<\/strong> Inwiefern spiegeln sie den aktuellen Markt wider?<\/p>\n\n<p>\u27a1\ufe0f <strong>Unsere Erwartungen als Experten f\u00fcr Unternehmensanleihen<\/strong>, insbesondere in Bezug auf Sektoren, Regionen und Ratings<\/p>\n\n<p>\u27a1\ufe0f <strong>Welche Chancen<\/strong> bevorzugen wir <strong>f\u00fcr das Jahr 2026<\/strong>? Vorstellung einiger Anlagebeispiele  <\/p>\n\n<div style=\"height:10px\" aria-hidden=\"true\" class=\"wp-block-spacer\"><\/div>\n\n<p><em><em>Am Ende des Webinars werden wir Ihre Fragen beantworten. Wenn Sie vorab Fragen stellen m\u00f6chten, senden Sie uns diese bitte per E-Mail an <a href=\"mailto:info@anaxis-am.com\">info@anaxis-am.com<\/a>  <\/em><\/em>  .<\/p>\n\n<div style=\"height:20px\" aria-hidden=\"true\" class=\"wp-block-spacer\"><\/div>\n<div class=\"wp-block-image\">\n<figure class=\"alignleft size-large\"><img fetchpriority=\"high\" decoding=\"async\" width=\"1024\" height=\"576\" src=\"https:\/\/anaxis-am.com\/wp-content\/uploads\/2025\/12\/260122_Visuel-Linkedin-EN-1024x576.jpg\" alt=\"\" class=\"wp-image-18774\" srcset=\"https:\/\/anaxis-am.com\/wp-content\/uploads\/2025\/12\/260122_Visuel-Linkedin-EN-1024x576.jpg 1024w, https:\/\/anaxis-am.com\/wp-content\/uploads\/2025\/12\/260122_Visuel-Linkedin-EN-300x169.jpg 300w, https:\/\/anaxis-am.com\/wp-content\/uploads\/2025\/12\/260122_Visuel-Linkedin-EN-768x432.jpg 768w, https:\/\/anaxis-am.com\/wp-content\/uploads\/2025\/12\/260122_Visuel-Linkedin-EN-1536x864.jpg 1536w, https:\/\/anaxis-am.com\/wp-content\/uploads\/2025\/12\/260122_Visuel-Linkedin-EN.jpg 1600w\" sizes=\"(max-width: 1024px) 100vw, 1024px\" \/><\/figure>\n<\/div>\n<p><\/p>\n","protected":false},"excerpt":{"rendered":"<p>ANAXIS AM freut sich, Sie zum folgenden Webinar einzuladen: Welche Aussichten f\u00fcr die Anleihem\u00e4rkte in 2026 ? Unsere Positionierung und beste Opportunit\u00e4ten  <\/p>\n","protected":false},"author":2,"featured_media":0,"comment_status":"closed","ping_status":"closed","sticky":false,"template":"elementor_theme","format":"standard","meta":{"footnotes":""},"categories":[80],"tags":[],"class_list":["post-18779","post","type-post","status-publish","format-standard","hentry","category-veranstaltungen"],"acf":[],"yoast_head":"<!-- This site is optimized with the Yoast SEO plugin v25.1 - https:\/\/yoast.com\/wordpress\/plugins\/seo\/ -->\n<title>Webinar \/ Welche Aussichten f\u00fcr die Anleihem\u00e4rkte in 2026 ? - Anaxis AM<\/title>\n<meta name=\"description\" content=\"Anaxis Webinar: Welche Aussichten f\u00fcr die Anleihem\u00e4rkte in 2026 ? Unsere Positionierung und beste Opportunit\u00e4ten\" \/>\n<meta name=\"robots\" content=\"index, follow, max-snippet:-1, max-image-preview:large, max-video-preview:-1\" \/>\n<link rel=\"canonical\" href=\"https:\/\/anaxis-am.com\/de\/webinar-welche-aussichten-fuer-die-anleihemaerkte-in-2026\/\" \/>\n<meta property=\"og:locale\" content=\"de_DE\" \/>\n<meta property=\"og:type\" content=\"article\" \/>\n<meta property=\"og:title\" content=\"Webinar \/ Welche Aussichten f\u00fcr die Anleihem\u00e4rkte in 2026 ? - Anaxis AM\" \/>\n<meta property=\"og:description\" content=\"Anaxis Webinar: Welche Aussichten f\u00fcr die Anleihem\u00e4rkte in 2026 ? Unsere Positionierung und beste Opportunit\u00e4ten\" \/>\n<meta property=\"og:url\" content=\"https:\/\/anaxis-am.com\/de\/webinar-welche-aussichten-fuer-die-anleihemaerkte-in-2026\/\" \/>\n<meta property=\"og:site_name\" content=\"Anaxis AM\" \/>\n<meta property=\"article:published_time\" content=\"2025-12-23T13:34:05+00:00\" \/>\n<meta property=\"article:modified_time\" content=\"2025-12-23T13:49:47+00:00\" \/>\n<meta property=\"og:image\" content=\"https:\/\/anaxis-am.com\/wp-content\/uploads\/2025\/12\/260122_Visuel-Linkedin-EN.jpg\" \/>\n\t<meta property=\"og:image:width\" content=\"1600\" \/>\n\t<meta property=\"og:image:height\" content=\"900\" \/>\n\t<meta property=\"og:image:type\" content=\"image\/jpeg\" \/>\n<meta name=\"author\" content=\"Anaxis AM\" \/>\n<meta name=\"twitter:card\" content=\"summary_large_image\" \/>\n<meta name=\"twitter:creator\" content=\"@AnaxisAM\" \/>\n<meta name=\"twitter:site\" content=\"@AnaxisAM\" \/>\n<meta name=\"twitter:label1\" content=\"Verfasst von\" \/>\n\t<meta name=\"twitter:data1\" content=\"Anaxis AM\" \/>\n\t<meta name=\"twitter:label2\" content=\"Gesch\u00e4tzte Lesezeit\" \/>\n\t<meta name=\"twitter:data2\" content=\"1\u00a0Minute\" \/>\n<script type=\"application\/ld+json\" class=\"yoast-schema-graph\">{\"@context\":\"https:\/\/schema.org\",\"@graph\":[{\"@type\":\"Article\",\"@id\":\"https:\/\/anaxis-am.com\/de\/webinar-welche-aussichten-fuer-die-anleihemaerkte-in-2026\/#article\",\"isPartOf\":{\"@id\":\"https:\/\/anaxis-am.com\/de\/webinar-welche-aussichten-fuer-die-anleihemaerkte-in-2026\/\"},\"author\":{\"name\":\"Anaxis AM\",\"@id\":\"https:\/\/anaxis-am.com\/fr\/#\/schema\/person\/8a0db0d83a76d63be8b28d8f9c61ad8b\"},\"headline\":\"Webinar \/ Welche Aussichten f\u00fcr die Anleihem\u00e4rkte in 2026 ?\",\"datePublished\":\"2025-12-23T13:34:05+00:00\",\"dateModified\":\"2025-12-23T13:49:47+00:00\",\"mainEntityOfPage\":{\"@id\":\"https:\/\/anaxis-am.com\/de\/webinar-welche-aussichten-fuer-die-anleihemaerkte-in-2026\/\"},\"wordCount\":145,\"publisher\":{\"@id\":\"https:\/\/anaxis-am.com\/fr\/#organization\"},\"image\":{\"@id\":\"https:\/\/anaxis-am.com\/de\/webinar-welche-aussichten-fuer-die-anleihemaerkte-in-2026\/#primaryimage\"},\"thumbnailUrl\":\"https:\/\/anaxis-am.com\/wp-content\/uploads\/2025\/12\/260122_Visuel-Linkedin-EN-1024x576.jpg\",\"articleSection\":[\"Veranstaltungen\"],\"inLanguage\":\"de\"},{\"@type\":\"WebPage\",\"@id\":\"https:\/\/anaxis-am.com\/de\/webinar-welche-aussichten-fuer-die-anleihemaerkte-in-2026\/\",\"url\":\"https:\/\/anaxis-am.com\/de\/webinar-welche-aussichten-fuer-die-anleihemaerkte-in-2026\/\",\"name\":\"Webinar \/ Welche Aussichten f\u00fcr die Anleihem\u00e4rkte in 2026 ? - Anaxis AM\",\"isPartOf\":{\"@id\":\"https:\/\/anaxis-am.com\/fr\/#website\"},\"primaryImageOfPage\":{\"@id\":\"https:\/\/anaxis-am.com\/de\/webinar-welche-aussichten-fuer-die-anleihemaerkte-in-2026\/#primaryimage\"},\"image\":{\"@id\":\"https:\/\/anaxis-am.com\/de\/webinar-welche-aussichten-fuer-die-anleihemaerkte-in-2026\/#primaryimage\"},\"thumbnailUrl\":\"https:\/\/anaxis-am.com\/wp-content\/uploads\/2025\/12\/260122_Visuel-Linkedin-EN-1024x576.jpg\",\"datePublished\":\"2025-12-23T13:34:05+00:00\",\"dateModified\":\"2025-12-23T13:49:47+00:00\",\"description\":\"Anaxis Webinar: Welche Aussichten f\u00fcr die Anleihem\u00e4rkte in 2026 ? Unsere Positionierung und beste Opportunit\u00e4ten\",\"breadcrumb\":{\"@id\":\"https:\/\/anaxis-am.com\/de\/webinar-welche-aussichten-fuer-die-anleihemaerkte-in-2026\/#breadcrumb\"},\"inLanguage\":\"de\",\"potentialAction\":[{\"@type\":\"ReadAction\",\"target\":[\"https:\/\/anaxis-am.com\/de\/webinar-welche-aussichten-fuer-die-anleihemaerkte-in-2026\/\"]}]},{\"@type\":\"ImageObject\",\"inLanguage\":\"de\",\"@id\":\"https:\/\/anaxis-am.com\/de\/webinar-welche-aussichten-fuer-die-anleihemaerkte-in-2026\/#primaryimage\",\"url\":\"https:\/\/anaxis-am.com\/wp-content\/uploads\/2025\/12\/260122_Visuel-Linkedin-EN-1024x576.jpg\",\"contentUrl\":\"https:\/\/anaxis-am.com\/wp-content\/uploads\/2025\/12\/260122_Visuel-Linkedin-EN-1024x576.jpg\"},{\"@type\":\"BreadcrumbList\",\"@id\":\"https:\/\/anaxis-am.com\/de\/webinar-welche-aussichten-fuer-die-anleihemaerkte-in-2026\/#breadcrumb\",\"itemListElement\":[{\"@type\":\"ListItem\",\"position\":1,\"name\":\"Accueil\",\"item\":\"https:\/\/anaxis-am.com\/de\/\"},{\"@type\":\"ListItem\",\"position\":2,\"name\":\"Webinar \/ Welche Aussichten f\u00fcr die Anleihem\u00e4rkte in 2026 ?\"}]},{\"@type\":\"WebSite\",\"@id\":\"https:\/\/anaxis-am.com\/fr\/#website\",\"url\":\"https:\/\/anaxis-am.com\/fr\/\",\"name\":\"Anaxis AM\",\"description\":\"Gestion d&#039;obligations corporate\",\"publisher\":{\"@id\":\"https:\/\/anaxis-am.com\/fr\/#organization\"},\"potentialAction\":[{\"@type\":\"SearchAction\",\"target\":{\"@type\":\"EntryPoint\",\"urlTemplate\":\"https:\/\/anaxis-am.com\/fr\/?s={search_term_string}\"},\"query-input\":{\"@type\":\"PropertyValueSpecification\",\"valueRequired\":true,\"valueName\":\"search_term_string\"}}],\"inLanguage\":\"de\"},{\"@type\":\"Organization\",\"@id\":\"https:\/\/anaxis-am.com\/fr\/#organization\",\"name\":\"Anaxis AM\",\"url\":\"https:\/\/anaxis-am.com\/fr\/\",\"logo\":{\"@type\":\"ImageObject\",\"inLanguage\":\"de\",\"@id\":\"https:\/\/anaxis-am.com\/fr\/#\/schema\/logo\/image\/\",\"url\":\"https:\/\/anaxis-am.com\/wp-content\/uploads\/2023\/03\/logotype_02_noir.svg\",\"contentUrl\":\"https:\/\/anaxis-am.com\/wp-content\/uploads\/2023\/03\/logotype_02_noir.svg\",\"width\":198,\"height\":107,\"caption\":\"Anaxis AM\"},\"image\":{\"@id\":\"https:\/\/anaxis-am.com\/fr\/#\/schema\/logo\/image\/\"},\"sameAs\":[\"https:\/\/x.com\/AnaxisAM\",\"https:\/\/linkedin.com\/company\/anaxis-am\"]},{\"@type\":\"Person\",\"@id\":\"https:\/\/anaxis-am.com\/fr\/#\/schema\/person\/8a0db0d83a76d63be8b28d8f9c61ad8b\",\"name\":\"Anaxis AM\",\"image\":{\"@type\":\"ImageObject\",\"inLanguage\":\"de\",\"@id\":\"https:\/\/anaxis-am.com\/fr\/#\/schema\/person\/image\/\",\"url\":\"https:\/\/secure.gravatar.com\/avatar\/9b2b1e71fb4cd0618bc19bc8834e65c991cd8dddc53838d094f6cfb94e23a13c?s=96&d=mm&r=g\",\"contentUrl\":\"https:\/\/secure.gravatar.com\/avatar\/9b2b1e71fb4cd0618bc19bc8834e65c991cd8dddc53838d094f6cfb94e23a13c?s=96&d=mm&r=g\",\"caption\":\"Anaxis AM\"},\"url\":\"https:\/\/anaxis-am.com\/de\/author\/thibault-danquigny\/\"}]}<\/script>\n<!-- \/ Yoast SEO plugin. -->","yoast_head_json":{"title":"Webinar \/ Welche Aussichten f\u00fcr die Anleihem\u00e4rkte in 2026 ? - Anaxis AM","description":"Anaxis Webinar: Welche Aussichten f\u00fcr die Anleihem\u00e4rkte in 2026 ? Unsere Positionierung und beste Opportunit\u00e4ten","robots":{"index":"index","follow":"follow","max-snippet":"max-snippet:-1","max-image-preview":"max-image-preview:large","max-video-preview":"max-video-preview:-1"},"canonical":"https:\/\/anaxis-am.com\/de\/webinar-welche-aussichten-fuer-die-anleihemaerkte-in-2026\/","og_locale":"de_DE","og_type":"article","og_title":"Webinar \/ Welche Aussichten f\u00fcr die Anleihem\u00e4rkte in 2026 ? - Anaxis AM","og_description":"Anaxis Webinar: Welche Aussichten f\u00fcr die Anleihem\u00e4rkte in 2026 ? Unsere Positionierung und beste Opportunit\u00e4ten","og_url":"https:\/\/anaxis-am.com\/de\/webinar-welche-aussichten-fuer-die-anleihemaerkte-in-2026\/","og_site_name":"Anaxis AM","article_published_time":"2025-12-23T13:34:05+00:00","article_modified_time":"2025-12-23T13:49:47+00:00","og_image":[{"width":1600,"height":900,"url":"https:\/\/anaxis-am.com\/wp-content\/uploads\/2025\/12\/260122_Visuel-Linkedin-EN.jpg","type":"image\/jpeg"}],"author":"Anaxis AM","twitter_card":"summary_large_image","twitter_creator":"@AnaxisAM","twitter_site":"@AnaxisAM","twitter_misc":{"Verfasst von":"Anaxis AM","Gesch\u00e4tzte Lesezeit":"1\u00a0Minute"},"schema":{"@context":"https:\/\/schema.org","@graph":[{"@type":"Article","@id":"https:\/\/anaxis-am.com\/de\/webinar-welche-aussichten-fuer-die-anleihemaerkte-in-2026\/#article","isPartOf":{"@id":"https:\/\/anaxis-am.com\/de\/webinar-welche-aussichten-fuer-die-anleihemaerkte-in-2026\/"},"author":{"name":"Anaxis AM","@id":"https:\/\/anaxis-am.com\/fr\/#\/schema\/person\/8a0db0d83a76d63be8b28d8f9c61ad8b"},"headline":"Webinar \/ Welche Aussichten f\u00fcr die Anleihem\u00e4rkte in 2026 ?","datePublished":"2025-12-23T13:34:05+00:00","dateModified":"2025-12-23T13:49:47+00:00","mainEntityOfPage":{"@id":"https:\/\/anaxis-am.com\/de\/webinar-welche-aussichten-fuer-die-anleihemaerkte-in-2026\/"},"wordCount":145,"publisher":{"@id":"https:\/\/anaxis-am.com\/fr\/#organization"},"image":{"@id":"https:\/\/anaxis-am.com\/de\/webinar-welche-aussichten-fuer-die-anleihemaerkte-in-2026\/#primaryimage"},"thumbnailUrl":"https:\/\/anaxis-am.com\/wp-content\/uploads\/2025\/12\/260122_Visuel-Linkedin-EN-1024x576.jpg","articleSection":["Veranstaltungen"],"inLanguage":"de"},{"@type":"WebPage","@id":"https:\/\/anaxis-am.com\/de\/webinar-welche-aussichten-fuer-die-anleihemaerkte-in-2026\/","url":"https:\/\/anaxis-am.com\/de\/webinar-welche-aussichten-fuer-die-anleihemaerkte-in-2026\/","name":"Webinar \/ Welche Aussichten f\u00fcr die Anleihem\u00e4rkte in 2026 ? - Anaxis AM","isPartOf":{"@id":"https:\/\/anaxis-am.com\/fr\/#website"},"primaryImageOfPage":{"@id":"https:\/\/anaxis-am.com\/de\/webinar-welche-aussichten-fuer-die-anleihemaerkte-in-2026\/#primaryimage"},"image":{"@id":"https:\/\/anaxis-am.com\/de\/webinar-welche-aussichten-fuer-die-anleihemaerkte-in-2026\/#primaryimage"},"thumbnailUrl":"https:\/\/anaxis-am.com\/wp-content\/uploads\/2025\/12\/260122_Visuel-Linkedin-EN-1024x576.jpg","datePublished":"2025-12-23T13:34:05+00:00","dateModified":"2025-12-23T13:49:47+00:00","description":"Anaxis Webinar: Welche Aussichten f\u00fcr die Anleihem\u00e4rkte in 2026 ? Unsere Positionierung und beste Opportunit\u00e4ten","breadcrumb":{"@id":"https:\/\/anaxis-am.com\/de\/webinar-welche-aussichten-fuer-die-anleihemaerkte-in-2026\/#breadcrumb"},"inLanguage":"de","potentialAction":[{"@type":"ReadAction","target":["https:\/\/anaxis-am.com\/de\/webinar-welche-aussichten-fuer-die-anleihemaerkte-in-2026\/"]}]},{"@type":"ImageObject","inLanguage":"de","@id":"https:\/\/anaxis-am.com\/de\/webinar-welche-aussichten-fuer-die-anleihemaerkte-in-2026\/#primaryimage","url":"https:\/\/anaxis-am.com\/wp-content\/uploads\/2025\/12\/260122_Visuel-Linkedin-EN-1024x576.jpg","contentUrl":"https:\/\/anaxis-am.com\/wp-content\/uploads\/2025\/12\/260122_Visuel-Linkedin-EN-1024x576.jpg"},{"@type":"BreadcrumbList","@id":"https:\/\/anaxis-am.com\/de\/webinar-welche-aussichten-fuer-die-anleihemaerkte-in-2026\/#breadcrumb","itemListElement":[{"@type":"ListItem","position":1,"name":"Accueil","item":"https:\/\/anaxis-am.com\/de\/"},{"@type":"ListItem","position":2,"name":"Webinar \/ Welche Aussichten f\u00fcr die Anleihem\u00e4rkte in 2026 ?"}]},{"@type":"WebSite","@id":"https:\/\/anaxis-am.com\/fr\/#website","url":"https:\/\/anaxis-am.com\/fr\/","name":"Anaxis AM","description":"Gestion d&#039;obligations corporate","publisher":{"@id":"https:\/\/anaxis-am.com\/fr\/#organization"},"potentialAction":[{"@type":"SearchAction","target":{"@type":"EntryPoint","urlTemplate":"https:\/\/anaxis-am.com\/fr\/?s={search_term_string}"},"query-input":{"@type":"PropertyValueSpecification","valueRequired":true,"valueName":"search_term_string"}}],"inLanguage":"de"},{"@type":"Organization","@id":"https:\/\/anaxis-am.com\/fr\/#organization","name":"Anaxis AM","url":"https:\/\/anaxis-am.com\/fr\/","logo":{"@type":"ImageObject","inLanguage":"de","@id":"https:\/\/anaxis-am.com\/fr\/#\/schema\/logo\/image\/","url":"https:\/\/anaxis-am.com\/wp-content\/uploads\/2023\/03\/logotype_02_noir.svg","contentUrl":"https:\/\/anaxis-am.com\/wp-content\/uploads\/2023\/03\/logotype_02_noir.svg","width":198,"height":107,"caption":"Anaxis AM"},"image":{"@id":"https:\/\/anaxis-am.com\/fr\/#\/schema\/logo\/image\/"},"sameAs":["https:\/\/x.com\/AnaxisAM","https:\/\/linkedin.com\/company\/anaxis-am"]},{"@type":"Person","@id":"https:\/\/anaxis-am.com\/fr\/#\/schema\/person\/8a0db0d83a76d63be8b28d8f9c61ad8b","name":"Anaxis AM","image":{"@type":"ImageObject","inLanguage":"de","@id":"https:\/\/anaxis-am.com\/fr\/#\/schema\/person\/image\/","url":"https:\/\/secure.gravatar.com\/avatar\/9b2b1e71fb4cd0618bc19bc8834e65c991cd8dddc53838d094f6cfb94e23a13c?s=96&d=mm&r=g","contentUrl":"https:\/\/secure.gravatar.com\/avatar\/9b2b1e71fb4cd0618bc19bc8834e65c991cd8dddc53838d094f6cfb94e23a13c?s=96&d=mm&r=g","caption":"Anaxis AM"},"url":"https:\/\/anaxis-am.com\/de\/author\/thibault-danquigny\/"}]}},"_links":{"self":[{"href":"https:\/\/anaxis-am.com\/de\/wp-json\/wp\/v2\/posts\/18779","targetHints":{"allow":["GET"]}}],"collection":[{"href":"https:\/\/anaxis-am.com\/de\/wp-json\/wp\/v2\/posts"}],"about":[{"href":"https:\/\/anaxis-am.com\/de\/wp-json\/wp\/v2\/types\/post"}],"author":[{"embeddable":true,"href":"https:\/\/anaxis-am.com\/de\/wp-json\/wp\/v2\/users\/2"}],"replies":[{"embeddable":true,"href":"https:\/\/anaxis-am.com\/de\/wp-json\/wp\/v2\/comments?post=18779"}],"version-history":[{"count":1,"href":"https:\/\/anaxis-am.com\/de\/wp-json\/wp\/v2\/posts\/18779\/revisions"}],"predecessor-version":[{"id":18780,"href":"https:\/\/anaxis-am.com\/de\/wp-json\/wp\/v2\/posts\/18779\/revisions\/18780"}],"wp:attachment":[{"href":"https:\/\/anaxis-am.com\/de\/wp-json\/wp\/v2\/media?parent=18779"}],"wp:term":[{"taxonomy":"category","embeddable":true,"href":"https:\/\/anaxis-am.com\/de\/wp-json\/wp\/v2\/categories?post=18779"},{"taxonomy":"post_tag","embeddable":true,"href":"https:\/\/anaxis-am.com\/de\/wp-json\/wp\/v2\/tags?post=18779"}],"curies":[{"name":"wp","href":"https:\/\/api.w.org\/{rel}","templated":true}]}}