{"id":18106,"date":"2025-09-05T11:11:28","date_gmt":"2025-09-05T10:11:28","guid":{"rendered":"https:\/\/anaxis-am.com\/anaxis-is-participating-in-the-rankia-europe-funds-meeting\/"},"modified":"2025-09-05T11:25:38","modified_gmt":"2025-09-05T10:25:38","slug":"anaxis-is-participating-in-the-rankia-europe-funds-meeting","status":"publish","type":"post","link":"https:\/\/anaxis-am.com\/de\/anaxis-is-participating-in-the-rankia-europe-funds-meeting\/","title":{"rendered":"Anaxis is participating in the Rankia Europe Funds Meeting"},"content":{"rendered":"\n<p>\ud83d\udcc6 We are very pleased to participate in the Funds Meeting organized by <a href=\"https:\/\/www.linkedin.com\/company\/rankiapro-europe\/\" target=\"_blank\" rel=\"noreferrer noopener\"><mark style=\"background-color:rgba(0, 0, 0, 0)\" class=\"has-inline-color has-vivid-cyan-blue-color\">RankiaPro Europe<\/mark><\/a> during a breakfast event in Paris on October 2nd. <a href=\"https:\/\/www.linkedin.com\/in\/thibault-destr%C3%A9s-highyield-credit-fixedincome\/\" target=\"_blank\" rel=\"noreferrer noopener\"><mark style=\"background-color:rgba(0, 0, 0, 0)\" class=\"has-inline-color has-vivid-cyan-blue-color\">Thibault Destr\u00e9s<\/mark><\/a>, Head of Fixed Income at <a href=\"https:\/\/www.linkedin.com\/company\/anaxis-am\/\" target=\"_blank\" rel=\"noreferrer noopener\"><mark style=\"background-color:rgba(0, 0, 0, 0)\" class=\"has-inline-color has-vivid-cyan-blue-color\">Anaxis Asset Management,<\/mark><\/a> will present our view on the corporate bond markets as well as our actively managed fund (Article 9 under SFDR). \ud83c\udf33<\/p>\n\n<p>To register for this event: <a href=\"https:\/\/rankiapro.com\/en\/events\/breakfast-with-fund-selectors-fund-buyers-in-paris-4\/\" target=\"_blank\" rel=\"noreferrer noopener\"><mark style=\"background-color:rgba(0, 0, 0, 0)\" class=\"has-inline-color has-vivid-cyan-blue-color\">https:\/\/rankiapro.com\/en\/events\/breakfast-with-fund-selectors-fund-buyers-in-paris-4\/<\/mark><\/a><br\/><br\/>\u231a Thursday, October 2nd at 9:00 AM<br\/>\ud83d\udccd H\u00f4tel Plaza Ath\u00e9n\u00e9e, Paris <\/p>\n\n<div style=\"height:30px\" aria-hidden=\"true\" class=\"wp-block-spacer\"><\/div>\n\n<figure class=\"wp-block-image size-full is-resized\"><img fetchpriority=\"high\" decoding=\"async\" width=\"2560\" height=\"1879\" src=\"https:\/\/anaxis-am.com\/wp-content\/uploads\/2025\/09\/Rankia-Paris-Site-1-scaled.jpg\" alt=\"\" class=\"wp-image-18091\" style=\"width:840px;height:auto\" srcset=\"https:\/\/anaxis-am.com\/wp-content\/uploads\/2025\/09\/Rankia-Paris-Site-1-scaled.jpg 2560w, https:\/\/anaxis-am.com\/wp-content\/uploads\/2025\/09\/Rankia-Paris-Site-1-300x220.jpg 300w, https:\/\/anaxis-am.com\/wp-content\/uploads\/2025\/09\/Rankia-Paris-Site-1-1024x752.jpg 1024w, https:\/\/anaxis-am.com\/wp-content\/uploads\/2025\/09\/Rankia-Paris-Site-1-768x564.jpg 768w, https:\/\/anaxis-am.com\/wp-content\/uploads\/2025\/09\/Rankia-Paris-Site-1-1536x1128.jpg 1536w, https:\/\/anaxis-am.com\/wp-content\/uploads\/2025\/09\/Rankia-Paris-Site-1-2048x1504.jpg 2048w\" sizes=\"(max-width: 2560px) 100vw, 2560px\" \/><\/figure>\n\n<figure class=\"wp-block-image size-full is-resized\"><img decoding=\"async\" width=\"2560\" height=\"1879\" src=\"https:\/\/anaxis-am.com\/wp-content\/uploads\/2025\/09\/Rankia-Paris-Site-2-scaled.jpg\" alt=\"\" class=\"wp-image-18095\" style=\"width:840px;height:auto\" srcset=\"https:\/\/anaxis-am.com\/wp-content\/uploads\/2025\/09\/Rankia-Paris-Site-2-scaled.jpg 2560w, https:\/\/anaxis-am.com\/wp-content\/uploads\/2025\/09\/Rankia-Paris-Site-2-300x220.jpg 300w, https:\/\/anaxis-am.com\/wp-content\/uploads\/2025\/09\/Rankia-Paris-Site-2-1024x752.jpg 1024w, https:\/\/anaxis-am.com\/wp-content\/uploads\/2025\/09\/Rankia-Paris-Site-2-768x564.jpg 768w, https:\/\/anaxis-am.com\/wp-content\/uploads\/2025\/09\/Rankia-Paris-Site-2-1536x1128.jpg 1536w, https:\/\/anaxis-am.com\/wp-content\/uploads\/2025\/09\/Rankia-Paris-Site-2-2048x1504.jpg 2048w\" sizes=\"(max-width: 2560px) 100vw, 2560px\" \/><\/figure>\n","protected":false},"excerpt":{"rendered":"<p>We are very pleased to participate in the Funds Meeting organized by RankiaPro Europe during a breakfast event in Paris on October 2nd. Thibault Destr\u00e9s, Head of Fixed Income at Anaxis Asset Management, will present our view on the corporate bond markets as well as our actively managed fund (Article 9 under SFDR).  <\/p>\n","protected":false},"author":2,"featured_media":0,"comment_status":"closed","ping_status":"closed","sticky":false,"template":"elementor_theme","format":"standard","meta":{"footnotes":""},"categories":[80],"tags":[],"class_list":["post-18106","post","type-post","status-publish","format-standard","hentry","category-veranstaltungen"],"acf":[],"yoast_head":"<!-- This site is optimized with the Yoast SEO plugin v25.1 - https:\/\/yoast.com\/wordpress\/plugins\/seo\/ -->\n<title>Anaxis is participating in the Rankia Europe Funds Meeting - Anaxis AM<\/title>\n<meta name=\"description\" content=\"We are very pleased to participate in the Funds Meeting organized by RankiaPro Europe during a breakfast event in Paris on October 2nd.\" \/>\n<meta name=\"robots\" content=\"index, follow, max-snippet:-1, max-image-preview:large, max-video-preview:-1\" \/>\n<link rel=\"canonical\" href=\"https:\/\/anaxis-am.com\/de\/anaxis-is-participating-in-the-rankia-europe-funds-meeting\/\" \/>\n<meta property=\"og:locale\" content=\"de_DE\" \/>\n<meta property=\"og:type\" content=\"article\" \/>\n<meta property=\"og:title\" content=\"Anaxis is participating in the Rankia Europe Funds Meeting - Anaxis AM\" \/>\n<meta property=\"og:description\" content=\"We are very pleased to participate in the Funds Meeting organized by RankiaPro Europe during a breakfast event in Paris on October 2nd.\" \/>\n<meta property=\"og:url\" content=\"https:\/\/anaxis-am.com\/de\/anaxis-is-participating-in-the-rankia-europe-funds-meeting\/\" \/>\n<meta property=\"og:site_name\" content=\"Anaxis AM\" \/>\n<meta property=\"article:published_time\" content=\"2025-09-05T10:11:28+00:00\" \/>\n<meta property=\"article:modified_time\" content=\"2025-09-05T10:25:38+00:00\" \/>\n<meta property=\"og:image\" content=\"https:\/\/anaxis-am.com\/wp-content\/uploads\/2025\/09\/Rankia-Paris-Site-1-scaled.jpg\" \/>\n\t<meta property=\"og:image:width\" content=\"2560\" \/>\n\t<meta property=\"og:image:height\" content=\"1879\" \/>\n\t<meta property=\"og:image:type\" content=\"image\/jpeg\" \/>\n<meta name=\"author\" content=\"Anaxis AM\" \/>\n<meta name=\"twitter:card\" content=\"summary_large_image\" \/>\n<meta name=\"twitter:creator\" content=\"@AnaxisAM\" \/>\n<meta name=\"twitter:site\" content=\"@AnaxisAM\" \/>\n<meta name=\"twitter:label1\" content=\"Verfasst von\" \/>\n\t<meta name=\"twitter:data1\" content=\"Anaxis AM\" \/>\n<script type=\"application\/ld+json\" class=\"yoast-schema-graph\">{\"@context\":\"https:\/\/schema.org\",\"@graph\":[{\"@type\":\"Article\",\"@id\":\"https:\/\/anaxis-am.com\/de\/anaxis-is-participating-in-the-rankia-europe-funds-meeting\/#article\",\"isPartOf\":{\"@id\":\"https:\/\/anaxis-am.com\/de\/anaxis-is-participating-in-the-rankia-europe-funds-meeting\/\"},\"author\":{\"name\":\"Anaxis AM\",\"@id\":\"https:\/\/anaxis-am.com\/fr\/#\/schema\/person\/8a0db0d83a76d63be8b28d8f9c61ad8b\"},\"headline\":\"Anaxis is participating in the Rankia Europe Funds Meeting\",\"datePublished\":\"2025-09-05T10:11:28+00:00\",\"dateModified\":\"2025-09-05T10:25:38+00:00\",\"mainEntityOfPage\":{\"@id\":\"https:\/\/anaxis-am.com\/de\/anaxis-is-participating-in-the-rankia-europe-funds-meeting\/\"},\"wordCount\":85,\"publisher\":{\"@id\":\"https:\/\/anaxis-am.com\/fr\/#organization\"},\"image\":{\"@id\":\"https:\/\/anaxis-am.com\/de\/anaxis-is-participating-in-the-rankia-europe-funds-meeting\/#primaryimage\"},\"thumbnailUrl\":\"https:\/\/anaxis-am.com\/wp-content\/uploads\/2025\/09\/Rankia-Paris-Site-1-scaled.jpg\",\"articleSection\":[\"Veranstaltungen\"],\"inLanguage\":\"de\"},{\"@type\":\"WebPage\",\"@id\":\"https:\/\/anaxis-am.com\/de\/anaxis-is-participating-in-the-rankia-europe-funds-meeting\/\",\"url\":\"https:\/\/anaxis-am.com\/de\/anaxis-is-participating-in-the-rankia-europe-funds-meeting\/\",\"name\":\"Anaxis is participating in the Rankia Europe Funds Meeting - Anaxis AM\",\"isPartOf\":{\"@id\":\"https:\/\/anaxis-am.com\/fr\/#website\"},\"primaryImageOfPage\":{\"@id\":\"https:\/\/anaxis-am.com\/de\/anaxis-is-participating-in-the-rankia-europe-funds-meeting\/#primaryimage\"},\"image\":{\"@id\":\"https:\/\/anaxis-am.com\/de\/anaxis-is-participating-in-the-rankia-europe-funds-meeting\/#primaryimage\"},\"thumbnailUrl\":\"https:\/\/anaxis-am.com\/wp-content\/uploads\/2025\/09\/Rankia-Paris-Site-1-scaled.jpg\",\"datePublished\":\"2025-09-05T10:11:28+00:00\",\"dateModified\":\"2025-09-05T10:25:38+00:00\",\"description\":\"We are very pleased to participate in the Funds Meeting organized by RankiaPro Europe during a breakfast event in Paris on October 2nd.\",\"breadcrumb\":{\"@id\":\"https:\/\/anaxis-am.com\/de\/anaxis-is-participating-in-the-rankia-europe-funds-meeting\/#breadcrumb\"},\"inLanguage\":\"de\",\"potentialAction\":[{\"@type\":\"ReadAction\",\"target\":[\"https:\/\/anaxis-am.com\/de\/anaxis-is-participating-in-the-rankia-europe-funds-meeting\/\"]}]},{\"@type\":\"ImageObject\",\"inLanguage\":\"de\",\"@id\":\"https:\/\/anaxis-am.com\/de\/anaxis-is-participating-in-the-rankia-europe-funds-meeting\/#primaryimage\",\"url\":\"https:\/\/anaxis-am.com\/wp-content\/uploads\/2025\/09\/Rankia-Paris-Site-1-scaled.jpg\",\"contentUrl\":\"https:\/\/anaxis-am.com\/wp-content\/uploads\/2025\/09\/Rankia-Paris-Site-1-scaled.jpg\"},{\"@type\":\"BreadcrumbList\",\"@id\":\"https:\/\/anaxis-am.com\/de\/anaxis-is-participating-in-the-rankia-europe-funds-meeting\/#breadcrumb\",\"itemListElement\":[{\"@type\":\"ListItem\",\"position\":1,\"name\":\"Accueil\",\"item\":\"https:\/\/anaxis-am.com\/de\/\"},{\"@type\":\"ListItem\",\"position\":2,\"name\":\"Anaxis is participating in the Rankia Europe Funds Meeting\"}]},{\"@type\":\"WebSite\",\"@id\":\"https:\/\/anaxis-am.com\/fr\/#website\",\"url\":\"https:\/\/anaxis-am.com\/fr\/\",\"name\":\"Anaxis AM\",\"description\":\"Gestion d&#039;obligations corporate\",\"publisher\":{\"@id\":\"https:\/\/anaxis-am.com\/fr\/#organization\"},\"potentialAction\":[{\"@type\":\"SearchAction\",\"target\":{\"@type\":\"EntryPoint\",\"urlTemplate\":\"https:\/\/anaxis-am.com\/fr\/?s={search_term_string}\"},\"query-input\":{\"@type\":\"PropertyValueSpecification\",\"valueRequired\":true,\"valueName\":\"search_term_string\"}}],\"inLanguage\":\"de\"},{\"@type\":\"Organization\",\"@id\":\"https:\/\/anaxis-am.com\/fr\/#organization\",\"name\":\"Anaxis AM\",\"url\":\"https:\/\/anaxis-am.com\/fr\/\",\"logo\":{\"@type\":\"ImageObject\",\"inLanguage\":\"de\",\"@id\":\"https:\/\/anaxis-am.com\/fr\/#\/schema\/logo\/image\/\",\"url\":\"https:\/\/anaxis-am.com\/wp-content\/uploads\/2023\/03\/logotype_02_noir.svg\",\"contentUrl\":\"https:\/\/anaxis-am.com\/wp-content\/uploads\/2023\/03\/logotype_02_noir.svg\",\"width\":198,\"height\":107,\"caption\":\"Anaxis AM\"},\"image\":{\"@id\":\"https:\/\/anaxis-am.com\/fr\/#\/schema\/logo\/image\/\"},\"sameAs\":[\"https:\/\/x.com\/AnaxisAM\",\"https:\/\/linkedin.com\/company\/anaxis-am\"]},{\"@type\":\"Person\",\"@id\":\"https:\/\/anaxis-am.com\/fr\/#\/schema\/person\/8a0db0d83a76d63be8b28d8f9c61ad8b\",\"name\":\"Anaxis AM\",\"image\":{\"@type\":\"ImageObject\",\"inLanguage\":\"de\",\"@id\":\"https:\/\/anaxis-am.com\/fr\/#\/schema\/person\/image\/\",\"url\":\"https:\/\/secure.gravatar.com\/avatar\/9b2b1e71fb4cd0618bc19bc8834e65c991cd8dddc53838d094f6cfb94e23a13c?s=96&d=mm&r=g\",\"contentUrl\":\"https:\/\/secure.gravatar.com\/avatar\/9b2b1e71fb4cd0618bc19bc8834e65c991cd8dddc53838d094f6cfb94e23a13c?s=96&d=mm&r=g\",\"caption\":\"Anaxis AM\"},\"url\":\"https:\/\/anaxis-am.com\/de\/author\/thibault-danquigny\/\"}]}<\/script>\n<!-- \/ Yoast SEO plugin. -->","yoast_head_json":{"title":"Anaxis is participating in the Rankia Europe Funds Meeting - Anaxis AM","description":"We are very pleased to participate in the Funds Meeting organized by RankiaPro Europe during a breakfast event in Paris on October 2nd.","robots":{"index":"index","follow":"follow","max-snippet":"max-snippet:-1","max-image-preview":"max-image-preview:large","max-video-preview":"max-video-preview:-1"},"canonical":"https:\/\/anaxis-am.com\/de\/anaxis-is-participating-in-the-rankia-europe-funds-meeting\/","og_locale":"de_DE","og_type":"article","og_title":"Anaxis is participating in the Rankia Europe Funds Meeting - Anaxis AM","og_description":"We are very pleased to participate in the Funds Meeting organized by RankiaPro Europe during a breakfast event in Paris on October 2nd.","og_url":"https:\/\/anaxis-am.com\/de\/anaxis-is-participating-in-the-rankia-europe-funds-meeting\/","og_site_name":"Anaxis AM","article_published_time":"2025-09-05T10:11:28+00:00","article_modified_time":"2025-09-05T10:25:38+00:00","og_image":[{"width":2560,"height":1879,"url":"https:\/\/anaxis-am.com\/wp-content\/uploads\/2025\/09\/Rankia-Paris-Site-1-scaled.jpg","type":"image\/jpeg"}],"author":"Anaxis AM","twitter_card":"summary_large_image","twitter_creator":"@AnaxisAM","twitter_site":"@AnaxisAM","twitter_misc":{"Verfasst von":"Anaxis AM"},"schema":{"@context":"https:\/\/schema.org","@graph":[{"@type":"Article","@id":"https:\/\/anaxis-am.com\/de\/anaxis-is-participating-in-the-rankia-europe-funds-meeting\/#article","isPartOf":{"@id":"https:\/\/anaxis-am.com\/de\/anaxis-is-participating-in-the-rankia-europe-funds-meeting\/"},"author":{"name":"Anaxis AM","@id":"https:\/\/anaxis-am.com\/fr\/#\/schema\/person\/8a0db0d83a76d63be8b28d8f9c61ad8b"},"headline":"Anaxis is participating in the Rankia Europe Funds Meeting","datePublished":"2025-09-05T10:11:28+00:00","dateModified":"2025-09-05T10:25:38+00:00","mainEntityOfPage":{"@id":"https:\/\/anaxis-am.com\/de\/anaxis-is-participating-in-the-rankia-europe-funds-meeting\/"},"wordCount":85,"publisher":{"@id":"https:\/\/anaxis-am.com\/fr\/#organization"},"image":{"@id":"https:\/\/anaxis-am.com\/de\/anaxis-is-participating-in-the-rankia-europe-funds-meeting\/#primaryimage"},"thumbnailUrl":"https:\/\/anaxis-am.com\/wp-content\/uploads\/2025\/09\/Rankia-Paris-Site-1-scaled.jpg","articleSection":["Veranstaltungen"],"inLanguage":"de"},{"@type":"WebPage","@id":"https:\/\/anaxis-am.com\/de\/anaxis-is-participating-in-the-rankia-europe-funds-meeting\/","url":"https:\/\/anaxis-am.com\/de\/anaxis-is-participating-in-the-rankia-europe-funds-meeting\/","name":"Anaxis is participating in the Rankia Europe Funds Meeting - Anaxis AM","isPartOf":{"@id":"https:\/\/anaxis-am.com\/fr\/#website"},"primaryImageOfPage":{"@id":"https:\/\/anaxis-am.com\/de\/anaxis-is-participating-in-the-rankia-europe-funds-meeting\/#primaryimage"},"image":{"@id":"https:\/\/anaxis-am.com\/de\/anaxis-is-participating-in-the-rankia-europe-funds-meeting\/#primaryimage"},"thumbnailUrl":"https:\/\/anaxis-am.com\/wp-content\/uploads\/2025\/09\/Rankia-Paris-Site-1-scaled.jpg","datePublished":"2025-09-05T10:11:28+00:00","dateModified":"2025-09-05T10:25:38+00:00","description":"We are very pleased to participate in the Funds Meeting organized by RankiaPro Europe during a breakfast event in Paris on October 2nd.","breadcrumb":{"@id":"https:\/\/anaxis-am.com\/de\/anaxis-is-participating-in-the-rankia-europe-funds-meeting\/#breadcrumb"},"inLanguage":"de","potentialAction":[{"@type":"ReadAction","target":["https:\/\/anaxis-am.com\/de\/anaxis-is-participating-in-the-rankia-europe-funds-meeting\/"]}]},{"@type":"ImageObject","inLanguage":"de","@id":"https:\/\/anaxis-am.com\/de\/anaxis-is-participating-in-the-rankia-europe-funds-meeting\/#primaryimage","url":"https:\/\/anaxis-am.com\/wp-content\/uploads\/2025\/09\/Rankia-Paris-Site-1-scaled.jpg","contentUrl":"https:\/\/anaxis-am.com\/wp-content\/uploads\/2025\/09\/Rankia-Paris-Site-1-scaled.jpg"},{"@type":"BreadcrumbList","@id":"https:\/\/anaxis-am.com\/de\/anaxis-is-participating-in-the-rankia-europe-funds-meeting\/#breadcrumb","itemListElement":[{"@type":"ListItem","position":1,"name":"Accueil","item":"https:\/\/anaxis-am.com\/de\/"},{"@type":"ListItem","position":2,"name":"Anaxis is participating in the Rankia Europe Funds Meeting"}]},{"@type":"WebSite","@id":"https:\/\/anaxis-am.com\/fr\/#website","url":"https:\/\/anaxis-am.com\/fr\/","name":"Anaxis AM","description":"Gestion d&#039;obligations corporate","publisher":{"@id":"https:\/\/anaxis-am.com\/fr\/#organization"},"potentialAction":[{"@type":"SearchAction","target":{"@type":"EntryPoint","urlTemplate":"https:\/\/anaxis-am.com\/fr\/?s={search_term_string}"},"query-input":{"@type":"PropertyValueSpecification","valueRequired":true,"valueName":"search_term_string"}}],"inLanguage":"de"},{"@type":"Organization","@id":"https:\/\/anaxis-am.com\/fr\/#organization","name":"Anaxis AM","url":"https:\/\/anaxis-am.com\/fr\/","logo":{"@type":"ImageObject","inLanguage":"de","@id":"https:\/\/anaxis-am.com\/fr\/#\/schema\/logo\/image\/","url":"https:\/\/anaxis-am.com\/wp-content\/uploads\/2023\/03\/logotype_02_noir.svg","contentUrl":"https:\/\/anaxis-am.com\/wp-content\/uploads\/2023\/03\/logotype_02_noir.svg","width":198,"height":107,"caption":"Anaxis AM"},"image":{"@id":"https:\/\/anaxis-am.com\/fr\/#\/schema\/logo\/image\/"},"sameAs":["https:\/\/x.com\/AnaxisAM","https:\/\/linkedin.com\/company\/anaxis-am"]},{"@type":"Person","@id":"https:\/\/anaxis-am.com\/fr\/#\/schema\/person\/8a0db0d83a76d63be8b28d8f9c61ad8b","name":"Anaxis AM","image":{"@type":"ImageObject","inLanguage":"de","@id":"https:\/\/anaxis-am.com\/fr\/#\/schema\/person\/image\/","url":"https:\/\/secure.gravatar.com\/avatar\/9b2b1e71fb4cd0618bc19bc8834e65c991cd8dddc53838d094f6cfb94e23a13c?s=96&d=mm&r=g","contentUrl":"https:\/\/secure.gravatar.com\/avatar\/9b2b1e71fb4cd0618bc19bc8834e65c991cd8dddc53838d094f6cfb94e23a13c?s=96&d=mm&r=g","caption":"Anaxis AM"},"url":"https:\/\/anaxis-am.com\/de\/author\/thibault-danquigny\/"}]}},"_links":{"self":[{"href":"https:\/\/anaxis-am.com\/de\/wp-json\/wp\/v2\/posts\/18106","targetHints":{"allow":["GET"]}}],"collection":[{"href":"https:\/\/anaxis-am.com\/de\/wp-json\/wp\/v2\/posts"}],"about":[{"href":"https:\/\/anaxis-am.com\/de\/wp-json\/wp\/v2\/types\/post"}],"author":[{"embeddable":true,"href":"https:\/\/anaxis-am.com\/de\/wp-json\/wp\/v2\/users\/2"}],"replies":[{"embeddable":true,"href":"https:\/\/anaxis-am.com\/de\/wp-json\/wp\/v2\/comments?post=18106"}],"version-history":[{"count":1,"href":"https:\/\/anaxis-am.com\/de\/wp-json\/wp\/v2\/posts\/18106\/revisions"}],"predecessor-version":[{"id":18107,"href":"https:\/\/anaxis-am.com\/de\/wp-json\/wp\/v2\/posts\/18106\/revisions\/18107"}],"wp:attachment":[{"href":"https:\/\/anaxis-am.com\/de\/wp-json\/wp\/v2\/media?parent=18106"}],"wp:term":[{"taxonomy":"category","embeddable":true,"href":"https:\/\/anaxis-am.com\/de\/wp-json\/wp\/v2\/categories?post=18106"},{"taxonomy":"post_tag","embeddable":true,"href":"https:\/\/anaxis-am.com\/de\/wp-json\/wp\/v2\/tags?post=18106"}],"curies":[{"name":"wp","href":"https:\/\/api.w.org\/{rel}","templated":true}]}}