{"id":14487,"date":"2021-09-17T15:22:00","date_gmt":"2021-09-17T14:22:00","guid":{"rendered":"http:\/\/www.clgj9277.odns.fr\/webinar-em-2024-rendite-nachhaltigkeit-artikel-9-und-visibilitaet\/"},"modified":"2024-01-16T10:23:29","modified_gmt":"2024-01-16T09:23:29","slug":"webinar-em-2024-rendite-nachhaltigkeit-artikel-9-und-visibilitaet","status":"publish","type":"post","link":"https:\/\/anaxis-am.com\/de\/webinar-em-2024-rendite-nachhaltigkeit-artikel-9-und-visibilitaet\/","title":{"rendered":"Webinar \/ EM 2024, Rendite, Nachhaltigkeit (Artikel 9) und Visibilit\u00e4t"},"content":{"rendered":"\n<p>ANAXIS AM freut sich, Sie zum folgenden Webinar einzuladen :<\/p>\n\n<p><strong>EM Bond Opp. 2024<br\/>Rendite, Nachhaltigkeit (Artikel 9) und Visibilit\u00e4t bei Schwellenl\u00e4nder-Unternehmensanleihen<\/strong><\/p>\n\n<p>Am Donnerstag, den 30. September 2021 um 11:00 Uhr<br\/>Dauer: 30 Minuten &#8211; Sprache: Englisch<\/p>\n\n<p><a rel=\"noreferrer noopener\" href=\"https:\/\/form.jotform.com\/AnaxisAM\/inscription-webinaire-30-septembre\" target=\"_blank\"><mark style=\"background-color:rgba(0, 0, 0, 0)\" class=\"has-inline-color has-vivid-cyan-blue-color\">HIER ZUR ANMELDUNG<\/mark><\/a><br\/>info@anaxiscapital.com<\/p>\n\n<p>Jean-Julien Goettmann, Vertriebsleiter, Maximilien Vedie, Portfoliomanager, und Pierre Giai-Levra, Leiter f\u00fcr nachhaltige Investments bei Anaxis AM, stellen den aussergew\u00f6hnlichen Ansatz des Fonds vor und erl\u00e4utern die Gr\u00fcnde, warum man heute in ihn investieren sollte.<\/p>\n\n<h4 class=\"wp-block-heading\">Eine attraktive Rendite<\/h4>\n\n<p>Der Fonds bietet im aktuellen Umfeld eine besonders attraktive Renditeerwartung mit einer differenzierten Allokation: Er w\u00e4hlt mit einem ethischen Ansatz die solidesten Unternehmen in Schwellenl\u00e4ndern aus, die in den defensivsten Sektoren t\u00e4tig sind. Der Fonds investiert nicht in Finanz- und Erd\u00f6ltitel.<\/p>\n\n<h4 class=\"wp-block-heading\">Ein nachhaltiger Fonds<\/h4>\n\n<p>Der Fonds geht die Schwellenl\u00e4nder mit einem nachhaltigen und ethischen Ansatz an. Strenge Sektorausschlusskriterien und ESG-Analysen der Emittenten sind fester Bestandteil der Strategie. Der Fonds legt gro\u00dfen Wert auf die Reduzierung der co2-Emissionen und die Achtung der Menschenrechte. Der Fonds wird als &#8222;Artikel 9&#8220;, mit dem positivsten Beitrag zu den Nachhaltigkeitszielen, eingestuft.<\/p>\n\n<h4 class=\"wp-block-heading\">Ein kontrolliertes Risiko<\/h4>\n\n<p>Die Laufzeit des Fonds, unser nachhaltiges Management, unsere vorsichtige Sektorauswahl und unsere strenge Titelselektion tragen zur Risikokontrolle bei. Der Fonds kombiniert Umsicht und Performance in einem Umfeld, in dem die \u00f6ffentliche Politik die M\u00e4rkte unterst\u00fctzt.<\/p>\n\n<div style=\"height:20px\" aria-hidden=\"true\" class=\"wp-block-spacer\"><\/div>\n\n<figure class=\"wp-block-image size-large is-style-rounded\"><img fetchpriority=\"high\" decoding=\"async\" width=\"1024\" height=\"427\" src=\"https:\/\/www.anaxis-am.com\/wp-content\/uploads\/2023\/10\/Mer-2-Finale-1024x427.jpg\" alt=\"\" class=\"wp-image-11090\" srcset=\"https:\/\/anaxis-am.com\/wp-content\/uploads\/2023\/10\/Mer-2-Finale-1024x427.jpg 1024w, https:\/\/anaxis-am.com\/wp-content\/uploads\/2023\/10\/Mer-2-Finale-300x125.jpg 300w, https:\/\/anaxis-am.com\/wp-content\/uploads\/2023\/10\/Mer-2-Finale-768x320.jpg 768w, https:\/\/anaxis-am.com\/wp-content\/uploads\/2023\/10\/Mer-2-Finale.jpg 1200w\" sizes=\"(max-width: 1024px) 100vw, 1024px\" \/><\/figure>\n","protected":false},"excerpt":{"rendered":"<p>ANAXIS AM freut sich, Sie zum folgenden Webinar einzuladen : EM Bond Opp. Rendite, Nachhaltigkeit (Artikel 9) und Visibilit\u00e4t bei Schwellenl\u00e4nder-Unternehmensanleihen Jean-Julien Goettmann, Vertriebsleiter, Maximilien Vedie, Portfoliomanager, und Pierre Giai-Levra, Leiter f\u00fcr nachhaltige Investments bei Anaxis AM, <\/p>\n","protected":false},"author":1,"featured_media":0,"comment_status":"closed","ping_status":"closed","sticky":false,"template":"elementor_theme","format":"standard","meta":{"footnotes":""},"categories":[80],"tags":[],"class_list":["post-14487","post","type-post","status-publish","format-standard","hentry","category-veranstaltungen"],"acf":[],"yoast_head":"<!-- This site is optimized with the Yoast SEO plugin v25.1 - https:\/\/yoast.com\/wordpress\/plugins\/seo\/ -->\n<title>Webinar \/ EM 2024, Rendite, Nachhaltigkeit (Artikel 9) und Visibilit\u00e4t - Anaxis AM<\/title>\n<meta name=\"robots\" content=\"index, follow, max-snippet:-1, max-image-preview:large, max-video-preview:-1\" \/>\n<link rel=\"canonical\" href=\"https:\/\/anaxis-am.com\/de\/webinar-em-2024-rendite-nachhaltigkeit-artikel-9-und-visibilitaet\/\" \/>\n<meta property=\"og:locale\" content=\"de_DE\" \/>\n<meta property=\"og:type\" content=\"article\" \/>\n<meta property=\"og:title\" content=\"Webinar \/ EM 2024, Rendite, Nachhaltigkeit (Artikel 9) und Visibilit\u00e4t - Anaxis AM\" \/>\n<meta property=\"og:description\" content=\"ANAXIS AM freut sich, Sie zum folgenden Webinar einzuladen : EM Bond Opp. Rendite, Nachhaltigkeit (Artikel 9) und Visibilit\u00e4t bei Schwellenl\u00e4nder-Unternehmensanleihen Jean-Julien Goettmann, Vertriebsleiter, Maximilien Vedie, Portfoliomanager, und Pierre Giai-Levra, Leiter f\u00fcr nachhaltige Investments bei Anaxis AM,\" \/>\n<meta property=\"og:url\" content=\"https:\/\/anaxis-am.com\/de\/webinar-em-2024-rendite-nachhaltigkeit-artikel-9-und-visibilitaet\/\" \/>\n<meta property=\"og:site_name\" content=\"Anaxis AM\" \/>\n<meta property=\"article:published_time\" content=\"2021-09-17T14:22:00+00:00\" \/>\n<meta property=\"article:modified_time\" content=\"2024-01-16T09:23:29+00:00\" \/>\n<meta property=\"og:image\" content=\"https:\/\/www.anaxis-am.com\/wp-content\/uploads\/2023\/10\/Mer-2-Finale-1024x427.jpg\" \/>\n<meta name=\"author\" content=\"AnaxisAM\" \/>\n<meta name=\"twitter:card\" content=\"summary_large_image\" \/>\n<meta name=\"twitter:creator\" content=\"@AnaxisAM\" \/>\n<meta name=\"twitter:site\" content=\"@AnaxisAM\" \/>\n<meta name=\"twitter:label1\" content=\"Verfasst von\" \/>\n\t<meta name=\"twitter:data1\" content=\"AnaxisAM\" \/>\n\t<meta name=\"twitter:label2\" content=\"Gesch\u00e4tzte Lesezeit\" \/>\n\t<meta name=\"twitter:data2\" content=\"1\u00a0Minute\" \/>\n<script type=\"application\/ld+json\" class=\"yoast-schema-graph\">{\"@context\":\"https:\/\/schema.org\",\"@graph\":[{\"@type\":\"Article\",\"@id\":\"https:\/\/anaxis-am.com\/de\/webinar-em-2024-rendite-nachhaltigkeit-artikel-9-und-visibilitaet\/#article\",\"isPartOf\":{\"@id\":\"https:\/\/anaxis-am.com\/de\/webinar-em-2024-rendite-nachhaltigkeit-artikel-9-und-visibilitaet\/\"},\"author\":{\"name\":\"AnaxisAM\",\"@id\":\"https:\/\/anaxis-am.com\/fr\/#\/schema\/person\/3693d39385f248475b195921abd32f5b\"},\"headline\":\"Webinar \/ EM 2024, Rendite, Nachhaltigkeit (Artikel 9) und Visibilit\u00e4t\",\"datePublished\":\"2021-09-17T14:22:00+00:00\",\"dateModified\":\"2024-01-16T09:23:29+00:00\",\"mainEntityOfPage\":{\"@id\":\"https:\/\/anaxis-am.com\/de\/webinar-em-2024-rendite-nachhaltigkeit-artikel-9-und-visibilitaet\/\"},\"wordCount\":228,\"publisher\":{\"@id\":\"https:\/\/anaxis-am.com\/fr\/#organization\"},\"image\":{\"@id\":\"https:\/\/anaxis-am.com\/de\/webinar-em-2024-rendite-nachhaltigkeit-artikel-9-und-visibilitaet\/#primaryimage\"},\"thumbnailUrl\":\"https:\/\/www.anaxis-am.com\/wp-content\/uploads\/2023\/10\/Mer-2-Finale-1024x427.jpg\",\"articleSection\":[\"Veranstaltungen\"],\"inLanguage\":\"de\"},{\"@type\":\"WebPage\",\"@id\":\"https:\/\/anaxis-am.com\/de\/webinar-em-2024-rendite-nachhaltigkeit-artikel-9-und-visibilitaet\/\",\"url\":\"https:\/\/anaxis-am.com\/de\/webinar-em-2024-rendite-nachhaltigkeit-artikel-9-und-visibilitaet\/\",\"name\":\"Webinar \/ EM 2024, Rendite, Nachhaltigkeit (Artikel 9) und Visibilit\u00e4t - Anaxis AM\",\"isPartOf\":{\"@id\":\"https:\/\/anaxis-am.com\/fr\/#website\"},\"primaryImageOfPage\":{\"@id\":\"https:\/\/anaxis-am.com\/de\/webinar-em-2024-rendite-nachhaltigkeit-artikel-9-und-visibilitaet\/#primaryimage\"},\"image\":{\"@id\":\"https:\/\/anaxis-am.com\/de\/webinar-em-2024-rendite-nachhaltigkeit-artikel-9-und-visibilitaet\/#primaryimage\"},\"thumbnailUrl\":\"https:\/\/www.anaxis-am.com\/wp-content\/uploads\/2023\/10\/Mer-2-Finale-1024x427.jpg\",\"datePublished\":\"2021-09-17T14:22:00+00:00\",\"dateModified\":\"2024-01-16T09:23:29+00:00\",\"breadcrumb\":{\"@id\":\"https:\/\/anaxis-am.com\/de\/webinar-em-2024-rendite-nachhaltigkeit-artikel-9-und-visibilitaet\/#breadcrumb\"},\"inLanguage\":\"de\",\"potentialAction\":[{\"@type\":\"ReadAction\",\"target\":[\"https:\/\/anaxis-am.com\/de\/webinar-em-2024-rendite-nachhaltigkeit-artikel-9-und-visibilitaet\/\"]}]},{\"@type\":\"ImageObject\",\"inLanguage\":\"de\",\"@id\":\"https:\/\/anaxis-am.com\/de\/webinar-em-2024-rendite-nachhaltigkeit-artikel-9-und-visibilitaet\/#primaryimage\",\"url\":\"https:\/\/www.anaxis-am.com\/wp-content\/uploads\/2023\/10\/Mer-2-Finale-1024x427.jpg\",\"contentUrl\":\"https:\/\/www.anaxis-am.com\/wp-content\/uploads\/2023\/10\/Mer-2-Finale-1024x427.jpg\"},{\"@type\":\"BreadcrumbList\",\"@id\":\"https:\/\/anaxis-am.com\/de\/webinar-em-2024-rendite-nachhaltigkeit-artikel-9-und-visibilitaet\/#breadcrumb\",\"itemListElement\":[{\"@type\":\"ListItem\",\"position\":1,\"name\":\"Accueil\",\"item\":\"https:\/\/anaxis-am.com\/de\/\"},{\"@type\":\"ListItem\",\"position\":2,\"name\":\"Webinar \/ EM 2024, Rendite, Nachhaltigkeit (Artikel 9) und Visibilit\u00e4t\"}]},{\"@type\":\"WebSite\",\"@id\":\"https:\/\/anaxis-am.com\/fr\/#website\",\"url\":\"https:\/\/anaxis-am.com\/fr\/\",\"name\":\"Anaxis AM\",\"description\":\"Gestion d&#039;obligations corporate\",\"publisher\":{\"@id\":\"https:\/\/anaxis-am.com\/fr\/#organization\"},\"potentialAction\":[{\"@type\":\"SearchAction\",\"target\":{\"@type\":\"EntryPoint\",\"urlTemplate\":\"https:\/\/anaxis-am.com\/fr\/?s={search_term_string}\"},\"query-input\":{\"@type\":\"PropertyValueSpecification\",\"valueRequired\":true,\"valueName\":\"search_term_string\"}}],\"inLanguage\":\"de\"},{\"@type\":\"Organization\",\"@id\":\"https:\/\/anaxis-am.com\/fr\/#organization\",\"name\":\"Anaxis AM\",\"url\":\"https:\/\/anaxis-am.com\/fr\/\",\"logo\":{\"@type\":\"ImageObject\",\"inLanguage\":\"de\",\"@id\":\"https:\/\/anaxis-am.com\/fr\/#\/schema\/logo\/image\/\",\"url\":\"https:\/\/anaxis-am.com\/wp-content\/uploads\/2023\/03\/logotype_02_noir.svg\",\"contentUrl\":\"https:\/\/anaxis-am.com\/wp-content\/uploads\/2023\/03\/logotype_02_noir.svg\",\"width\":198,\"height\":107,\"caption\":\"Anaxis AM\"},\"image\":{\"@id\":\"https:\/\/anaxis-am.com\/fr\/#\/schema\/logo\/image\/\"},\"sameAs\":[\"https:\/\/x.com\/AnaxisAM\",\"https:\/\/linkedin.com\/company\/anaxis-am\"]},{\"@type\":\"Person\",\"@id\":\"https:\/\/anaxis-am.com\/fr\/#\/schema\/person\/3693d39385f248475b195921abd32f5b\",\"name\":\"AnaxisAM\",\"image\":{\"@type\":\"ImageObject\",\"inLanguage\":\"de\",\"@id\":\"https:\/\/anaxis-am.com\/fr\/#\/schema\/person\/image\/\",\"url\":\"https:\/\/secure.gravatar.com\/avatar\/86a9ab440a4eb7e6d9a3e117ee323254c980a8336bfd51cc939d2f01313c7f69?s=96&d=mm&r=g\",\"contentUrl\":\"https:\/\/secure.gravatar.com\/avatar\/86a9ab440a4eb7e6d9a3e117ee323254c980a8336bfd51cc939d2f01313c7f69?s=96&d=mm&r=g\",\"caption\":\"AnaxisAM\"},\"sameAs\":[\"https:\/\/www.anaxis-am.com\"],\"url\":\"https:\/\/anaxis-am.com\/de\/author\/anaxisam\/\"}]}<\/script>\n<!-- \/ Yoast SEO plugin. -->","yoast_head_json":{"title":"Webinar \/ EM 2024, Rendite, Nachhaltigkeit (Artikel 9) und Visibilit\u00e4t - Anaxis AM","robots":{"index":"index","follow":"follow","max-snippet":"max-snippet:-1","max-image-preview":"max-image-preview:large","max-video-preview":"max-video-preview:-1"},"canonical":"https:\/\/anaxis-am.com\/de\/webinar-em-2024-rendite-nachhaltigkeit-artikel-9-und-visibilitaet\/","og_locale":"de_DE","og_type":"article","og_title":"Webinar \/ EM 2024, Rendite, Nachhaltigkeit (Artikel 9) und Visibilit\u00e4t - Anaxis AM","og_description":"ANAXIS AM freut sich, Sie zum folgenden Webinar einzuladen : EM Bond Opp. Rendite, Nachhaltigkeit (Artikel 9) und Visibilit\u00e4t bei Schwellenl\u00e4nder-Unternehmensanleihen Jean-Julien Goettmann, Vertriebsleiter, Maximilien Vedie, Portfoliomanager, und Pierre Giai-Levra, Leiter f\u00fcr nachhaltige Investments bei Anaxis AM,","og_url":"https:\/\/anaxis-am.com\/de\/webinar-em-2024-rendite-nachhaltigkeit-artikel-9-und-visibilitaet\/","og_site_name":"Anaxis AM","article_published_time":"2021-09-17T14:22:00+00:00","article_modified_time":"2024-01-16T09:23:29+00:00","og_image":[{"url":"https:\/\/www.anaxis-am.com\/wp-content\/uploads\/2023\/10\/Mer-2-Finale-1024x427.jpg","type":"","width":"","height":""}],"author":"AnaxisAM","twitter_card":"summary_large_image","twitter_creator":"@AnaxisAM","twitter_site":"@AnaxisAM","twitter_misc":{"Verfasst von":"AnaxisAM","Gesch\u00e4tzte Lesezeit":"1\u00a0Minute"},"schema":{"@context":"https:\/\/schema.org","@graph":[{"@type":"Article","@id":"https:\/\/anaxis-am.com\/de\/webinar-em-2024-rendite-nachhaltigkeit-artikel-9-und-visibilitaet\/#article","isPartOf":{"@id":"https:\/\/anaxis-am.com\/de\/webinar-em-2024-rendite-nachhaltigkeit-artikel-9-und-visibilitaet\/"},"author":{"name":"AnaxisAM","@id":"https:\/\/anaxis-am.com\/fr\/#\/schema\/person\/3693d39385f248475b195921abd32f5b"},"headline":"Webinar \/ EM 2024, Rendite, Nachhaltigkeit (Artikel 9) und Visibilit\u00e4t","datePublished":"2021-09-17T14:22:00+00:00","dateModified":"2024-01-16T09:23:29+00:00","mainEntityOfPage":{"@id":"https:\/\/anaxis-am.com\/de\/webinar-em-2024-rendite-nachhaltigkeit-artikel-9-und-visibilitaet\/"},"wordCount":228,"publisher":{"@id":"https:\/\/anaxis-am.com\/fr\/#organization"},"image":{"@id":"https:\/\/anaxis-am.com\/de\/webinar-em-2024-rendite-nachhaltigkeit-artikel-9-und-visibilitaet\/#primaryimage"},"thumbnailUrl":"https:\/\/www.anaxis-am.com\/wp-content\/uploads\/2023\/10\/Mer-2-Finale-1024x427.jpg","articleSection":["Veranstaltungen"],"inLanguage":"de"},{"@type":"WebPage","@id":"https:\/\/anaxis-am.com\/de\/webinar-em-2024-rendite-nachhaltigkeit-artikel-9-und-visibilitaet\/","url":"https:\/\/anaxis-am.com\/de\/webinar-em-2024-rendite-nachhaltigkeit-artikel-9-und-visibilitaet\/","name":"Webinar \/ EM 2024, Rendite, Nachhaltigkeit (Artikel 9) und Visibilit\u00e4t - Anaxis AM","isPartOf":{"@id":"https:\/\/anaxis-am.com\/fr\/#website"},"primaryImageOfPage":{"@id":"https:\/\/anaxis-am.com\/de\/webinar-em-2024-rendite-nachhaltigkeit-artikel-9-und-visibilitaet\/#primaryimage"},"image":{"@id":"https:\/\/anaxis-am.com\/de\/webinar-em-2024-rendite-nachhaltigkeit-artikel-9-und-visibilitaet\/#primaryimage"},"thumbnailUrl":"https:\/\/www.anaxis-am.com\/wp-content\/uploads\/2023\/10\/Mer-2-Finale-1024x427.jpg","datePublished":"2021-09-17T14:22:00+00:00","dateModified":"2024-01-16T09:23:29+00:00","breadcrumb":{"@id":"https:\/\/anaxis-am.com\/de\/webinar-em-2024-rendite-nachhaltigkeit-artikel-9-und-visibilitaet\/#breadcrumb"},"inLanguage":"de","potentialAction":[{"@type":"ReadAction","target":["https:\/\/anaxis-am.com\/de\/webinar-em-2024-rendite-nachhaltigkeit-artikel-9-und-visibilitaet\/"]}]},{"@type":"ImageObject","inLanguage":"de","@id":"https:\/\/anaxis-am.com\/de\/webinar-em-2024-rendite-nachhaltigkeit-artikel-9-und-visibilitaet\/#primaryimage","url":"https:\/\/www.anaxis-am.com\/wp-content\/uploads\/2023\/10\/Mer-2-Finale-1024x427.jpg","contentUrl":"https:\/\/www.anaxis-am.com\/wp-content\/uploads\/2023\/10\/Mer-2-Finale-1024x427.jpg"},{"@type":"BreadcrumbList","@id":"https:\/\/anaxis-am.com\/de\/webinar-em-2024-rendite-nachhaltigkeit-artikel-9-und-visibilitaet\/#breadcrumb","itemListElement":[{"@type":"ListItem","position":1,"name":"Accueil","item":"https:\/\/anaxis-am.com\/de\/"},{"@type":"ListItem","position":2,"name":"Webinar \/ EM 2024, Rendite, Nachhaltigkeit (Artikel 9) und Visibilit\u00e4t"}]},{"@type":"WebSite","@id":"https:\/\/anaxis-am.com\/fr\/#website","url":"https:\/\/anaxis-am.com\/fr\/","name":"Anaxis AM","description":"Gestion d&#039;obligations corporate","publisher":{"@id":"https:\/\/anaxis-am.com\/fr\/#organization"},"potentialAction":[{"@type":"SearchAction","target":{"@type":"EntryPoint","urlTemplate":"https:\/\/anaxis-am.com\/fr\/?s={search_term_string}"},"query-input":{"@type":"PropertyValueSpecification","valueRequired":true,"valueName":"search_term_string"}}],"inLanguage":"de"},{"@type":"Organization","@id":"https:\/\/anaxis-am.com\/fr\/#organization","name":"Anaxis AM","url":"https:\/\/anaxis-am.com\/fr\/","logo":{"@type":"ImageObject","inLanguage":"de","@id":"https:\/\/anaxis-am.com\/fr\/#\/schema\/logo\/image\/","url":"https:\/\/anaxis-am.com\/wp-content\/uploads\/2023\/03\/logotype_02_noir.svg","contentUrl":"https:\/\/anaxis-am.com\/wp-content\/uploads\/2023\/03\/logotype_02_noir.svg","width":198,"height":107,"caption":"Anaxis AM"},"image":{"@id":"https:\/\/anaxis-am.com\/fr\/#\/schema\/logo\/image\/"},"sameAs":["https:\/\/x.com\/AnaxisAM","https:\/\/linkedin.com\/company\/anaxis-am"]},{"@type":"Person","@id":"https:\/\/anaxis-am.com\/fr\/#\/schema\/person\/3693d39385f248475b195921abd32f5b","name":"AnaxisAM","image":{"@type":"ImageObject","inLanguage":"de","@id":"https:\/\/anaxis-am.com\/fr\/#\/schema\/person\/image\/","url":"https:\/\/secure.gravatar.com\/avatar\/86a9ab440a4eb7e6d9a3e117ee323254c980a8336bfd51cc939d2f01313c7f69?s=96&d=mm&r=g","contentUrl":"https:\/\/secure.gravatar.com\/avatar\/86a9ab440a4eb7e6d9a3e117ee323254c980a8336bfd51cc939d2f01313c7f69?s=96&d=mm&r=g","caption":"AnaxisAM"},"sameAs":["https:\/\/www.anaxis-am.com"],"url":"https:\/\/anaxis-am.com\/de\/author\/anaxisam\/"}]}},"_links":{"self":[{"href":"https:\/\/anaxis-am.com\/de\/wp-json\/wp\/v2\/posts\/14487","targetHints":{"allow":["GET"]}}],"collection":[{"href":"https:\/\/anaxis-am.com\/de\/wp-json\/wp\/v2\/posts"}],"about":[{"href":"https:\/\/anaxis-am.com\/de\/wp-json\/wp\/v2\/types\/post"}],"author":[{"embeddable":true,"href":"https:\/\/anaxis-am.com\/de\/wp-json\/wp\/v2\/users\/1"}],"replies":[{"embeddable":true,"href":"https:\/\/anaxis-am.com\/de\/wp-json\/wp\/v2\/comments?post=14487"}],"version-history":[{"count":2,"href":"https:\/\/anaxis-am.com\/de\/wp-json\/wp\/v2\/posts\/14487\/revisions"}],"predecessor-version":[{"id":14492,"href":"https:\/\/anaxis-am.com\/de\/wp-json\/wp\/v2\/posts\/14487\/revisions\/14492"}],"wp:attachment":[{"href":"https:\/\/anaxis-am.com\/de\/wp-json\/wp\/v2\/media?parent=14487"}],"wp:term":[{"taxonomy":"category","embeddable":true,"href":"https:\/\/anaxis-am.com\/de\/wp-json\/wp\/v2\/categories?post=14487"},{"taxonomy":"post_tag","embeddable":true,"href":"https:\/\/anaxis-am.com\/de\/wp-json\/wp\/v2\/tags?post=14487"}],"curies":[{"name":"wp","href":"https:\/\/api.w.org\/{rel}","templated":true}]}}